{"id":126065,"date":"2024-10-03T13:19:57","date_gmt":"2024-10-03T13:19:57","guid":{"rendered":"https:\/\/enolife.com.ar\/es\/?p=126065"},"modified":"2024-10-04T12:17:03","modified_gmt":"2024-10-04T12:17:03","slug":"heladas-esta-madrugada-en-el-valle-de-uco-la-temperatura-llego-a-3-grados-bajo-cero","status":"publish","type":"post","link":"https:\/\/enolife.com.ar\/es\/heladas-esta-madrugada-en-el-valle-de-uco-la-temperatura-llego-a-3-grados-bajo-cero\/","title":{"rendered":"Heladas esta madrugada en el Valle de Uco: la temperatura lleg\u00f3 a 3 grados bajo cero"},"content":{"rendered":"\n<h4 class=\"wp-block-heading\"><em><strong>Como estaba previsto por los meteor\u00f3logos, el amanecer de este jueves 3\/10\/24 fue complicado para los productores de extensas zonas de Tupungato, Tunuy\u00e1n y San Carlos, porque se registraron las temidas heladas tard\u00edas de primavera. Desde muy temprano, incluso desde anoche, los finqueros realizaron defensas activas y pasivas contra el fen\u00f3meno, por ejemplo encendiendo fuegos con le\u00f1a, carb\u00f3n y otros combustibles dispuestos en los tradicionales tachos. Las consecuencias y el porcentaje de da\u00f1os se conocer\u00e1n en los pr\u00f3ximos d\u00edas<\/strong><\/em><strong><em>.<\/em><\/strong><\/h4>\n\n\n\n<div style=\"height:35px\" aria-hidden=\"true\" class=\"wp-block-spacer\"><\/div>\n\n\n\n\n\n<div style=\"height:45px\" aria-hidden=\"true\" class=\"wp-block-spacer\"><\/div>\n\n\n\n<p>El distrito de Tres Esquinas, en San Carlos, fue el lugar donde se registr\u00f3 la temperatura m\u00e1s baja, con -3\u00b0 C. La madrugada de este jueves han sido horas complicadas para el sector productivo del Valle de Uco, debido a las heladas que se registraron durante las primeras horas del d\u00eda, como estaba anunciado.<\/p>\n\n\n\n<div style=\"height:30px\" aria-hidden=\"true\" class=\"wp-block-spacer\"><\/div>\n\n\n<div class=\"wp-block-image\">\n<figure class=\"aligncenter is-resized\"><a href=\"https:\/\/www.elcucodigital.com\/wp-content\/uploads\/2024\/10\/WhatsApp-Image-2024-10-03-at-7.53.23-AM.jpeg\" data-rel=\"penci-gallery-image-content\" ><img loading=\"lazy\" decoding=\"async\" src=\"https:\/\/www.elcucodigital.com\/wp-content\/uploads\/2024\/10\/WhatsApp-Image-2024-10-03-at-7.53.23-AM-675x334.jpeg\" alt=\"\" class=\"wp-image-388105\" width=\"583\" height=\"288\"\/><\/a><\/figure><\/div>\n\n\n<div style=\"height:30px\" aria-hidden=\"true\" class=\"wp-block-spacer\"><\/div>\n\n\n\n<p>Los productores de duraznos, cerezas, ciruelas, manzanas, peras y uvas realizaron defensas pasivas y activas para intentar mitigar los da\u00f1os ocasionados por las bajas temperaturas.<\/p>\n\n\n\n<div style=\"height:35px\" aria-hidden=\"true\" class=\"wp-block-spacer\"><\/div>\n\n\n\n<p class=\"has-medium-font-size\"><strong>Los datos aportados por Contingencias Clim\u00e1ticas<\/strong><\/p>\n\n\n\n<p>Desde el departamento de <strong>Contingencias Clim\u00e1ticas<\/strong> del gobierno local en <strong>Valle de Uco<\/strong>, se inform\u00f3 que las temperaturas que se registraron hoy llegaron a los <strong>3 grados bajo cero<\/strong> y que la zona m\u00e1s fr\u00eda fue <strong>Tres Esquinas<\/strong>, en el departamento de <strong>San Carlos.<\/strong><\/p>\n\n\n\n<ul class=\"wp-block-list\">\n<li><strong>Tres Esquinas: <\/strong>&#8211;<strong>3 grados.<\/strong><\/li>\n\n\n\n<li><strong>Tunuy\u00e1n Centro: -2,5 grados.<\/strong><\/li>\n\n\n\n<li><strong>Vista Flores: -1,7 grados.<\/strong><\/li>\n\n\n\n<li><strong>El Cepillo: -0,1 grados<\/strong>.<\/li>\n\n\n\n<li><strong>La Consulta: -0,5 grados.<\/strong><\/li>\n\n\n\n<li><strong>Agua Amarga: 1,4 grados.<\/strong><\/li>\n\n\n\n<li><strong>El Peral: 1,5 grados.<\/strong><\/li>\n\n\n\n<li><strong>Dubois: 2 grados.<\/strong><\/li>\n<\/ul>\n\n\n\n<div style=\"height:18px\" aria-hidden=\"true\" class=\"wp-block-spacer\"><\/div>\n\n\n\n<p class=\"has-small-font-size\"><em><strong>Fuente: El Cuco Digital<\/strong><\/em><\/p>\n\n\n\n<div style=\"height:24px\" aria-hidden=\"true\" class=\"wp-block-spacer\"><\/div>\n","protected":false},"excerpt":{"rendered":"<p>Como estaba previsto por los meteor\u00f3logos, el amanecer de este jueves 3\/10\/24 fue complicado para&hellip;<\/p>\n","protected":false},"author":3,"featured_media":126071,"comment_status":"open","ping_status":"open","sticky":false,"template":"","format":"standard","meta":{"footnotes":""},"categories":[14],"tags":[],"class_list":["post-126065","post","type-post","status-publish","format-standard","has-post-thumbnail","hentry","category-news"],"_links":{"self":[{"href":"https:\/\/enolife.com.ar\/es\/wp-json\/wp\/v2\/posts\/126065","targetHints":{"allow":["GET"]}}],"collection":[{"href":"https:\/\/enolife.com.ar\/es\/wp-json\/wp\/v2\/posts"}],"about":[{"href":"https:\/\/enolife.com.ar\/es\/wp-json\/wp\/v2\/types\/post"}],"author":[{"embeddable":true,"href":"https:\/\/enolife.com.ar\/es\/wp-json\/wp\/v2\/users\/3"}],"replies":[{"embeddable":true,"href":"https:\/\/enolife.com.ar\/es\/wp-json\/wp\/v2\/comments?post=126065"}],"version-history":[{"count":0,"href":"https:\/\/enolife.com.ar\/es\/wp-json\/wp\/v2\/posts\/126065\/revisions"}],"wp:featuredmedia":[{"embeddable":true,"href":"https:\/\/enolife.com.ar\/es\/wp-json\/wp\/v2\/media\/126071"}],"wp:attachment":[{"href":"https:\/\/enolife.com.ar\/es\/wp-json\/wp\/v2\/media?parent=126065"}],"wp:term":[{"taxonomy":"category","embeddable":true,"href":"https:\/\/enolife.com.ar\/es\/wp-json\/wp\/v2\/categories?post=126065"},{"taxonomy":"post_tag","embeddable":true,"href":"https:\/\/enolife.com.ar\/es\/wp-json\/wp\/v2\/tags?post=126065"}],"curies":[{"name":"wp","href":"https:\/\/api.w.org\/{rel}","templated":true}]}}