{"id":125678,"date":"2024-10-01T00:09:51","date_gmt":"2024-10-01T00:09:51","guid":{"rendered":"https:\/\/enolife.com.ar\/es\/?p=125678"},"modified":"2024-10-01T13:49:20","modified_gmt":"2024-10-01T13:49:20","slug":"el-senado-tratara-un-proyecto-de-una-legisladora-mendocina-para-extender-la-lucha-contra-la-lobesia","status":"publish","type":"post","link":"https:\/\/enolife.com.ar\/es\/el-senado-tratara-un-proyecto-de-una-legisladora-mendocina-para-extender-la-lucha-contra-la-lobesia\/","title":{"rendered":"El Senado tratar\u00e1 un proyecto de una legisladora mendocina para extender la lucha contra la lobesia"},"content":{"rendered":"\n<h4 class=\"wp-block-heading\"><em><strong>La senadora nacional peronista Anabel Fern\u00e1ndez Sagasti propuso una iniciativa para que el gobierno argentino contin\u00fae asignando fondos para combatir la da\u00f1ina plaga de la polilla de la vid, que afecta a las vi\u00f1as de Mendoza y otras provincias argentinas. Su proyecto, que fue recibido para ser tratado en la pr\u00f3xima sesi\u00f3n del Senado, busca extender los beneficios de la ley 27.227, oportunamente declarada de inter\u00e9s nacional pero cuyo alcance caduc\u00f3 en 2019. Seg\u00fan la representante mendocina, la campa\u00f1a 2024\/2025, que deber\u00eda iniciarse antes de finales de octubre, tendr\u00e1 un costo de $13.000 millones de pesos y deber\u00eda ser asumido por el gobierno a trav\u00e9s del Servicio Nacional de Sanidad y Calidad Agroalimentaria (Senasa).<\/strong><\/em><\/h4>\n\n\n\n<div style=\"height:35px\" aria-hidden=\"true\" class=\"wp-block-spacer\"><\/div>\n\n\n\n\n\n<div style=\"height:45px\" aria-hidden=\"true\" class=\"wp-block-spacer\"><\/div>\n\n\n\n<p>El proyecto de la senadora nacional mendocina <strong>Anabel Fern\u00e1ndez Sagasti<\/strong> busca presionar al gobierno nacional para que extienda la obligatoriedad, establecida por una ley que dej\u00f3 de tener vigencia en 2019, de asistir financieramente a <strong>Mendoza<\/strong> y otras provincias para continuar la lucha contra la polilla de la vid. Seg\u00fan comunic\u00f3 la representante, al ser aceptada su \u00abmoci\u00f3n de preferencia\u00bb, el Senado deber\u00e1 tratar su propuesta en la pr\u00f3xima sesi\u00f3n. <\/p>\n\n\n\n<p>El proyecto tiene como objetivo extender los beneficios de la ley 27.227 que declaraba de inter\u00e9s nacional el combate a la Lobesia Botrana. Se calcula que el costo para la campa\u00f1a contra la polilla de la Vid en la temporada 2024\/2025 tendr\u00e1 un costo de $13.000 millones. La senadora sostuvo que es la Naci\u00f3n la que debe hacerse cargo porque fue el Senasa (organismo Nacional) tuvo responsabilidad al dejar ingresar una m\u00e1quina de Chile infectada, originando esta plaga en Mendoza y San Juan.<\/p>\n\n\n\n<div style=\"height:20px\" aria-hidden=\"true\" class=\"wp-block-spacer\"><\/div>\n\n\n\n<blockquote class=\"wp-block-quote is-layout-flow wp-block-quote-is-layout-flow\">\n<p>Los productores mendocinos y sanjuaninos no s\u00f3lo tienen que lidiar con las heladas y el granizo, sino tambi\u00e9n con la polilla, que puede comerse hasta el 50% de la producci\u00f3n de vid\u00bb.<\/p>\n<cite>Anabel Fern\u00e1ndez Sagasti, senadora nacional por Mendoza<\/cite><\/blockquote>\n\n\n\n<div style=\"height:20px\" aria-hidden=\"true\" class=\"wp-block-spacer\"><\/div>\n\n\n\n<p>La ley 27.227 venci\u00f3 en 2019, pero durante la \u00faltima gesti\u00f3n del gobierno nacional se colabor\u00f3 con la lucha contra la Lobesia Botrana pese a no existir una obligaci\u00f3n legal. <em>\u00abSin embargo<\/em> -expres\u00f3 Fern\u00e1ndez Sagasti- <em>ahora la ayuda es nula y el tiempo apremia.\u00bb <\/em><\/p>\n\n\n\n<p><em>\u00abLos productores de Mendoza y San Juan hoy est\u00e1n a la deriva. Resulta extra\u00f1o que hasta hace pocos meses, cuando a nivel nacional gobernaba el peronismo, si la Naci\u00f3n se demoraba 15 d\u00edas en mandar los fondos el Gobierno de Mendoza empezaba a hablar de discriminaci\u00f3n y Mendoexit, pero ahora acepta en silencio el no hay plata. Est\u00e1n arrodillados esperando a que nos coman las polillas, literalmente\u00bb<\/em>, critic\u00f3 la senadora.<\/p>\n\n\n\n<p><em>\u00abEstamos hablando de cuidar la producci\u00f3n, el trabajo y las exportaciones de Mendoza. Le pido a los legisladores, sobre todo a los que representan a nuestras provincias, que nos ayuden a que el Gobierno Nacional tenga la obligaci\u00f3n legal de colaborar con la lucha contra la polilla de la Vid\u00bb<\/em>, concluy\u00f3.<\/p>\n\n\n\n<div style=\"height:30px\" aria-hidden=\"true\" class=\"wp-block-spacer\"><\/div>\n","protected":false},"excerpt":{"rendered":"<p>La senadora nacional peronista Anabel Fern\u00e1ndez Sagasti propuso una iniciativa para que el gobierno argentino&hellip;<\/p>\n","protected":false},"author":3,"featured_media":125689,"comment_status":"open","ping_status":"open","sticky":false,"template":"","format":"standard","meta":{"footnotes":""},"categories":[56,14],"tags":[],"class_list":["post-125678","post","type-post","status-publish","format-standard","has-post-thumbnail","hentry","category-destacado","category-news"],"_links":{"self":[{"href":"https:\/\/enolife.com.ar\/es\/wp-json\/wp\/v2\/posts\/125678","targetHints":{"allow":["GET"]}}],"collection":[{"href":"https:\/\/enolife.com.ar\/es\/wp-json\/wp\/v2\/posts"}],"about":[{"href":"https:\/\/enolife.com.ar\/es\/wp-json\/wp\/v2\/types\/post"}],"author":[{"embeddable":true,"href":"https:\/\/enolife.com.ar\/es\/wp-json\/wp\/v2\/users\/3"}],"replies":[{"embeddable":true,"href":"https:\/\/enolife.com.ar\/es\/wp-json\/wp\/v2\/comments?post=125678"}],"version-history":[{"count":0,"href":"https:\/\/enolife.com.ar\/es\/wp-json\/wp\/v2\/posts\/125678\/revisions"}],"wp:featuredmedia":[{"embeddable":true,"href":"https:\/\/enolife.com.ar\/es\/wp-json\/wp\/v2\/media\/125689"}],"wp:attachment":[{"href":"https:\/\/enolife.com.ar\/es\/wp-json\/wp\/v2\/media?parent=125678"}],"wp:term":[{"taxonomy":"category","embeddable":true,"href":"https:\/\/enolife.com.ar\/es\/wp-json\/wp\/v2\/categories?post=125678"},{"taxonomy":"post_tag","embeddable":true,"href":"https:\/\/enolife.com.ar\/es\/wp-json\/wp\/v2\/tags?post=125678"}],"curies":[{"name":"wp","href":"https:\/\/api.w.org\/{rel}","templated":true}]}}