{"id":125610,"date":"2024-09-30T15:21:06","date_gmt":"2024-09-30T15:21:06","guid":{"rendered":"https:\/\/enolife.com.ar\/es\/?p=125610"},"modified":"2024-10-02T20:21:17","modified_gmt":"2024-10-02T20:21:17","slug":"la-enologa-y-bodeguera-mendocina-susana-balbo-ingreso-al-salon-de-la-fama-mundial-del-vino","status":"publish","type":"post","link":"https:\/\/enolife.com.ar\/es\/la-enologa-y-bodeguera-mendocina-susana-balbo-ingreso-al-salon-de-la-fama-mundial-del-vino\/","title":{"rendered":"La en\u00f3loga y bodeguera mendocina Susana Balbo ingres\u00f3 al Sal\u00f3n de la Fama mundial del vino"},"content":{"rendered":"\n<h4 class=\"wp-block-heading\"><em><strong>La empresaria mendocina, primera en\u00f3loga de Argentina, fundadora de las bodegas y hoteles con su marca, tambi\u00e9n diputada nacional de Cambiemos por esta provincia hasta 2018, acaba de ser incorporada al Decanter Hall of Fame 2024 de la influyente revista vitivin\u00edcola brit\u00e1nica. La publicaci\u00f3n destaca su lucha por el empoderamiento de las mujeres en la industria y su condici\u00f3n de ejemplo para varias generaciones. Una historia de coraje y pasi\u00f3n por el vino<\/strong><\/em><strong><em>.<\/em><\/strong><\/h4>\n\n\n\n<div style=\"height:35px\" aria-hidden=\"true\" class=\"wp-block-spacer\"><\/div>\n\n\n<a href=\"https:\/\/grupoaltasur.com\/\" aria-label=\"1700-500px\"><img loading=\"lazy\" decoding=\"async\" src=\"https:\/\/enolife.com.ar\/es\/wp-content\/uploads\/2021\/01\/1700-500px.jpg\" alt=\"\"  srcset=\"https:\/\/enolife.com.ar\/es\/wp-content\/uploads\/2021\/01\/1700-500px.jpg 1700w, https:\/\/enolife.com.ar\/es\/wp-content\/uploads\/2021\/01\/1700-500px-300x88.jpg 300w, https:\/\/enolife.com.ar\/es\/wp-content\/uploads\/2021\/01\/1700-500px-1024x301.jpg 1024w, https:\/\/enolife.com.ar\/es\/wp-content\/uploads\/2021\/01\/1700-500px-768x226.jpg 768w, https:\/\/enolife.com.ar\/es\/wp-content\/uploads\/2021\/01\/1700-500px-1536x452.jpg 1536w, https:\/\/enolife.com.ar\/es\/wp-content\/uploads\/2021\/01\/1700-500px-1170x344.jpg 1170w, https:\/\/enolife.com.ar\/es\/wp-content\/uploads\/2021\/01\/1700-500px-585x172.jpg 585w\" sizes=\"auto, (max-width: 1700px) 100vw, 1700px\" width=\"1700\" height=\"500\"   \/><\/a>\n\n\n<div style=\"height:45px\" aria-hidden=\"true\" class=\"wp-block-spacer\"><\/div>\n\n\n\n<p><strong>Susana Balbo<\/strong>, la primera mujer en\u00f3loga de <strong>Argentina<\/strong> y fundadora de la bodega que lleva su nombre, acaba de ser distinguida con el <strong>Decanter Hall of Fame 2024<\/strong>, uno de los mayores reconocimientos a actores del mundo del vino a nivel global, otorgado anualmente por la revista <strong>Decanter<\/strong> de <strong>Gran Breta\u00f1a.&nbsp;<\/strong><\/p>\n\n\n<div class=\"wp-block-image\">\n<figure class=\"alignleft size-large is-resized\"><a href=\"https:\/\/enolife.com.ar\/es\/wp-content\/uploads\/2024\/09\/WhatsApp-Image-2024-09-30-at-10.26.38.jpeg\" data-rel=\"penci-gallery-image-content\" ><img loading=\"lazy\" decoding=\"async\" src=\"https:\/\/enolife.com.ar\/es\/wp-content\/uploads\/2024\/09\/WhatsApp-Image-2024-09-30-at-10.26.38-664x1024.jpeg\" alt=\"\" class=\"wp-image-125646\" width=\"238\" height=\"367\" srcset=\"https:\/\/enolife.com.ar\/es\/wp-content\/uploads\/2024\/09\/WhatsApp-Image-2024-09-30-at-10.26.38-664x1024.jpeg 664w, https:\/\/enolife.com.ar\/es\/wp-content\/uploads\/2024\/09\/WhatsApp-Image-2024-09-30-at-10.26.38-194x300.jpeg 194w, https:\/\/enolife.com.ar\/es\/wp-content\/uploads\/2024\/09\/WhatsApp-Image-2024-09-30-at-10.26.38-585x902.jpeg 585w, https:\/\/enolife.com.ar\/es\/wp-content\/uploads\/2024\/09\/WhatsApp-Image-2024-09-30-at-10.26.38.jpeg 719w\" sizes=\"auto, (max-width: 238px) 100vw, 238px\" \/><\/a><\/figure><\/div>\n\n\n<p>Establecido en 1994, este galard\u00f3n reconoce a personas que han realizado contribuciones sobresalientes en el mundo del vino. En esta prestigiosa lista se encuentran personalidades de la talla de <strong>Jancis Robinson<\/strong>, <strong>Robert Mondavi<\/strong>, <strong>Aubert de Villaine<\/strong> y <strong>Robert Parker<\/strong>, entre otros.<\/p>\n\n\n\n<p>El premio honra a en\u00f3logos, cr\u00edticos y otras figuras influyentes que han marcado significativamente la producci\u00f3n, educaci\u00f3n o promoci\u00f3n del vino a nivel global. De este modo Susana Balbo se convierte en la primera mujer argentina en recibir este prestigioso reconocimiento, destacando su impacto en la viticultura a nivel mundial.<\/p>\n\n\n\n<p>La industria del vino argentino y mundial ha reconocido el aporte de Balbo en el desarrollo de la variedad <strong>Torront\u00e9s<\/strong> <strong>Riojano<\/strong>, en <strong>Cafayate<\/strong>, donde, reci\u00e9n recibida, su padre le pidi\u00f3 que se hiciera cargo de una bodega en la provincia argentina de <strong>Salta<\/strong>. Es conocida como la <strong>\u00abReina del Torront\u00e9s\u00bb<\/strong> por su trabajo con esta variedad de uva.<\/p>\n\n\n\n<p>La distinci\u00f3n destaca el rol actual de esta en\u00f3loga como l\u00edder en la revoluci\u00f3n de los vinos blancos de Argentina. \u00ab<em>Es un verdadero ejemplo de coraje y determinaci\u00f3n<\/em>\u00ab, describe la publicaci\u00f3n l\u00edder de Gran Breta\u00f1a.<\/p>\n\n\n\n<div style=\"height:25px\" aria-hidden=\"true\" class=\"wp-block-spacer\"><\/div>\n\n\n\n<blockquote class=\"wp-block-quote is-layout-flow wp-block-quote-is-layout-flow\">\n<p>Susana Balbo no s\u00f3lo rompi\u00f3 el techo de cristal para las mujeres en Sudam\u00e9rica, sino que lo hizo a\u00f1icos por completo, convirti\u00e9ndose en un modelo a seguir para las generaciones venideras\u00bb.<\/p>\n<cite><em><strong>Amanda Barnes, periodista especializada de la revista brit\u00e1nica Decanter.<\/strong><\/em><\/cite><\/blockquote>\n\n\n\n<div style=\"height:29px\" aria-hidden=\"true\" class=\"wp-block-spacer\"><\/div>\n\n\n\n<p>La publicaci\u00f3n brit\u00e1nica destaca que el empoderamiento femenino ha sido uno de las motivaciones de la carrera de esta en\u00f3loga que se ha desenvuelto en una industria tradicionalmente dominada por hombres.<\/p>\n\n\n\n<p>Balbo tambi\u00e9n fue <strong>diputada nacional<\/strong> por el partido <strong>Cambiemos en representaci\u00f3n de Mendoza.<\/strong> En 2018, un a\u00f1o antes de terminar su mandato, renunci\u00f3 a su banca para dedicarse tiempo completo al grupo <strong>Women 20 (W20)<\/strong>, organizaci\u00f3n emparentada al <strong>G20<\/strong> que persigue el empoderamiento de la mujer. En aquel momento, la ex legisladora manifest\u00f3 que su compromiso con el W20 le demandaba una apretada agenda de viajes, por lo cual consider\u00f3 inadecuado pedir licencias en la C\u00e1mara.<\/p>\n\n\n\n<div style=\"height:40px\" aria-hidden=\"true\" class=\"wp-block-spacer\"><\/div>\n\n\n\n<figure class=\"wp-block-embed aligncenter is-type-video is-provider-youtube wp-block-embed-youtube wp-embed-aspect-16-9 wp-has-aspect-ratio\"><div class=\"wp-block-embed__wrapper\">\n<iframe loading=\"lazy\" title=\"Susana Balbo Signature - El arte del winemaking\" width=\"1170\" height=\"658\" src=\"https:\/\/www.youtube.com\/embed\/FYut-mUe7Hw?start=128&#038;feature=oembed\" frameborder=\"0\" allow=\"accelerometer; autoplay; clipboard-write; encrypted-media; gyroscope; picture-in-picture; web-share\" referrerpolicy=\"strict-origin-when-cross-origin\" allowfullscreen><\/iframe>\n<\/div><\/figure>\n\n\n\n<div style=\"height:40px\" aria-hidden=\"true\" class=\"wp-block-spacer\"><\/div>\n\n\n\n<p>Fundadora de la bodega que lleva su nombre, la en\u00f3loga no s\u00f3lo ha impulsado el vino argentino en el escenario global, sino que tambi\u00e9n se ha dedicado a abrir caminos para las nuevas generaciones de en\u00f3logos y a promover la igualdad de g\u00e9nero, inspirando a muchas profesionales del sector. <\/p>\n\n\n\n<div style=\"height:17px\" aria-hidden=\"true\" class=\"wp-block-spacer\"><\/div>\n\n\n\n<blockquote class=\"wp-block-quote is-layout-flow wp-block-quote-is-layout-flow\">\n<p>Tuve la oportunidad, a una edad temprana, de sumergirme con toda la energ\u00eda y la pasi\u00f3n de la juventud a protagonizar tiempos de profundos cambios en la vitivinicultura argentina, enfrentando muchos desaf\u00edos, uno de los cuales fue ser mujer.\u00bb<\/p>\n<cite>Susana Balbo<\/cite><\/blockquote>\n\n\n\n<div style=\"height:29px\" aria-hidden=\"true\" class=\"wp-block-spacer\"><\/div>\n\n\n\n<p>Esos cambios han conducido al vino argentino a tener un reconocimiento mundial por su calidad y consistencia. <em>\u00abSer una de las protagonistas de esa \u00e9poca no ha sido una influencia menor en mi vida, por el contrario, han sido una poderosa motivaci\u00f3n para abrazar la innovaci\u00f3n como uno de los pilares de mi trabajo\u201d<\/em>, coment\u00f3 Balbo.<\/p>\n\n\n\n<p>Y la en\u00f3loga destac\u00f3 no s\u00f3lo los momentos hist\u00f3ricos de la vitivinicultura argentina, sino tambi\u00e9n a quienes la han acompa\u00f1ado en este camino: <em>\u201cCreo que he tenido la capacidad de formar buenos equipos que me han acompa\u00f1ado durante todos estos a\u00f1os y sin los cuales no estar\u00eda hoy en el lugar que la vida me ha puesto. Adem\u00e1s, quiero decir que este logro es compartido con ellos y especialmente con mis dos hijos que me han acompa\u00f1ado, codo a codo, en los \u00faltimos 12 a\u00f1os y estoy profundamente agradecida a ellos, porque estoy segura, de que juntos, estamos dejando un legado para el futuro de mis nietos\u201d<\/em>.<\/p>\n\n\n\n<div style=\"height:30px\" aria-hidden=\"true\" class=\"wp-block-spacer\"><\/div>\n\n\n<div class=\"wp-block-image\">\n<figure class=\"aligncenter size-full is-resized\"><a href=\"https:\/\/enolife.com.ar\/es\/wp-content\/uploads\/2024\/09\/665DABB4-9BC0-4F9C-973C-CAD4A662393E-2-1170x780-1.jpeg\" data-rel=\"penci-gallery-image-content\" ><img loading=\"lazy\" decoding=\"async\" src=\"https:\/\/enolife.com.ar\/es\/wp-content\/uploads\/2024\/09\/665DABB4-9BC0-4F9C-973C-CAD4A662393E-2-1170x780-1.jpeg\" alt=\"\" class=\"wp-image-125619\" width=\"598\" height=\"409\" srcset=\"https:\/\/enolife.com.ar\/es\/wp-content\/uploads\/2024\/09\/665DABB4-9BC0-4F9C-973C-CAD4A662393E-2-1170x780-1.jpeg 732w, https:\/\/enolife.com.ar\/es\/wp-content\/uploads\/2024\/09\/665DABB4-9BC0-4F9C-973C-CAD4A662393E-2-1170x780-1-300x205.jpeg 300w, https:\/\/enolife.com.ar\/es\/wp-content\/uploads\/2024\/09\/665DABB4-9BC0-4F9C-973C-CAD4A662393E-2-1170x780-1-585x400.jpeg 585w\" sizes=\"auto, (max-width: 598px) 100vw, 598px\" \/><\/a><figcaption class=\"wp-element-caption\"><em><strong>Susana Balbo junto a su familia en los festejos del 20 aniversario de su bodega<\/strong><\/em>.<\/figcaption><\/figure><\/div>\n\n\n<div style=\"height:30px\" aria-hidden=\"true\" class=\"wp-block-spacer\"><\/div>\n\n\n\n<p>Este reconocimiento llega en un a\u00f1o muy especial para la bodega Susana Balbo, en que celebra 25 a\u00f1os de coraje, de pasi\u00f3n por la calidad y de lazos construidos con la familia, la comunidad y el entorno, y reafirma la esencia de su fundadora como una verdadera pionera y embajadora global del vino argentino. Susana Balbo ha inspirado con su esp\u00edritu audaz a cada uno de los miembros del equipo que hace el d\u00eda a d\u00eda de la bodega, quienes acompa\u00f1an con orgulloso mientras contin\u00faa inspirando, innovando y mostrando al mundo el potencial de los terroirs argentinos para producir vinos de alta calidad y estilos diversos.<\/p>\n\n\n\n<div style=\"height:35px\" aria-hidden=\"true\" class=\"wp-block-spacer\"><\/div>\n\n\n\n<p class=\"has-medium-font-size\"><strong>La primera en\u00f3loga de Argentina<\/strong><\/p>\n\n\n\n<p>Susana Balbo estudi\u00f3 en la <strong>Facultad de Enolog\u00eda de Don Bosco de Maip\u00fa, Mendoza<\/strong>, y en 1981 recibi\u00f3 su t\u00edtulo de <strong>Licenciada en Enolog\u00eda<\/strong> como mejor egresada <em>cum laud<\/em>e, convirti\u00e9ndose en la <strong>primera mujer en\u00f3loga de Argentina.<\/strong>&nbsp;Es reconocida en todo el mundo por su enorme trayectoria y por la relevancia de sus aportes para el desarrollo del vino argentino. Fue presidenta de <strong>Wines of Argentina (WofA)<\/strong> en tres oportunidades y trabaja a diario para continuar difundiendo la viticultura nacional en los cinco continentes.<\/p>\n\n\n\n<p><strong>Susana Balbo Wines<\/strong> es la tercera bodega, a nivel familiar, en la que ella participa. La primera fue <strong>Vi\u00f1as de Balbo<\/strong>, propiedad de su padre. En ese entonces ella deseaba estudiar f\u00edsica en el <strong>Instituto Balseiro<\/strong> <strong>de la UNCuyo, en Neuqu\u00e9n<\/strong>, pero sus padres no la dejaron, por lo que se decidi\u00f3 por <strong>Enolog\u00eda<\/strong>. As\u00ed se convirti\u00f3 en la primera en\u00f3loga mujer en obtener el t\u00edtulo y luego trabajar profesionalmente en la industria.<\/p>\n\n\n\n<p>Su bodega se ubica en la regi\u00f3n de <strong>Luj\u00e1n de Cuyo<\/strong> junto a la <strong>Finca Dominio Agrelo<\/strong>, con una extensi\u00f3n aproximada de 16 hect\u00e1reas y a parte tiene fincas en el Valle de Uco, que est\u00e1n ubicadas en: Gualtallary, Paraje Altamira, Los Chacayes y Los \u00c1rboles. Susana emplea tres premisas fundamentales en la vitivinicultura: el conocimiento del terroir, las habilidades e innovaciones en la vinificaci\u00f3n y, por \u00faltimo, la sostenibilidad.<\/p>\n\n\n\n<p>Hoy Susana es acompa\u00f1ada por un equipo de m\u00e1s de 100 personas, entre ellos sus hijos Jos\u00e9 y Ana.<\/p>\n\n\n\n<p class=\"has-white-background-color has-background\"><strong>Jos\u00e9 Lovaglio<\/strong>, en\u00f3logo e hijo de Susana Balbo, lidera el \u00e1rea de Investigaci\u00f3n y Desarrollo con el objetivo de crear y mejorar todo tipo de procesos que nos permitan alcanzar las expectativas de nuestros consumidores. La filosof\u00eda de la innovaci\u00f3n est\u00e1 ligada al conocimiento, tecnolog\u00eda y una curiosidad permanente que se percibe no solo en lo enol\u00f3gico, sino tambi\u00e9n en todas las \u00e1reas y equipos de la bodega.<\/p>\n\n\n\n<div style=\"height:30px\" aria-hidden=\"true\" class=\"wp-block-spacer\"><\/div>\n\n\n<div class=\"wp-block-image\">\n<figure class=\"aligncenter size-full\"><a href=\"https:\/\/enolife.com.ar\/es\/wp-content\/uploads\/2024\/09\/Imagen2-12.jpg\" data-rel=\"penci-gallery-image-content\" ><img loading=\"lazy\" decoding=\"async\" width=\"640\" height=\"418\" src=\"https:\/\/enolife.com.ar\/es\/wp-content\/uploads\/2024\/09\/Imagen2-12.jpg\" alt=\"\" class=\"wp-image-125648\" srcset=\"https:\/\/enolife.com.ar\/es\/wp-content\/uploads\/2024\/09\/Imagen2-12.jpg 640w, https:\/\/enolife.com.ar\/es\/wp-content\/uploads\/2024\/09\/Imagen2-12-300x196.jpg 300w, https:\/\/enolife.com.ar\/es\/wp-content\/uploads\/2024\/09\/Imagen2-12-585x382.jpg 585w\" sizes=\"auto, (max-width: 640px) 100vw, 640px\" \/><\/a><figcaption class=\"wp-element-caption\"><em><strong>Jos\u00e9 Lovaglio, hijo de Susana Balbo<\/strong><\/em><strong>.<\/strong><\/figcaption><\/figure><\/div>\n\n\n<div style=\"height:30px\" aria-hidden=\"true\" class=\"wp-block-spacer\"><\/div>\n\n\n\n<p id=\"texto-section-equipo-2\"><strong>Ana Lovaglio<\/strong> es licenciada en Administraci\u00f3n de Empresas recibida en la Universidad de San Andr\u00e9s en Buenos Aires, trabaj\u00f3 como consultora en una importante empresa. En el a\u00f1o 2012 regresa a Mendoza para formar parte del equipo de Susana Balbo Wines como gerente de M\u00e1rketing y Comunicaci\u00f3n. En el a\u00f1o 2013, funda <strong>Osad\u00eda de Crear<\/strong>, el restaurant de la bodega.<\/p>\n\n\n\n<p>Junto a ella, en 2022, inaugur\u00f3 el <strong>SB Winemaker\u2019s House &amp; Spa Suites<\/strong> que ofrece a sus visitantes experiencias originales.&nbsp;<em>\u201cCre\u00e9 este concepto para que los hu\u00e9spedes sean recibidos como mis invitados privados\u201d<\/em>, explic\u00f3 Balbo<strong>.<\/strong> <\/p>\n\n\n\n<div style=\"height:30px\" aria-hidden=\"true\" class=\"wp-block-spacer\"><\/div>\n\n\n<div class=\"wp-block-image\">\n<figure class=\"aligncenter size-full is-resized\"><a href=\"https:\/\/enolife.com.ar\/es\/wp-content\/uploads\/2024\/09\/Imagen1-21.jpg\" data-rel=\"penci-gallery-image-content\" ><img loading=\"lazy\" decoding=\"async\" src=\"https:\/\/enolife.com.ar\/es\/wp-content\/uploads\/2024\/09\/Imagen1-21.jpg\" alt=\"\" class=\"wp-image-125622\" width=\"577\" height=\"373\" srcset=\"https:\/\/enolife.com.ar\/es\/wp-content\/uploads\/2024\/09\/Imagen1-21.jpg 774w, https:\/\/enolife.com.ar\/es\/wp-content\/uploads\/2024\/09\/Imagen1-21-300x194.jpg 300w, https:\/\/enolife.com.ar\/es\/wp-content\/uploads\/2024\/09\/Imagen1-21-768x496.jpg 768w, https:\/\/enolife.com.ar\/es\/wp-content\/uploads\/2024\/09\/Imagen1-21-585x378.jpg 585w\" sizes=\"auto, (max-width: 577px) 100vw, 577px\" \/><\/a><figcaption class=\"wp-element-caption\"><em><strong>Susana Balbo junto a su hija Ana Lovaglio, en el ingreso su hotel SB Unique Stays.<\/strong><\/em><\/figcaption><\/figure><\/div>\n\n\n<div style=\"height:30px\" aria-hidden=\"true\" class=\"wp-block-spacer\"><\/div>\n\n\n\n<p>La principal novedad en cuanto a experiencias es sin dudas el servicio de <strong>\u00absafaris a\u00e9reos\u00bb,<\/strong> realizado con un avi\u00f3n anfibio privado, que permite a los hu\u00e9spedes explorar las maravillas naturales de la regi\u00f3n. Dos a\u00f1os despu\u00e9s, en 2024 obtuvo una recomendaci\u00f3n por la <strong>Gu\u00eda Michelin 2024.<\/strong><\/p>\n\n\n\n<div style=\"height:30px\" aria-hidden=\"true\" class=\"wp-block-spacer\"><\/div>\n\n\n\n<p class=\"has-small-font-size\"><em><strong>Fuentes: Revista Decanter, MDZ on line, Diario Clar\u00edn y propias<\/strong><\/em><strong><em> <\/em><\/strong><\/p>\n\n\n\n<div style=\"height:29px\" aria-hidden=\"true\" class=\"wp-block-spacer\"><\/div>\n","protected":false},"excerpt":{"rendered":"<p>La empresaria mendocina, primera en\u00f3loga de Argentina, fundadora de las bodegas y hoteles con su&hellip;<\/p>\n","protected":false},"author":3,"featured_media":125616,"comment_status":"open","ping_status":"open","sticky":false,"template":"","format":"standard","meta":{"footnotes":""},"categories":[56,14],"tags":[],"class_list":["post-125610","post","type-post","status-publish","format-standard","has-post-thumbnail","hentry","category-destacado","category-news"],"_links":{"self":[{"href":"https:\/\/enolife.com.ar\/es\/wp-json\/wp\/v2\/posts\/125610","targetHints":{"allow":["GET"]}}],"collection":[{"href":"https:\/\/enolife.com.ar\/es\/wp-json\/wp\/v2\/posts"}],"about":[{"href":"https:\/\/enolife.com.ar\/es\/wp-json\/wp\/v2\/types\/post"}],"author":[{"embeddable":true,"href":"https:\/\/enolife.com.ar\/es\/wp-json\/wp\/v2\/users\/3"}],"replies":[{"embeddable":true,"href":"https:\/\/enolife.com.ar\/es\/wp-json\/wp\/v2\/comments?post=125610"}],"version-history":[{"count":0,"href":"https:\/\/enolife.com.ar\/es\/wp-json\/wp\/v2\/posts\/125610\/revisions"}],"wp:featuredmedia":[{"embeddable":true,"href":"https:\/\/enolife.com.ar\/es\/wp-json\/wp\/v2\/media\/125616"}],"wp:attachment":[{"href":"https:\/\/enolife.com.ar\/es\/wp-json\/wp\/v2\/media?parent=125610"}],"wp:term":[{"taxonomy":"category","embeddable":true,"href":"https:\/\/enolife.com.ar\/es\/wp-json\/wp\/v2\/categories?post=125610"},{"taxonomy":"post_tag","embeddable":true,"href":"https:\/\/enolife.com.ar\/es\/wp-json\/wp\/v2\/tags?post=125610"}],"curies":[{"name":"wp","href":"https:\/\/api.w.org\/{rel}","templated":true}]}}