{"id":125548,"date":"2024-09-28T13:10:46","date_gmt":"2024-09-28T13:10:46","guid":{"rendered":"https:\/\/enolife.com.ar\/es\/?p=125548"},"modified":"2024-09-29T18:34:54","modified_gmt":"2024-09-29T18:34:54","slug":"mendoza-llamo-a-concurso-para-la-fiesta-de-la-vendimia-2025-que-tendra-una-sola-repeticion","status":"publish","type":"post","link":"https:\/\/enolife.com.ar\/es\/mendoza-llamo-a-concurso-para-la-fiesta-de-la-vendimia-2025-que-tendra-una-sola-repeticion\/","title":{"rendered":"Mendoza llam\u00f3 a concurso para la Fiesta de la Vendimia 2025, que tendr\u00e1 una sola repetici\u00f3n"},"content":{"rendered":"\n<h4 class=\"wp-block-heading\"><em><strong>El gobierno de la provincia public\u00f3 en su web las bases y condiciones para quienes quieran enviar sus propuestas para la realizaci\u00f3n de la m\u00e1xima fiesta de los mendocinos. Se concursar\u00e1 para el gui\u00f3n, la puesta en escena, la direcci\u00f3n audiovisual y otras tareas. El \u00fanico d\u00eda para la presentaci\u00f3n de los postulantes ser\u00e1 el jueves 17 de octubre de 2024, desde las 9 hasta las 13 en la Subsecretar\u00eda de Cultura de Mendoza (Guti\u00e9rrez 204 de esta Capital). Adem\u00e1s se confirm\u00f3 la fecha para la Fiesta, el 8 de marzo, y la sorpresa inesperada: habr\u00e1 una sola repetici\u00f3n en lugar de las 3 que se ven\u00edan haciendo desde hace 23 a\u00f1os, que ser\u00e1 el domingo 9 de marzo. Es por razones de ahorro presupuestario, se explic\u00f3 desde Gobierno<\/strong><\/em><strong><em>.<\/em><\/strong><\/h4>\n\n\n\n<div style=\"height:35px\" aria-hidden=\"true\" class=\"wp-block-spacer\"><\/div>\n\n\n<a href=\"https:\/\/www.irrigacion.gov.ar\/web\/\" aria-label=\"irrigaci\u00f3n-1700X500\"><img loading=\"lazy\" decoding=\"async\" src=\"https:\/\/enolife.com.ar\/es\/wp-content\/uploads\/2021\/02\/irrigacion-1700X500.gif\" alt=\"\"  width=\"1700\" height=\"500\"   \/><\/a>\n\n\n<div style=\"height:45px\" aria-hidden=\"true\" class=\"wp-block-spacer\"><\/div>\n\n\n\n<p>El&nbsp;<strong>Gobierno de Mendoza&nbsp;<\/strong>confirm\u00f3 la tarde del viernes 27\/9 que la&nbsp;<strong>Fiesta Nacional de la Vendimia<\/strong>&nbsp;tendr\u00e1 <strong>una<\/strong>&nbsp;<strong>sola repetici\u00f3n&nbsp;<\/strong>en su edici\u00f3n 2025. A diferencia de otros a\u00f1os, el&nbsp;<strong>Acto Central&nbsp;<\/strong>de la hist\u00f3rica celebraci\u00f3n tendr\u00e1 lugar el&nbsp;<strong>s\u00e1bado 8 de marzo&nbsp;<\/strong>y contar\u00e1 con una \u00fanica&nbsp;<strong>repetici\u00f3n el domingo 9<\/strong>.&nbsp;&nbsp;<\/p>\n\n\n\n<p>Fuentes del gobierno explicaron que la cancelaci\u00f3n de 2 de las 3 repeticiones que se hacen desde hace 23 a\u00f1os se debe a restricciones presupuestarias. Al mismo tiempo, el gobierno <strong>public\u00f3 en su web las bases, condiciones y requisitos para concursar la realizaci\u00f3n.<\/strong> Y se estableci\u00f3 la fecha del 17 de octubre pr\u00f3ximo como \u00fanico d\u00eda para la presentaci\u00f3n de las propuestas en la <strong>Subsecretar\u00eda de Cultura de Mendoza <\/strong>(Guti\u00e9rrez 204 de Ciudad).<\/p>\n\n\n\n<div style=\"height:35px\" aria-hidden=\"true\" class=\"wp-block-spacer\"><\/div>\n\n\n\n<p class=\"has-medium-font-size\"><strong>Los requisitos para concursar<\/strong><\/p>\n\n\n\n<p>El <strong>Gobierno de Mendoza<\/strong>, a trav\u00e9s de la <strong>Subsecretar\u00eda de Cultura<\/strong> dependiente del Ministerio de Educaci\u00f3n, Cultura, Infancias y DGE, llam\u00f3 a concurso para seleccionar la propuesta de gui\u00f3n (con su correspondiente s\u00edntesis argumental incluida); de realizaci\u00f3n de la escenograf\u00eda; de la direcci\u00f3n art\u00edstica general; de la direcci\u00f3n audiovisual; de la puesta en escena; del desarrollo t\u00e9cnico y del equipo art\u00edstico para la Fiesta Nacional de la Vendimia 2025 declarada seg\u00fan ley 6973 <em>\u201cpatrimonio cultural de la provincia de Mendoza\u201d<\/em>. La misma se realizar\u00e1 los d\u00edas s\u00e1bado 8 y domingo 9 de marzo de 2025.<\/p>\n\n\n\n<p>Las propuestas deber\u00e1n presentarse en sobre \u00faico, seg\u00fan lo especificado en el reglamento, \u00fanica y personalmente (no se admitir\u00e1n presentaciones por otros medios) en la Secretar\u00eda Privada de la Subsecretar\u00eda de Cultura del Gobierno de Mendoza, sito en Guti\u00e9rrez 204, 2\u00b0 piso, Ciudad de Mendoza. La \u00fanica fecha de presentaci\u00f3n de las mismas es el jueves 17 de octubre de 2024, desde las 9 y hasta las 13, indefectiblemente.<\/p>\n\n\n\n<p>Al momento de la presentaci\u00f3n de cada propuesta, queda impl\u00edcita la aceptaci\u00f3n de bases y condiciones del concurso.<\/p>\n\n\n\n<div style=\"height:30px\" aria-hidden=\"true\" class=\"wp-block-spacer\"><\/div>\n\n\n<div class=\"wp-block-image\">\n<figure class=\"aligncenter size-large is-resized\"><a href=\"https:\/\/enolife.com.ar\/es\/wp-content\/uploads\/2024\/09\/Vendimia2-e1707517222926-scaled-1.jpg\" data-rel=\"penci-gallery-image-content\" ><img loading=\"lazy\" decoding=\"async\" src=\"https:\/\/enolife.com.ar\/es\/wp-content\/uploads\/2024\/09\/Vendimia2-e1707517222926-scaled-1-1024x440.jpg\" alt=\"\" class=\"wp-image-125556\" width=\"771\" height=\"330\" srcset=\"https:\/\/enolife.com.ar\/es\/wp-content\/uploads\/2024\/09\/Vendimia2-e1707517222926-scaled-1-1024x440.jpg 1024w, https:\/\/enolife.com.ar\/es\/wp-content\/uploads\/2024\/09\/Vendimia2-e1707517222926-scaled-1-300x129.jpg 300w, https:\/\/enolife.com.ar\/es\/wp-content\/uploads\/2024\/09\/Vendimia2-e1707517222926-scaled-1-768x330.jpg 768w, https:\/\/enolife.com.ar\/es\/wp-content\/uploads\/2024\/09\/Vendimia2-e1707517222926-scaled-1-1170x503.jpg 1170w, https:\/\/enolife.com.ar\/es\/wp-content\/uploads\/2024\/09\/Vendimia2-e1707517222926-scaled-1-585x251.jpg 585w, https:\/\/enolife.com.ar\/es\/wp-content\/uploads\/2024\/09\/Vendimia2-e1707517222926-scaled-1.jpg 1280w\" sizes=\"auto, (max-width: 771px) 100vw, 771px\" \/><\/a><\/figure><\/div>\n\n\n<div style=\"height:35px\" aria-hidden=\"true\" class=\"wp-block-spacer\"><\/div>\n\n\n\n<p class=\"has-medium-font-size\"><strong>Lo m\u00e1s importante<\/strong><\/p>\n\n\n\n<p>Los equipos interesados deber\u00e1n participar obligatoriamente de las asesor\u00edas t\u00e9cnicas y administrativas oficiales; las mismas ser\u00e1n coordinadas de manera individual por equipo, previo a la presentaci\u00f3n de la propuesta en primera instancia.<\/p>\n\n\n\n<p>En las mismas se otorgar\u00e1n los lineamientos administrativos y t\u00e9cnicos b\u00e1sicos y se resolver\u00e1n dudas.<\/p>\n\n\n\n<p>Ser\u00e1n fijadas, coordinadas y comunicadas por la<strong> Direcci\u00f3n de Vendimia y Producci\u00f3n Cultural<\/strong> al representante legal del grupo. Para ello los interesados deber\u00e1n presentar nota por escrito en la oficina de la Direcci\u00f3n de Vendimia y Producci\u00f3n Cultural sita en calle Guti\u00e9rrez 204 Ciudad de Mendoza, 2\u00b0 piso de 9 a 13, o v\u00eda correo electr\u00f3nico en<strong>\u00a0<a href=\"mailto:vendimia@mendoza.gov.ar\" target=\"_blank\" rel=\"noreferrer noopener\">vendimia@mendoza.gov.ar<\/a>\u00a0<\/strong>solicitando la misma durante los primeros 7 (siete) d\u00edas corridos de abierto el per\u00edodo de publicaci\u00f3n de bases (el periodo comprende del 27 de septiembre al 3 de octubre de 2024).<\/p>\n\n\n\n<p>La no presentaci\u00f3n del equipo concursante a las mencionadas asesor\u00edas ser\u00e1 causal de rechazo de la propuesta.<\/p>\n\n\n\n<p><strong>Para consultas y coordinaci\u00f3n de asesor\u00edas t\u00e9cnicas y administrativas oficiales obligatorias, comunicarse a trav\u00e9s de:\u00a0<a href=\"mailto:vendimia@mendoza.gov.ar\" target=\"_blank\" rel=\"noreferrer noopener\">vendimia@mendoza.gov.ar<\/a><\/strong><\/p>\n\n\n\n<p class=\"has-background\" style=\"background-color:#abb7c269\"><strong>Links de inter\u00e9s: <a href=\"https:\/\/www.mendoza.gov.ar\/wp-content\/uploads\/sites\/17\/2024\/09\/BASES-VENDIMIA-2025.pdf\" target=\"_blank\" rel=\"noreferrer noopener\">-Consulte y descargue las BASES<\/a> <a href=\"https:\/\/www.mendoza.gov.ar\/wp-content\/uploads\/sites\/17\/2024\/09\/Resolucion-342-2024.pdf\" target=\"_blank\" rel=\"noreferrer noopener\">-Resoluci\u00f3n -2024-342-E-GDEMZA-MCYT<\/a> <a href=\"https:\/\/www.mendoza.gov.ar\/wp-content\/uploads\/sites\/17\/2024\/09\/ANEXO-I-VENDIMIA-2025.pdf\" target=\"_blank\" rel=\"noreferrer noopener\">-Consulte y descargue el Anexo I \u2013 Primera Instancia<\/a> <a href=\"https:\/\/www.mendoza.gov.ar\/wp-content\/uploads\/sites\/17\/2024\/09\/ANEXO-II-VENDIMIA-2025.pdf\" target=\"_blank\" rel=\"noreferrer noopener\">-Consulte y descargue el Anexo II \u2013 Segunda Instancia<\/a> <a href=\"https:\/\/www.mendoza.gov.ar\/wp-content\/uploads\/sites\/17\/2024\/09\/ANEXO-III-VENDIMIA-2025.pdf\" target=\"_blank\" rel=\"noreferrer noopener\">-Consulte y descargue el Anexo III \u2013 Planos<\/a><\/strong><\/p>\n\n\n\n<div style=\"height:31px\" aria-hidden=\"true\" class=\"wp-block-spacer\"><\/div>\n","protected":false},"excerpt":{"rendered":"<p>El gobierno de la provincia public\u00f3 en su web las bases y condiciones para quienes&hellip;<\/p>\n","protected":false},"author":3,"featured_media":125555,"comment_status":"open","ping_status":"open","sticky":false,"template":"","format":"standard","meta":{"footnotes":""},"categories":[14],"tags":[],"class_list":["post-125548","post","type-post","status-publish","format-standard","has-post-thumbnail","hentry","category-news"],"_links":{"self":[{"href":"https:\/\/enolife.com.ar\/es\/wp-json\/wp\/v2\/posts\/125548","targetHints":{"allow":["GET"]}}],"collection":[{"href":"https:\/\/enolife.com.ar\/es\/wp-json\/wp\/v2\/posts"}],"about":[{"href":"https:\/\/enolife.com.ar\/es\/wp-json\/wp\/v2\/types\/post"}],"author":[{"embeddable":true,"href":"https:\/\/enolife.com.ar\/es\/wp-json\/wp\/v2\/users\/3"}],"replies":[{"embeddable":true,"href":"https:\/\/enolife.com.ar\/es\/wp-json\/wp\/v2\/comments?post=125548"}],"version-history":[{"count":0,"href":"https:\/\/enolife.com.ar\/es\/wp-json\/wp\/v2\/posts\/125548\/revisions"}],"wp:featuredmedia":[{"embeddable":true,"href":"https:\/\/enolife.com.ar\/es\/wp-json\/wp\/v2\/media\/125555"}],"wp:attachment":[{"href":"https:\/\/enolife.com.ar\/es\/wp-json\/wp\/v2\/media?parent=125548"}],"wp:term":[{"taxonomy":"category","embeddable":true,"href":"https:\/\/enolife.com.ar\/es\/wp-json\/wp\/v2\/categories?post=125548"},{"taxonomy":"post_tag","embeddable":true,"href":"https:\/\/enolife.com.ar\/es\/wp-json\/wp\/v2\/tags?post=125548"}],"curies":[{"name":"wp","href":"https:\/\/api.w.org\/{rel}","templated":true}]}}