{"id":125503,"date":"2024-09-28T14:42:44","date_gmt":"2024-09-28T14:42:44","guid":{"rendered":"https:\/\/enolife.com.ar\/es\/?p=125503"},"modified":"2024-10-01T17:13:01","modified_gmt":"2024-10-01T17:13:01","slug":"el-futuro-del-vino-argentino-en-una-jornada-de-analisis-con-especialistas-el-26-10-en-la-uncuyo","status":"publish","type":"post","link":"https:\/\/enolife.com.ar\/es\/el-futuro-del-vino-argentino-en-una-jornada-de-analisis-con-especialistas-el-26-10-en-la-uncuyo\/","title":{"rendered":"El Futuro del Vino Argentino, en una jornada de an\u00e1lisis con especialistas el 26\/10 en la UNCuyo"},"content":{"rendered":"\n<h4 class=\"wp-block-heading\"><em><strong>Con la organizaci\u00f3n del Fondo Vitivin\u00edcola Mendoza y la Corporaci\u00f3n Vitivin\u00edcola Argentina (Coviar), la segunda edici\u00f3n de la jornada de an\u00e1lisis \u00abEl Futuro del Vino Argentino\u00bb se realizar\u00e1 el 26 de octubre desde las 8.30 hs en el Sal\u00f3n de Grado de la Universidad Nacional de Cuyo (UNCuyo). El encuentro tendr\u00e1 oradores de nivel internacional como el polit\u00f3logo argentino&nbsp;y especialista en relaciones internacionales&nbsp;Andr\u00e9s Malamud,&nbsp;los consultores Guillermo Oliveto y Gustavo Dom\u00ednguez, el periodista espa\u00f1ol Luis Guti\u00e9rrez; y Edgardo Del Popolo, gerente general de Dominio del Plata Winery. Adem\u00e1s habr\u00e1 un espacio de networking en el que los asistentes podr\u00e1n relacionarse entre s\u00ed. La participaci\u00f3n tiene un costo de $15.000 hasta el 14\/10 y de $20.000 luego de esa fecha, con entradas por Entrada Web online<\/strong>.<\/em><\/h4>\n\n\n\n<div style=\"height:35px\" aria-hidden=\"true\" class=\"wp-block-spacer\"><\/div>\n\n\n<a href=\"https:\/\/www.instagram.com\/vinventions.sudamerica\/\" aria-label=\"Banner_Subr_1700x500\"><img loading=\"lazy\" decoding=\"async\" src=\"https:\/\/enolife.com.ar\/es\/wp-content\/uploads\/2019\/07\/Banner_Subr_1700x500.gif\" alt=\"\"  width=\"1700\" height=\"501\"   \/><\/a>\n\n\n<div style=\"height:45px\" aria-hidden=\"true\" class=\"wp-block-spacer\"><\/div>\n\n\n\n<p>El <strong>26 de octubre de 2024, de 8.30 a 13 h<\/strong>s, y por segundo a\u00f1o consecutivo, el <strong>Fondo Vitivin\u00edcola Mendoza <\/strong>invita a los diferentes actores de la industria vitivin\u00edcola a participar de <strong>\u00abEl Futuro del Vino Argentino\u00bb,<\/strong> una jornada patrocinada por la <strong>Organizaci\u00f3n Internacional de la Vid y el Vino (OIV)<\/strong>, la <strong>Universidad Nacional de Cuyo (UNCuyo)<\/strong>, y el gobierno de las provincias de <strong>Mendoza<\/strong> y <strong>San Juan<\/strong>.<\/p>\n\n\n\n<div style=\"height:40px\" aria-hidden=\"true\" class=\"wp-block-spacer\"><\/div>\n\n\n\n<figure class=\"wp-block-embed aligncenter is-type-video is-provider-youtube wp-block-embed-youtube wp-embed-aspect-16-9 wp-has-aspect-ratio\"><div class=\"wp-block-embed__wrapper\">\n<iframe loading=\"lazy\" title=\"El Futuro del Vino Argentino 2023 - Resumen\" width=\"1170\" height=\"658\" src=\"https:\/\/www.youtube.com\/embed\/3bzw_NawVHQ?list=PLQuCnqOkxl-ah9dIkepn3gw3Iot2wpRtB\" frameborder=\"0\" allow=\"accelerometer; autoplay; clipboard-write; encrypted-media; gyroscope; picture-in-picture; web-share\" referrerpolicy=\"strict-origin-when-cross-origin\" allowfullscreen><\/iframe>\n<\/div><\/figure>\n\n\n\n<div style=\"height:40px\" aria-hidden=\"true\" class=\"wp-block-spacer\"><\/div>\n\n\n\n<p>La actividad contar\u00e1 con panelistas de primer nivel. <strong>Andr\u00e9s Malamud<\/strong> ser\u00e1 el encargado de situar la discusi\u00f3n en el marco de un mundo cada vez m\u00e1s complejo y en plena transici\u00f3n. <\/p>\n\n\n\n<p>El consultor&nbsp;<strong>Gustavo Dom\u00ednguez<\/strong>&nbsp;abordar\u00e1 los ejes que traccionan el negocio de otras bebidas alcoh\u00f3licas desde su experiencia al frente de grandes grupos como Campari, Allied Domecq y Seagram.<\/p>\n\n\n\n<div style=\"height:30px\" aria-hidden=\"true\" class=\"wp-block-spacer\"><\/div>\n\n\n\n<div class=\"wp-block-group is-nowrap is-layout-flex wp-container-core-group-is-layout-ad2f72ca wp-block-group-is-layout-flex\">\n<figure class=\"wp-block-image size-full\"><a href=\"https:\/\/enolife.com.ar\/es\/wp-content\/uploads\/2024\/09\/malamud-fondo-min.webp\"><img loading=\"lazy\" decoding=\"async\" width=\"500\" height=\"600\" src=\"https:\/\/enolife.com.ar\/es\/wp-content\/uploads\/2024\/09\/malamud-fondo-min.webp\" alt=\"\" class=\"wp-image-125531\" srcset=\"https:\/\/enolife.com.ar\/es\/wp-content\/uploads\/2024\/09\/malamud-fondo-min.webp 500w, https:\/\/enolife.com.ar\/es\/wp-content\/uploads\/2024\/09\/malamud-fondo-min-250x300.webp 250w\" sizes=\"auto, (max-width: 500px) 100vw, 500px\" \/><\/a><figcaption class=\"wp-element-caption\"><strong><em>Andr\u00e9s Malamud<\/em><\/strong><\/figcaption><\/figure>\n\n\n\n<figure class=\"wp-block-image size-full\"><a href=\"https:\/\/enolife.com.ar\/es\/wp-content\/uploads\/2024\/09\/oliveto-fondo-min.webp\"><img loading=\"lazy\" decoding=\"async\" width=\"500\" height=\"600\" src=\"https:\/\/enolife.com.ar\/es\/wp-content\/uploads\/2024\/09\/oliveto-fondo-min.webp\" alt=\"\" class=\"wp-image-125533\" srcset=\"https:\/\/enolife.com.ar\/es\/wp-content\/uploads\/2024\/09\/oliveto-fondo-min.webp 500w, https:\/\/enolife.com.ar\/es\/wp-content\/uploads\/2024\/09\/oliveto-fondo-min-250x300.webp 250w\" sizes=\"auto, (max-width: 500px) 100vw, 500px\" \/><\/a><figcaption class=\"wp-element-caption\"><strong><em>Guillermo Oliveto<\/em><\/strong><\/figcaption><\/figure>\n\n\n\n<figure class=\"wp-block-image size-full\"><a href=\"https:\/\/enolife.com.ar\/es\/wp-content\/uploads\/2024\/09\/Gutierrez-Fondo-min-2.webp\"><img loading=\"lazy\" decoding=\"async\" width=\"500\" height=\"600\" src=\"https:\/\/enolife.com.ar\/es\/wp-content\/uploads\/2024\/09\/Gutierrez-Fondo-min-2.webp\" alt=\"\" class=\"wp-image-125536\" srcset=\"https:\/\/enolife.com.ar\/es\/wp-content\/uploads\/2024\/09\/Gutierrez-Fondo-min-2.webp 500w, https:\/\/enolife.com.ar\/es\/wp-content\/uploads\/2024\/09\/Gutierrez-Fondo-min-2-250x300.webp 250w\" sizes=\"auto, (max-width: 500px) 100vw, 500px\" \/><\/a><figcaption class=\"wp-element-caption\"><strong><em>Luis Guti\u00e9rrez<\/em><\/strong><\/figcaption><\/figure>\n\n\n\n<figure class=\"wp-block-image size-full\"><a href=\"https:\/\/enolife.com.ar\/es\/wp-content\/uploads\/2024\/09\/dominguez-fondo-min-2.webp\"><img loading=\"lazy\" decoding=\"async\" width=\"500\" height=\"600\" src=\"https:\/\/enolife.com.ar\/es\/wp-content\/uploads\/2024\/09\/dominguez-fondo-min-2.webp\" alt=\"\" class=\"wp-image-125537\" srcset=\"https:\/\/enolife.com.ar\/es\/wp-content\/uploads\/2024\/09\/dominguez-fondo-min-2.webp 500w, https:\/\/enolife.com.ar\/es\/wp-content\/uploads\/2024\/09\/dominguez-fondo-min-2-250x300.webp 250w\" sizes=\"auto, (max-width: 500px) 100vw, 500px\" \/><\/a><figcaption class=\"wp-element-caption\"><strong><em>Gustavo Dom\u00ednguez<\/em><\/strong><\/figcaption><\/figure>\n<\/div>\n\n\n\n<div style=\"height:30px\" aria-hidden=\"true\" class=\"wp-block-spacer\"><\/div>\n\n\n\n<p>La mirada del mercado global y los cambios que se registran en el mundo del vino estar\u00e1 a cargo del periodista espa\u00f1ol y cr\u00edtico de Wine Advocate&nbsp;<strong>Luis Guti\u00e9rrez<\/strong>, quien dialogar\u00e1 de estos temas junto a&nbsp;<strong>Edgardo Del P\u00f3polo<\/strong>; ambos intentar\u00e1n sumar enfoques a la dimensi\u00f3n del desaf\u00edo internacional que afrontan los vinos argentinos. <\/p>\n\n\n\n<p>Para hacer un doble click en la situaci\u00f3n argentina, el consultor especialista en negocios, consumo y humor social&nbsp;<strong>Guillermo Oliveto<\/strong>&nbsp;trazar\u00e1 un panorama en el que econom\u00eda, pol\u00edtica y contexto social se entrecruzan para ofrecer un cuadro de situaci\u00f3n de la Argentina y de las oportunidades para el vino en el mercado interno.<\/p>\n\n\n\n<p><strong>Al finalizar<\/strong>, los asistentes tendr\u00e1n la posibilidad de hacer preguntas e interactuar con los oradores y posterior a eso, se realizar\u00e1 un <strong>cocktail de cierre con espacio para networking.<\/strong><\/p>\n\n\n\n<div style=\"height:35px\" aria-hidden=\"true\" class=\"wp-block-spacer\"><\/div>\n\n\n\n<p class=\"has-medium-font-size\"><strong>C\u00f3mo participar<\/strong><\/p>\n\n\n\n<p>Las entradas tienen el siguiente precio:<\/p>\n\n\n\n<ul class=\"wp-block-list\">\n<li>Preventa hasta el 14 de Octubre: $15.000<\/li>\n\n\n\n<li>Venta General a partir del 15 de Octubre: $20.000<\/li>\n<\/ul>\n\n\n\n<div style=\"height:22px\" aria-hidden=\"true\" class=\"wp-block-spacer\"><\/div>\n\n\n\n<p class=\"has-background\" style=\"background-color:#b0768459\"><strong>Ya se pueden adquirir en&nbsp;<a href=\"https:\/\/elvinonosune.us15.list-manage.com\/track\/click?u=893404577f149ca331e36a99b&amp;id=a4da8847af&amp;e=c8feb6be5f\" target=\"_blank\" rel=\"noreferrer noopener\">EntradaWeb<\/a>, a trav\u00e9s del sitio&nbsp;<a href=\"https:\/\/elvinonosune.us15.list-manage.com\/track\/click?u=893404577f149ca331e36a99b&amp;id=fc8a66a8ae&amp;e=c8feb6be5f\" target=\"_blank\" rel=\"noreferrer noopener\">www.elfuturodelvinoargentino.ar<\/a>; m\u00e1s informaci\u00f3n pronto en&nbsp;<a href=\"https:\/\/elvinonosune.us15.list-manage.com\/track\/click?u=893404577f149ca331e36a99b&amp;id=8812ef4867&amp;e=c8feb6be5f\" target=\"_blank\" rel=\"noreferrer noopener\">Instagram<\/a>.<\/strong><\/p>\n\n\n\n<div style=\"height:30px\" aria-hidden=\"true\" class=\"wp-block-spacer\"><\/div>\n","protected":false},"excerpt":{"rendered":"<p>Con la organizaci\u00f3n del Fondo Vitivin\u00edcola Mendoza y la Corporaci\u00f3n Vitivin\u00edcola Argentina (Coviar), la segunda&hellip;<\/p>\n","protected":false},"author":3,"featured_media":125540,"comment_status":"open","ping_status":"open","sticky":false,"template":"","format":"standard","meta":{"footnotes":""},"categories":[47,56],"tags":[],"class_list":["post-125503","post","type-post","status-publish","format-standard","has-post-thumbnail","hentry","category-agenda","category-destacado"],"_links":{"self":[{"href":"https:\/\/enolife.com.ar\/es\/wp-json\/wp\/v2\/posts\/125503","targetHints":{"allow":["GET"]}}],"collection":[{"href":"https:\/\/enolife.com.ar\/es\/wp-json\/wp\/v2\/posts"}],"about":[{"href":"https:\/\/enolife.com.ar\/es\/wp-json\/wp\/v2\/types\/post"}],"author":[{"embeddable":true,"href":"https:\/\/enolife.com.ar\/es\/wp-json\/wp\/v2\/users\/3"}],"replies":[{"embeddable":true,"href":"https:\/\/enolife.com.ar\/es\/wp-json\/wp\/v2\/comments?post=125503"}],"version-history":[{"count":0,"href":"https:\/\/enolife.com.ar\/es\/wp-json\/wp\/v2\/posts\/125503\/revisions"}],"wp:featuredmedia":[{"embeddable":true,"href":"https:\/\/enolife.com.ar\/es\/wp-json\/wp\/v2\/media\/125540"}],"wp:attachment":[{"href":"https:\/\/enolife.com.ar\/es\/wp-json\/wp\/v2\/media?parent=125503"}],"wp:term":[{"taxonomy":"category","embeddable":true,"href":"https:\/\/enolife.com.ar\/es\/wp-json\/wp\/v2\/categories?post=125503"},{"taxonomy":"post_tag","embeddable":true,"href":"https:\/\/enolife.com.ar\/es\/wp-json\/wp\/v2\/tags?post=125503"}],"curies":[{"name":"wp","href":"https:\/\/api.w.org\/{rel}","templated":true}]}}