{"id":125496,"date":"2024-09-28T23:49:41","date_gmt":"2024-09-28T23:49:41","guid":{"rendered":"https:\/\/enolife.com.ar\/es\/?p=125496"},"modified":"2024-09-29T19:00:32","modified_gmt":"2024-09-29T19:00:32","slug":"san-rafael-abre-el-calendario-vendimial-de-mendoza-con-la-fiesta-de-la-flor-de-la-vid-el-12-10","status":"publish","type":"post","link":"https:\/\/enolife.com.ar\/es\/san-rafael-abre-el-calendario-vendimial-de-mendoza-con-la-fiesta-de-la-flor-de-la-vid-el-12-10\/","title":{"rendered":"San Rafael abre el calendario vendimial de Mendoza con la Fiesta de la Flor de la Vid, el 12\/10"},"content":{"rendered":"\n<h4 class=\"wp-block-heading\"><em><strong>Este ya tradicional festejo, que marca la apertura oficial del calendario vendimial de la provincia, tendr\u00e1 su 11\u00aa edici\u00f3n el s\u00e1bado 12 de octubre, desde las 20.30, en la ciudad de San Rafael. El hotel Chaglasian Wine &amp; Suites, ubicado en Valent\u00edn Bianchi 1.600 de San Rafael, ser\u00e1 la sede de este a\u00f1o de una fiesta que espera recibir a m\u00e1s de 600 mendocinos y turistas, en el marco de un fin de semana largo. La entrada, a un costo de $22.000 hasta el 5\/10 y de $25.000 luego, incluye la degustaci\u00f3n de vinos de 20 bodegas, un men\u00fa de 4 pasos, los recitales de dos bandas locales y un after party con los DJ Braulio Villegas y El Duende<\/strong><\/em><strong><em>.<\/em><\/strong><\/h4>\n\n\n\n<div style=\"height:21px\" aria-hidden=\"true\" class=\"wp-block-spacer\"><\/div>\n\n\n\n\n\n<div style=\"height:45px\" aria-hidden=\"true\" class=\"wp-block-spacer\"><\/div>\n\n\n\n<p>El jueves 26\/9\/24 se present\u00f3 la edici\u00f3n 2024 de la <strong>Fiesta Provincial de la Flor de la Vid<\/strong>. El acto se realiz\u00f3 en la sede de la <strong>C\u00e1mara de Comercio, Industria y Agropecuaria de San Rafael (CCIA)<\/strong>. Este evento tambi\u00e9n ser\u00e1 difundido en la <strong>Feria Internacional de Turismo (FIT)<\/strong>, que se realizar\u00e1 en el predio ferial de Palermo, Buenos Aires del 28 de setiembre al 1 de octubre.<\/p>\n\n\n\n<p>En la conferencia de prensa participaron el presidente de la Mesa de Enoturismo local, <strong>Edgardo Ibarra<\/strong>; el director y anfitri\u00f3n de esta edici\u00f3n, <strong>Juan Chaglasian<\/strong>; la vicepresidenta del Emetur, <strong>Cynthia Maggioni<\/strong>, y la subsecretaria de Derechos Humanos de la Municipalidad, <strong>Paola Calle.<\/strong><\/p>\n\n\n\n<div style=\"height:30px\" aria-hidden=\"true\" class=\"wp-block-spacer\"><\/div>\n\n\n<div class=\"wp-block-image\">\n<figure class=\"aligncenter size-full is-resized\"><a href=\"https:\/\/enolife.com.ar\/es\/wp-content\/uploads\/2024\/09\/EVENTO-IMG_4792.jpg\" data-rel=\"penci-gallery-image-content\" ><img loading=\"lazy\" decoding=\"async\" src=\"https:\/\/enolife.com.ar\/es\/wp-content\/uploads\/2024\/09\/EVENTO-IMG_4792.jpg\" alt=\"\" class=\"wp-image-125500\" width=\"579\" height=\"333\" srcset=\"https:\/\/enolife.com.ar\/es\/wp-content\/uploads\/2024\/09\/EVENTO-IMG_4792.jpg 869w, https:\/\/enolife.com.ar\/es\/wp-content\/uploads\/2024\/09\/EVENTO-IMG_4792-300x173.jpg 300w, https:\/\/enolife.com.ar\/es\/wp-content\/uploads\/2024\/09\/EVENTO-IMG_4792-768x442.jpg 768w, https:\/\/enolife.com.ar\/es\/wp-content\/uploads\/2024\/09\/EVENTO-IMG_4792-585x337.jpg 585w\" sizes=\"auto, (max-width: 579px) 100vw, 579px\" \/><\/a><\/figure><\/div>\n\n\n<div style=\"height:30px\" aria-hidden=\"true\" class=\"wp-block-spacer\"><\/div>\n\n\n\n<p>Al respecto, Maggioni coment\u00f3:<em> \u201cEste tipo de eventos no solamente pone en valor lo cultural del vino y de nuestra econom\u00eda regional, sino tambi\u00e9n de nuestra econom\u00eda tur\u00edstica y del enoturismo. Estamos trabajando coordinadamente con la C\u00e1mara de Comercio e Industria y con su Espec\u00edfica de Turismo y de bodegueros en pos de que esta fiesta sea lo mejor para los sanrafalinos y para todos aquellos que nos visiten\u201d.<\/em><\/p>\n\n\n\n<p>Como cada a\u00f1o, la Fiesta Provincial de la Flor de la Vid conjugar\u00e1 sabores, aromas y vinos de la regi\u00f3n con m\u00fasica, en una noche de atractivas actividades. Asimismo, ser\u00e1n parte periodistas e influencers invitados de todo el pa\u00eds.<\/p>\n\n\n\n<p>Se podr\u00e1n degustar los vinos de <strong>20 bodegas participantes<\/strong> y disfrutar de un <strong>men\u00fa de 4 pasos<\/strong> -3 salados regionales m\u00e1s un postre-, todo acompa\u00f1ado con los shows del grupo mendocino <strong>Amy Rod<\/strong>, que interpreta la m\u00fasica Amy Winehouse, y la banda sanrafaelina<strong> Se\u00f1ora Cumbiamba<\/strong>. El after party estar\u00e1 a cargo de los <strong>DJ Braulio Villegas<\/strong> y <strong>El Duende.<\/strong><\/p>\n\n\n\n<p>Hasta el s\u00e1bado 5 de octubre, las entradas tendr\u00e1n un valor de <strong>$22.000<\/strong>. Luego, el precio ser\u00e1 de <strong>$25.000.<\/strong> Los puntos de venta son: la CCIA (Av. El Libertador 78), Chaglasian Wine &amp; Suites (Valent\u00edn Bianchi 1.600), Amancay (Av. Hip\u00f3lito Yrigoyen 53) y La Delicia del Boulevard (Av. Hip\u00f3lito Yrigoyen 1594).<\/p>\n\n\n\n<p>A cargo de la organizaci\u00f3n de la festividad est\u00e1 la Mesa de Enoturismo, perteneciente a la Espec\u00edfica de Turismo de la CCIA, que trabaja de forma conjunta con el Ente Mendoza Turismo (Emetur), la Municipalidad de San Rafael y Caminos del Vino San Rafael-Mendoza.<\/p>\n\n\n\n<div style=\"height:35px\" aria-hidden=\"true\" class=\"wp-block-spacer\"><\/div>\n\n\n\n<p class=\"has-medium-font-size\"><strong>Historia de la fiesta<\/strong><\/p>\n\n\n\n<p>La Fiesta Provincial de la Flor de la Vid fue una iniciativa de <strong>Camilo Aldao<\/strong>, quien imagin\u00f3 una celebraci\u00f3n con motivo del inicio del ciclo de la vid. Para ello se inspir\u00f3 en el Festival de la Flor, que desde 1950 se realiza en Burdeos, Francia, como festival de primavera.<\/p>\n\n\n\n<p>Se desarroll\u00f3 por primera vez en San Rafael en 2014, en Finca Los \u00c1lamos, y luego comenz\u00f3 a rotar por distintas bodegas del departamento.<\/p>\n\n\n\n<p>A trav\u00e9s de los a\u00f1os fue creciendo hasta convertirse en una celebraci\u00f3n que re\u00fane los sabores, aromas y vinos de la regi\u00f3n con m\u00fasica de primer nivel, en una noche inolvidable, donde la bodega que oficia de anfitriona recibe a un p\u00fablico amante de la cultura mendocina del vino.<\/p>\n\n\n\n<p>El evento ha sido declarado de Inter\u00e9s Cultural y Tur\u00edstico por el Gobierno de Mendoza, la Legislatura provincial y la Municipalidad.<\/p>\n\n\n\n<p>En mayo de 2019, por la Ley 9158, se le otorg\u00f3 el car\u00e1cter de provincial a la fiesta, y en marzo de 2021 se sancion\u00f3 el proyecto de ley por el cual se modific\u00f3 el art\u00edculo 2 de esa ley, y la celebraci\u00f3n fue designada como la actividad de apertura oficial del calendario vendimial provincial.<\/p>\n\n\n\n<div style=\"height:30px\" aria-hidden=\"true\" class=\"wp-block-spacer\"><\/div>\n","protected":false},"excerpt":{"rendered":"<p>Este ya tradicional festejo, que marca la apertura oficial del calendario vendimial de la provincia,&hellip;<\/p>\n","protected":false},"author":3,"featured_media":125499,"comment_status":"open","ping_status":"open","sticky":false,"template":"","format":"standard","meta":{"footnotes":""},"categories":[47],"tags":[],"class_list":["post-125496","post","type-post","status-publish","format-standard","has-post-thumbnail","hentry","category-agenda"],"_links":{"self":[{"href":"https:\/\/enolife.com.ar\/es\/wp-json\/wp\/v2\/posts\/125496","targetHints":{"allow":["GET"]}}],"collection":[{"href":"https:\/\/enolife.com.ar\/es\/wp-json\/wp\/v2\/posts"}],"about":[{"href":"https:\/\/enolife.com.ar\/es\/wp-json\/wp\/v2\/types\/post"}],"author":[{"embeddable":true,"href":"https:\/\/enolife.com.ar\/es\/wp-json\/wp\/v2\/users\/3"}],"replies":[{"embeddable":true,"href":"https:\/\/enolife.com.ar\/es\/wp-json\/wp\/v2\/comments?post=125496"}],"version-history":[{"count":0,"href":"https:\/\/enolife.com.ar\/es\/wp-json\/wp\/v2\/posts\/125496\/revisions"}],"wp:featuredmedia":[{"embeddable":true,"href":"https:\/\/enolife.com.ar\/es\/wp-json\/wp\/v2\/media\/125499"}],"wp:attachment":[{"href":"https:\/\/enolife.com.ar\/es\/wp-json\/wp\/v2\/media?parent=125496"}],"wp:term":[{"taxonomy":"category","embeddable":true,"href":"https:\/\/enolife.com.ar\/es\/wp-json\/wp\/v2\/categories?post=125496"},{"taxonomy":"post_tag","embeddable":true,"href":"https:\/\/enolife.com.ar\/es\/wp-json\/wp\/v2\/tags?post=125496"}],"curies":[{"name":"wp","href":"https:\/\/api.w.org\/{rel}","templated":true}]}}