{"id":125434,"date":"2024-09-26T17:12:27","date_gmt":"2024-09-26T17:12:27","guid":{"rendered":"https:\/\/enolife.com.ar\/es\/?p=125434"},"modified":"2024-09-27T22:51:29","modified_gmt":"2024-09-27T22:51:29","slug":"hasta-el-30-9-inscriben-a-musicos-y-orquestas-para-el-festival-tango-por-los-caminos-del-vino-2024","status":"publish","type":"post","link":"https:\/\/enolife.com.ar\/es\/hasta-el-30-9-inscriben-a-musicos-y-orquestas-para-el-festival-tango-por-los-caminos-del-vino-2024\/","title":{"rendered":"Hasta el 30\/9 inscriben a m\u00fasicos y orquestas para el festival Tango por los Caminos del Vino 2024"},"content":{"rendered":"\n<h4 class=\"wp-block-heading\"><em><strong>La Subsecretar\u00eda de Cultura del Gobierno de Mendoza convoc\u00f3 al concurso de m\u00fasicos para el ya cl\u00e1sico y popular festival que se realizar\u00e1 en diversas locaciones vitivin\u00edcolas y patrimoniales del territorio provincial los d\u00edas 10, 11, 12 y 13 de octubre de 2024. <span style=\"font-size: revert; color: initial;\">El monto de cachet a pagar es: para d\u00faos, $120.000; para tr\u00edos, $225.000; para cuartetos, $300.000; para quintetos, $375.000, y para sextetos o m\u00e1s integrantes, $450.000.<\/span> L<span style=\"font-size: revert; color: initial;\">os resultados ser\u00e1n publicados por los medios oficiales de la Subsecretar\u00eda de Cultura el 3 de octubre de 2024.<\/span><span style=\"font-size: revert; color: initial;\"><\/span> <\/strong><\/em><\/h4>\n\n\n\n<div style=\"height:35px\" aria-hidden=\"true\" class=\"wp-block-spacer\"><\/div>\n\n\n<a href=\"https:\/\/ar.verallia.com\/\" aria-label=\"VERALLIA 1700 x 500\"><img loading=\"lazy\" decoding=\"async\" src=\"https:\/\/enolife.com.ar\/es\/wp-content\/uploads\/2021\/04\/VERALLIA-1700-x-500.jpg\" alt=\"\"  srcset=\"https:\/\/enolife.com.ar\/es\/wp-content\/uploads\/2021\/04\/VERALLIA-1700-x-500.jpg 1700w, https:\/\/enolife.com.ar\/es\/wp-content\/uploads\/2021\/04\/VERALLIA-1700-x-500-300x88.jpg 300w, https:\/\/enolife.com.ar\/es\/wp-content\/uploads\/2021\/04\/VERALLIA-1700-x-500-1024x301.jpg 1024w, https:\/\/enolife.com.ar\/es\/wp-content\/uploads\/2021\/04\/VERALLIA-1700-x-500-768x226.jpg 768w, https:\/\/enolife.com.ar\/es\/wp-content\/uploads\/2021\/04\/VERALLIA-1700-x-500-1536x452.jpg 1536w, https:\/\/enolife.com.ar\/es\/wp-content\/uploads\/2021\/04\/VERALLIA-1700-x-500-1170x344.jpg 1170w, https:\/\/enolife.com.ar\/es\/wp-content\/uploads\/2021\/04\/VERALLIA-1700-x-500-585x172.jpg 585w\" sizes=\"auto, (max-width: 1700px) 100vw, 1700px\" width=\"1700\" height=\"500\"   \/><\/a>\n\n\n<div style=\"height:45px\" aria-hidden=\"true\" class=\"wp-block-spacer\"><\/div>\n\n\n\n<p>La <strong>Subsecretar\u00eda de Cultura<\/strong>, dependiente del Ministerio de Educaci\u00f3n, Cultura, Infancias y DGE del <strong>Gobierno de Mendoza<\/strong>, llam\u00f3 a la presentaci\u00f3n de propuestas art\u00edsticas para la <strong>XV Edici\u00f3n del Festival Tango por los Caminos del Vino<\/strong>, a realizarse en diversas locaciones del territorio provincial los d\u00edas <strong>10, 11, 12 y 13 de octubre de 2024.<\/strong><\/p>\n\n\n\n<p>La convocatoria apunta a contribuir a la promoci\u00f3n y difusi\u00f3n de la m\u00fasica de ese g\u00e9nero a partir de la riqueza particular de sus diversas expresiones musicales, y considerando que el conjunto constituye un bien patrimonial intangible de la humanidad, que pertenece a todos y que por ello todos tienen derecho a acceder a ella.<\/p>\n\n\n\n<p>Los interesados que presenten propuestas deber\u00e1n ser grupos u orquestas, en todos los casos con m\u00fasica en vivo. Las agrupaciones podr\u00e1n estar integradas por d\u00faos, tr\u00edos, cuartetos, quintetos y sextetos.<\/p>\n\n\n\n<p>Los m\u00fasicos integrantes de las distintas formaciones s\u00f3lo pueden participar en dos propuestas o ensambles y deben ser residentes de la provincia de Mendoza. Podr\u00e1n inscribirse hasta las 23.59 del domingo 30 de setiembre de 2024.<\/p>\n\n\n\n<div style=\"height:26px\" aria-hidden=\"true\" class=\"wp-block-spacer\"><\/div>\n\n\n\n<p class=\"has-medium-font-size\"><strong>Modalidades del concurso<\/strong><\/p>\n\n\n\n<p>Los participantes deber\u00e1n completar el formulario y adjuntar el material solicitado en formato digital PDF para concursar. Todos los integrantes deber\u00e1n adjuntar una nota firmada -con aclaraci\u00f3n y n\u00famero de documento de cada integrante del grupo- en la cual designan a un representante o responsable ante la Subsecretar\u00eda de Cultura y aceptan las condiciones detalladas en el reglamento del concurso. La sola inscripci\u00f3n implica la aceptaci\u00f3n integral de los t\u00e9rminos y condiciones del presente concurso.<\/p>\n\n\n\n<p>El jurado evaluador estar\u00e1 integrado por <strong>Alejandra Bermejillo<\/strong>, como representante del Movimiento de M\u00fasicos Independientes de Mendoza (MMIM)); <strong>Zaharay Ortega<\/strong>, como representante de Asociaci\u00f3n M\u00fasicos de Cuyo de Mendoza, y <strong>Carlos L\u00f3pez<\/strong>, en representaci\u00f3n de la Subsecretar\u00eda de Cultura.<\/p>\n\n\n\n<p>El monto de cachet a pagar ser\u00e1 estipulado de la siguiente manera: para d\u00faos, $120.000; para tr\u00edos, $225.000; para cuartetos, $300.000; para quintetos, $375.000, y para sextetos o m\u00e1s integrantes, $450.000.<\/p>\n\n\n\n<p>Los resultados ser\u00e1n publicados por los medios oficiales de la Subsecretar\u00eda de Cultura el 3 de octubre de 2024 y el fallo que emita ser\u00e1 de car\u00e1cter inapelable.<\/p>\n\n\n\n<div style=\"height:17px\" aria-hidden=\"true\" class=\"wp-block-spacer\"><\/div>\n\n\n\n<p class=\"has-background\" style=\"background-color:#abb7c259\"><strong>Consultar bases en:&nbsp;<a href=\"http:\/\/www.mendoza.gov.ar\/cultura\" target=\"_blank\" rel=\"noreferrer noopener\">www.mendoza.gov.ar\/cultura<\/a>.<\/strong><\/p>\n\n\n\n<div style=\"height:30px\" aria-hidden=\"true\" class=\"wp-block-spacer\"><\/div>\n","protected":false},"excerpt":{"rendered":"<p>La Subsecretar\u00eda de Cultura del Gobierno de Mendoza convoc\u00f3 al concurso de m\u00fasicos para el&hellip;<\/p>\n","protected":false},"author":3,"featured_media":125437,"comment_status":"open","ping_status":"open","sticky":false,"template":"","format":"standard","meta":{"footnotes":""},"categories":[14],"tags":[],"class_list":["post-125434","post","type-post","status-publish","format-standard","has-post-thumbnail","hentry","category-news"],"_links":{"self":[{"href":"https:\/\/enolife.com.ar\/es\/wp-json\/wp\/v2\/posts\/125434","targetHints":{"allow":["GET"]}}],"collection":[{"href":"https:\/\/enolife.com.ar\/es\/wp-json\/wp\/v2\/posts"}],"about":[{"href":"https:\/\/enolife.com.ar\/es\/wp-json\/wp\/v2\/types\/post"}],"author":[{"embeddable":true,"href":"https:\/\/enolife.com.ar\/es\/wp-json\/wp\/v2\/users\/3"}],"replies":[{"embeddable":true,"href":"https:\/\/enolife.com.ar\/es\/wp-json\/wp\/v2\/comments?post=125434"}],"version-history":[{"count":0,"href":"https:\/\/enolife.com.ar\/es\/wp-json\/wp\/v2\/posts\/125434\/revisions"}],"wp:featuredmedia":[{"embeddable":true,"href":"https:\/\/enolife.com.ar\/es\/wp-json\/wp\/v2\/media\/125437"}],"wp:attachment":[{"href":"https:\/\/enolife.com.ar\/es\/wp-json\/wp\/v2\/media?parent=125434"}],"wp:term":[{"taxonomy":"category","embeddable":true,"href":"https:\/\/enolife.com.ar\/es\/wp-json\/wp\/v2\/categories?post=125434"},{"taxonomy":"post_tag","embeddable":true,"href":"https:\/\/enolife.com.ar\/es\/wp-json\/wp\/v2\/tags?post=125434"}],"curies":[{"name":"wp","href":"https:\/\/api.w.org\/{rel}","templated":true}]}}