{"id":125327,"date":"2024-09-25T18:56:17","date_gmt":"2024-09-25T18:56:17","guid":{"rendered":"https:\/\/enolife.com.ar\/es\/?p=125327"},"modified":"2024-09-26T17:12:04","modified_gmt":"2024-09-26T17:12:04","slug":"el-27-9-la-umaza-invita-a-su-jornada-de-enologia-sustentable-y-la-degustacion-anual-de-sus-vinos","status":"publish","type":"post","link":"https:\/\/enolife.com.ar\/es\/el-27-9-la-umaza-invita-a-su-jornada-de-enologia-sustentable-y-la-degustacion-anual-de-sus-vinos\/","title":{"rendered":"El 27\/9 la UMaza invita a su Jornada de Enolog\u00eda Sustentable y la degustaci\u00f3n anual de sus vinos"},"content":{"rendered":"\n<h4 class=\"wp-block-heading\"><em><strong>El 27 de setiembre, la Facultad de Ingenier\u00eda y Enolog\u00eda de la Universidad Maza celebrar\u00e1 su esperada Degustaci\u00f3n Anual 2024 en el marco de la Jornada de Enolog\u00eda Sustentable, en la que se disertar\u00e1 sobre \u201cManejo de vi\u00f1edos sustentables en zonas no tradicionales\u201d a cargo de Juan Pablo Garde, y \u201cLa sustentabilidad en los procesos enol\u00f3gicos\u201d por Nicol\u00e1s Laurencio.<\/strong><\/em><\/h4>\n\n\n\n<div style=\"height:35px\" aria-hidden=\"true\" class=\"wp-block-spacer\"><\/div>\n\n\n<a href=\"https:\/\/grupoaltasur.com\/\" aria-label=\"1700-500px\"><img loading=\"lazy\" decoding=\"async\" src=\"https:\/\/enolife.com.ar\/es\/wp-content\/uploads\/2021\/01\/1700-500px.jpg\" alt=\"\"  srcset=\"https:\/\/enolife.com.ar\/es\/wp-content\/uploads\/2021\/01\/1700-500px.jpg 1700w, https:\/\/enolife.com.ar\/es\/wp-content\/uploads\/2021\/01\/1700-500px-300x88.jpg 300w, https:\/\/enolife.com.ar\/es\/wp-content\/uploads\/2021\/01\/1700-500px-1024x301.jpg 1024w, https:\/\/enolife.com.ar\/es\/wp-content\/uploads\/2021\/01\/1700-500px-768x226.jpg 768w, https:\/\/enolife.com.ar\/es\/wp-content\/uploads\/2021\/01\/1700-500px-1536x452.jpg 1536w, https:\/\/enolife.com.ar\/es\/wp-content\/uploads\/2021\/01\/1700-500px-1170x344.jpg 1170w, https:\/\/enolife.com.ar\/es\/wp-content\/uploads\/2021\/01\/1700-500px-585x172.jpg 585w\" sizes=\"auto, (max-width: 1700px) 100vw, 1700px\" width=\"1700\" height=\"500\"   \/><\/a>\n\n\n<div style=\"height:45px\" aria-hidden=\"true\" class=\"wp-block-spacer\"><\/div>\n\n\n\n<p>En medio de las crecientes preocupaciones ambientales, es importante la b\u00fasqueda de pr\u00e1cticas m\u00e1s sostenibles. En este contexto, el 27 de setiembre, de 17.30 a 20 hs, se llevar\u00e1 a cabo la tradicional&nbsp;\u201cJornada de Enolog\u00eda Sustentable\u201d que organizan el \u00e1rea de Extensi\u00f3n y la Facultad de Ingenier\u00eda y Enolog\u00eda de la Universidad Maza. Tras ella, de 20 a 22 hs aproximadamente, se realizar\u00e1 la \u201cDegustaci\u00f3n anual\u201d que siempre convoca a una gran cantidad de p\u00fablico a disfrutar de los vinos de la propia universidad y de importantes bodegas del medio.<\/p>\n\n\n\n<div style=\"height:35px\" aria-hidden=\"true\" class=\"wp-block-spacer\"><\/div>\n\n\n<div class=\"wp-block-image\">\n<figure class=\"alignleft size-full is-resized\"><a href=\"https:\/\/enolife.com.ar\/es\/wp-content\/uploads\/2024\/09\/WhatsApp-Image-2024-09-25-at-10.35.25.jpeg\" data-rel=\"penci-gallery-image-content\" ><img loading=\"lazy\" decoding=\"async\" src=\"https:\/\/enolife.com.ar\/es\/wp-content\/uploads\/2024\/09\/WhatsApp-Image-2024-09-25-at-10.35.25.jpeg\" alt=\"\" class=\"wp-image-125333\" width=\"238\" height=\"281\" srcset=\"https:\/\/enolife.com.ar\/es\/wp-content\/uploads\/2024\/09\/WhatsApp-Image-2024-09-25-at-10.35.25.jpeg 400w, https:\/\/enolife.com.ar\/es\/wp-content\/uploads\/2024\/09\/WhatsApp-Image-2024-09-25-at-10.35.25-255x300.jpeg 255w\" sizes=\"auto, (max-width: 238px) 100vw, 238px\" \/><\/a><\/figure><\/div>\n\n\n<p class=\"has-medium-font-size\"><strong>Jornada de Enolog\u00eda Sustentable<\/strong><\/p>\n\n\n\n<p>En el marco de las crecientes preocupaciones ambientales, es importante que desde las industrias se planteen metodolog\u00edas amigables con el medio ambiente. Por eso, a partir de las 17:30 h, se llevar\u00e1n a cabo dos enriquecedoras charlas.&nbsp;<\/p>\n\n\n\n<p>La primera ser\u00e1 sobre <strong>\u201cManejo de vi\u00f1edos sustentables en zonas no tradicionales\u201d<\/strong> a cargo del disertante Lic. <strong>Juan Pablo Garde<\/strong>, <\/p>\n\n\n\n<p>La segunda sobre <strong>\u201cLa sustentabilidad en los procesos enol\u00f3gicos\u201d<\/strong> con el Lic.<strong> Nicol\u00e1s Laurencio.&nbsp;<\/strong><\/p>\n\n\n\n<div style=\"height:35px\" aria-hidden=\"true\" class=\"wp-block-spacer\"><\/div>\n\n\n\n<p class=\"has-medium-font-size\"><strong>Degustaci\u00f3n Anual 2024<\/strong><\/p>\n\n\n\n<p>Tras las disertaciones, de 20:00 a 22:00 hs, se realizar\u00e1 la \u201cDegustaci\u00f3n anual\u201d. El evento se llevar\u00e1 a cabo en el Patio de la Bandera del Edificio Huarpe. Aquellos interesados en participar deber\u00e1n abonar un costo de $6.000 por Mercado Pago <strong>(a trav\u00e9s de&nbsp;<a href=\"https:\/\/mpago.la\/2TD4Dpg\">este link<\/a>)<\/strong> y enviar el comprobante al n\u00famero de <strong>Whatss App +54 9 261 213 5408 de Aldana Pisano<\/strong> para confirmar su asistencia. La entrada incluye copa de degustaci\u00f3n.<\/p>\n\n\n\n<p>Como ha ocurrido los \u00faltimos a\u00f1os, la cita cobra especial relevancia tras el reconocimiento del Malbec Umaza 2023 en el Concurso Internacional de Vinos y Licores&nbsp;Vinus, donde fue galardonado con Doble Medalla de Oro y con el premio Campe\u00f3n tinto joven.<\/p>\n\n\n\n<div style=\"height:30px\" aria-hidden=\"true\" class=\"wp-block-spacer\"><\/div>\n\n\n<div class=\"wp-block-image\">\n<figure class=\"aligncenter size-full is-resized\"><a href=\"https:\/\/enolife.com.ar\/es\/wp-content\/uploads\/2024\/09\/WhatsApp-Image-2024-09-25-at-10.39.08.jpeg\" data-rel=\"penci-gallery-image-content\" ><img loading=\"lazy\" decoding=\"async\" src=\"https:\/\/enolife.com.ar\/es\/wp-content\/uploads\/2024\/09\/WhatsApp-Image-2024-09-25-at-10.39.08.jpeg\" alt=\"\" class=\"wp-image-125334\" width=\"471\" height=\"242\" srcset=\"https:\/\/enolife.com.ar\/es\/wp-content\/uploads\/2024\/09\/WhatsApp-Image-2024-09-25-at-10.39.08.jpeg 779w, https:\/\/enolife.com.ar\/es\/wp-content\/uploads\/2024\/09\/WhatsApp-Image-2024-09-25-at-10.39.08-300x154.jpeg 300w, https:\/\/enolife.com.ar\/es\/wp-content\/uploads\/2024\/09\/WhatsApp-Image-2024-09-25-at-10.39.08-768x394.jpeg 768w, https:\/\/enolife.com.ar\/es\/wp-content\/uploads\/2024\/09\/WhatsApp-Image-2024-09-25-at-10.39.08-585x300.jpeg 585w\" sizes=\"auto, (max-width: 471px) 100vw, 471px\" \/><\/a><\/figure><\/div>\n\n\n<div style=\"height:30px\" aria-hidden=\"true\" class=\"wp-block-spacer\"><\/div>\n\n\n\n<p>El Malbec 2024 tambi\u00e9n fue reconocido recientemente en dicho certamen obteniendo por quinta vez la Doble Medalla de Oro. Ejemplar que tendremos el placer de degustar el pr\u00f3ximo a\u00f1o.&nbsp; &nbsp;<\/p>\n\n\n\n<p>La invitaci\u00f3n se extiende a todos los estudiantes de la Lic. en Enolog\u00eda de la Universidad, como as\u00ed tambi\u00e9n, a todo el p\u00fablico general que desee pasar una tarde agradable.&nbsp;<\/p>\n\n\n\n<div style=\"height:30px\" aria-hidden=\"true\" class=\"wp-block-spacer\"><\/div>\n","protected":false},"excerpt":{"rendered":"<p>El 27 de setiembre, la Facultad de Ingenier\u00eda y Enolog\u00eda de la Universidad Maza celebrar\u00e1&hellip;<\/p>\n","protected":false},"author":3,"featured_media":125336,"comment_status":"open","ping_status":"open","sticky":false,"template":"","format":"standard","meta":{"footnotes":""},"categories":[47,56],"tags":[],"class_list":["post-125327","post","type-post","status-publish","format-standard","has-post-thumbnail","hentry","category-agenda","category-destacado"],"_links":{"self":[{"href":"https:\/\/enolife.com.ar\/es\/wp-json\/wp\/v2\/posts\/125327","targetHints":{"allow":["GET"]}}],"collection":[{"href":"https:\/\/enolife.com.ar\/es\/wp-json\/wp\/v2\/posts"}],"about":[{"href":"https:\/\/enolife.com.ar\/es\/wp-json\/wp\/v2\/types\/post"}],"author":[{"embeddable":true,"href":"https:\/\/enolife.com.ar\/es\/wp-json\/wp\/v2\/users\/3"}],"replies":[{"embeddable":true,"href":"https:\/\/enolife.com.ar\/es\/wp-json\/wp\/v2\/comments?post=125327"}],"version-history":[{"count":0,"href":"https:\/\/enolife.com.ar\/es\/wp-json\/wp\/v2\/posts\/125327\/revisions"}],"wp:featuredmedia":[{"embeddable":true,"href":"https:\/\/enolife.com.ar\/es\/wp-json\/wp\/v2\/media\/125336"}],"wp:attachment":[{"href":"https:\/\/enolife.com.ar\/es\/wp-json\/wp\/v2\/media?parent=125327"}],"wp:term":[{"taxonomy":"category","embeddable":true,"href":"https:\/\/enolife.com.ar\/es\/wp-json\/wp\/v2\/categories?post=125327"},{"taxonomy":"post_tag","embeddable":true,"href":"https:\/\/enolife.com.ar\/es\/wp-json\/wp\/v2\/tags?post=125327"}],"curies":[{"name":"wp","href":"https:\/\/api.w.org\/{rel}","templated":true}]}}