{"id":125283,"date":"2024-09-25T13:35:24","date_gmt":"2024-09-25T13:35:24","guid":{"rendered":"https:\/\/enolife.com.ar\/es\/?p=125283"},"modified":"2024-09-26T13:21:42","modified_gmt":"2024-09-26T13:21:42","slug":"jornada-de-actualizacion-enologica-innovacion-y-sustentabilidad-en-la-facultad-don-bosco-el-25-10","status":"publish","type":"post","link":"https:\/\/enolife.com.ar\/es\/jornada-de-actualizacion-enologica-innovacion-y-sustentabilidad-en-la-facultad-don-bosco-el-25-10\/","title":{"rendered":"Jornada de actualizaci\u00f3n enol\u00f3gica, innovaci\u00f3n y sustentabilidad en la Facultad Don Bosco el 25\/10"},"content":{"rendered":"\n<h4 class=\"wp-block-heading\"><em><strong>En el marco de la celebraci\u00f3n de los 59 a\u00f1os de la Facultad Don Bosco de Enolog\u00eda y Ciencias de la Alimentaci\u00f3n de la Universidad Cat\u00f3lica de Cuyo (FDB UCCuyo), el pr\u00f3ximo 25 de octubre, en una jornada completa de 8 a 17 hs, con lunch incluido, profesionales del sector vitivin\u00edcola compartir\u00e1n sus conocimientos con p\u00fablico en general, estudiantes, docentes y empresarios. M\u00e1rketing, comunicaci\u00f3n del vino, enolog\u00eda sustentable, vinos de cero y bajo alcohol ser\u00e1n algunos de los temas desarrollados en las exposiciones.<\/strong><\/em><\/h4>\n\n\n\n<div style=\"height:35px\" aria-hidden=\"true\" class=\"wp-block-spacer\"><\/div>\n\n\n<a href=\"https:\/\/www.instagram.com\/agroconciencia_\" aria-label=\"BANNER AGROCONCIENCIA 1700X500\"><img loading=\"lazy\" decoding=\"async\" src=\"https:\/\/enolife.com.ar\/es\/wp-content\/uploads\/2019\/07\/BANNER-AGROCONCIENCIA-1700X500-1.jpg\" alt=\"\"  srcset=\"https:\/\/enolife.com.ar\/es\/wp-content\/uploads\/2019\/07\/BANNER-AGROCONCIENCIA-1700X500-1.jpg 1700w, https:\/\/enolife.com.ar\/es\/wp-content\/uploads\/2019\/07\/BANNER-AGROCONCIENCIA-1700X500-1-300x88.jpg 300w, https:\/\/enolife.com.ar\/es\/wp-content\/uploads\/2019\/07\/BANNER-AGROCONCIENCIA-1700X500-1-1024x301.jpg 1024w, https:\/\/enolife.com.ar\/es\/wp-content\/uploads\/2019\/07\/BANNER-AGROCONCIENCIA-1700X500-1-768x226.jpg 768w, https:\/\/enolife.com.ar\/es\/wp-content\/uploads\/2019\/07\/BANNER-AGROCONCIENCIA-1700X500-1-1536x452.jpg 1536w, https:\/\/enolife.com.ar\/es\/wp-content\/uploads\/2019\/07\/BANNER-AGROCONCIENCIA-1700X500-1-1170x344.jpg 1170w, https:\/\/enolife.com.ar\/es\/wp-content\/uploads\/2019\/07\/BANNER-AGROCONCIENCIA-1700X500-1-585x172.jpg 585w\" sizes=\"auto, (max-width: 1700px) 100vw, 1700px\" width=\"1700\" height=\"500\"   \/><\/a>\n\n\n<div style=\"height:45px\" aria-hidden=\"true\" class=\"wp-block-spacer\"><\/div>\n\n\n<div class=\"wp-block-image\">\n<figure class=\"alignleft size-full is-resized\"><a href=\"https:\/\/enolife.com.ar\/es\/wp-content\/uploads\/2024\/09\/WhatsApp-Image-2024-09-24-at-16.25.51.jpeg\" data-rel=\"penci-gallery-image-content\" ><img loading=\"lazy\" decoding=\"async\" src=\"https:\/\/enolife.com.ar\/es\/wp-content\/uploads\/2024\/09\/WhatsApp-Image-2024-09-24-at-16.25.51.jpeg\" alt=\"\" class=\"wp-image-125302\" width=\"367\" height=\"367\" srcset=\"https:\/\/enolife.com.ar\/es\/wp-content\/uploads\/2024\/09\/WhatsApp-Image-2024-09-24-at-16.25.51.jpeg 400w, https:\/\/enolife.com.ar\/es\/wp-content\/uploads\/2024\/09\/WhatsApp-Image-2024-09-24-at-16.25.51-300x300.jpeg 300w, https:\/\/enolife.com.ar\/es\/wp-content\/uploads\/2024\/09\/WhatsApp-Image-2024-09-24-at-16.25.51-150x150.jpeg 150w\" sizes=\"auto, (max-width: 367px) 100vw, 367px\" \/><\/a><\/figure><\/div>\n\n\n<p>En la semana de su 59\u00b0 aniversario, el <strong>viernes 25\/10 de 8 a 17 hs<\/strong>, la <strong>Facultad Don Bosco de Enolog\u00eda y Ciencias de la Alimentaci\u00f3n de la \u200bUniversidad Cat\u00f3lica de Cuyo<\/strong> <strong>(FDB UCCuyo)<\/strong> realizar\u00e1 una jornada de actualizaci\u00f3n en enolog\u00eda que se basar\u00e1 en los pilares de innovaci\u00f3n y sustentabilidad.<\/p>\n\n\n\n<p><strong>Dirigidas a: <\/strong>Profesionales, docentes, t\u00e9cnicos y alumnos de carreras afines a \u200benolog\u00eda. Empresarios del sector vitivin\u00edcola y alimentos. P\u00fablico en general.<\/p>\n\n\n\n<p><strong>Aranceles<\/strong>: docentes y alumnos de la Obra Don Bosco: $8.000. \u200bEgresados, profesionales, t\u00e9cnicos de otras instituciones, empresarios y p\u00fablico \u200ben general: $20.000. En ambos casos incluye lunch.<\/p>\n\n\n\n<div style=\"height:20px\" aria-hidden=\"true\" class=\"wp-block-spacer\"><\/div>\n\n\n\n<p class=\"has-background\" style=\"background-color:#abb7c269\"><strong>Inscripciones: <a href=\"https:\/\/docs.google.com\/forms\/d\/e\/1FAIpQLSfeHiG_ptPvQEnjps_ep2P8esizDr2mcY97cOzRETSGDL0asA\/viewform\" title=\"\">AQU\u00cd<\/a><\/strong><\/p>\n\n\n\n<div style=\"height:18px\" aria-hidden=\"true\" class=\"wp-block-spacer\"><\/div>\n\n\n\n<p id=\"zXoaoaWOXNbciiq3\"><strong>Lugar<\/strong>: Facultad Don Bosco de Enolog\u00eda y Ciencias de la Alimentaci\u00f3n. \u200bUniversidad Cat\u00f3lica de Cuyo: Ruta Provincial N\u00b0 50 6722 (5529) Rodeo \u200bdel Medio- Maip\u00fa- Mendoza. <\/p>\n\n\n\n<div style=\"height:35px\" aria-hidden=\"true\" class=\"wp-block-spacer\"><\/div>\n\n\n\n<p class=\"has-medium-font-size\" id=\"x7Insxv6UgVUHGVt\"><strong>Programa<\/strong><\/p>\n\n\n\n<p><strong>8.30 hs:<\/strong> Acreditaci\u00f3n<\/p>\n\n\n\n<p><strong>9 hs: \u00abMarketing y Comunicaci\u00f3n de vinos: \u00faltimas tendencias\u00bb<\/strong> &#8211; Jimena L\u00f3pez, en\u00f3loga, presidente de Bodega C\u00f3digos S.A., consultora internacional, docente y egresada de FDB UCCuyo<\/p>\n\n\n\n<p><strong>10.15 hs: \u00abAlternativas al SO2 para controlar la contaminaci\u00f3n por brettanomyces en el vino: contribuciones de mi investigaci\u00f3n doctoral en la Universidad de Adelaida (Australia)\u00bb<\/strong> &#8211; Yanina Giordano, en\u00f3loga egresada de FDB UCCuyo, doctorada en Universidad de Adelaida.<\/p>\n\n\n\n<p><strong>11.30 hs: \u00abUna mirada a la vitivinicultura del futuro: Biodinamia\u00bb<\/strong> &#8211; Victoria Brond, gerente de enolog\u00eda y operaciones de Bodega Alpamanta, en\u00f3loga egresada de FDB UCCuyo.<\/p>\n\n\n\n<p><strong>12.30 hs: Degustaci\u00f3n <\/strong>de vinos biodin\u00e1micos y org\u00e1nicos<\/p>\n\n\n\n<p><strong>13.30 hs:<\/strong> Lunch<\/p>\n\n\n\n<p><strong>15 hs: \u00abSustentabilidad 360\u00bb <\/strong>&#8211; Pablo Rabino, director de operaciones de Bodega Chandon, en\u00f3logo docente y egresado de FDB UCCuyo.<\/p>\n\n\n\n<p><strong>16.15 hs: \u00abVinos bajo alcohol: tecnolog\u00eda, mitos y verdades\u00bb<\/strong> &#8211; Alejandro C\u00e1novas, en\u00f3logo de Falasco Wines, egresado de FDB UCCuyo.<\/p>\n\n\n\n<div style=\"height:21px\" aria-hidden=\"true\" class=\"wp-block-spacer\"><\/div>\n\n\n\n<p class=\"has-background\" id=\"zXoaoaWOXNbciiq3\" style=\"background-color:#abb7c261\"><strong>Para m\u00e1s informaci\u00f3n escribir al correo electr\u00f3nico: \u200b<a href=\"mailto:investigacionesrodeo@donbosco.org.ar\" target=\"_blank\" rel=\"noreferrer noopener\">investigacionesrodeo@donbosco.org.ar<\/a> o <a href=\"mailto:comunicacionrodeo@donbosco.org.ar\" target=\"_blank\" rel=\"noreferrer noopener\">comunicacionrodeo@donbosco.org.ar<\/a><\/strong><\/p>\n\n\n\n<div style=\"height:30px\" aria-hidden=\"true\" class=\"wp-block-spacer\"><\/div>\n","protected":false},"excerpt":{"rendered":"<p>En el marco de la celebraci\u00f3n de los 59 a\u00f1os de la Facultad Don Bosco&hellip;<\/p>\n","protected":false},"author":3,"featured_media":125304,"comment_status":"open","ping_status":"open","sticky":false,"template":"","format":"standard","meta":{"footnotes":""},"categories":[47],"tags":[],"class_list":["post-125283","post","type-post","status-publish","format-standard","has-post-thumbnail","hentry","category-agenda"],"_links":{"self":[{"href":"https:\/\/enolife.com.ar\/es\/wp-json\/wp\/v2\/posts\/125283","targetHints":{"allow":["GET"]}}],"collection":[{"href":"https:\/\/enolife.com.ar\/es\/wp-json\/wp\/v2\/posts"}],"about":[{"href":"https:\/\/enolife.com.ar\/es\/wp-json\/wp\/v2\/types\/post"}],"author":[{"embeddable":true,"href":"https:\/\/enolife.com.ar\/es\/wp-json\/wp\/v2\/users\/3"}],"replies":[{"embeddable":true,"href":"https:\/\/enolife.com.ar\/es\/wp-json\/wp\/v2\/comments?post=125283"}],"version-history":[{"count":0,"href":"https:\/\/enolife.com.ar\/es\/wp-json\/wp\/v2\/posts\/125283\/revisions"}],"wp:featuredmedia":[{"embeddable":true,"href":"https:\/\/enolife.com.ar\/es\/wp-json\/wp\/v2\/media\/125304"}],"wp:attachment":[{"href":"https:\/\/enolife.com.ar\/es\/wp-json\/wp\/v2\/media?parent=125283"}],"wp:term":[{"taxonomy":"category","embeddable":true,"href":"https:\/\/enolife.com.ar\/es\/wp-json\/wp\/v2\/categories?post=125283"},{"taxonomy":"post_tag","embeddable":true,"href":"https:\/\/enolife.com.ar\/es\/wp-json\/wp\/v2\/tags?post=125283"}],"curies":[{"name":"wp","href":"https:\/\/api.w.org\/{rel}","templated":true}]}}