{"id":125207,"date":"2024-09-25T22:49:16","date_gmt":"2024-09-25T22:49:16","guid":{"rendered":"https:\/\/enolife.com.ar\/es\/?p=125207"},"modified":"2024-09-27T14:22:44","modified_gmt":"2024-09-27T14:22:44","slug":"el-libro-la-riojana-una-vida-cooperativa-de-mario-j-gonzalez-fue-premiado-por-la-oiv","status":"publish","type":"post","link":"https:\/\/enolife.com.ar\/es\/el-libro-la-riojana-una-vida-cooperativa-de-mario-j-gonzalez-fue-premiado-por-la-oiv\/","title":{"rendered":"El libro \u00abLa Riojana: Una vid(a) cooperativa\u00bb de Mario J. Gonz\u00e1lez fue premiado por la OIV"},"content":{"rendered":"\n<h4 class=\"wp-block-heading\"><em><strong>La obra del destacado dirigente vitivin\u00edcola y cooperativista de La Rioja, Argentina, obtuvo una de las 15 Menciones Especiales de los premios de la Organizaci\u00f3n Internacional de la Vid y el Vino (OIV), entre 81 publicaciones presentadas de todo el mundo. Mario Juan Gonz\u00e1lez, padre del actual presidente de la Coviar, Mario Hern\u00e1n Gonz\u00e1lez, cuenta c\u00f3mo durante su gesti\u00f3n de m\u00e1s de 40 a\u00f1os al frente de la Cooperativa La Riojana, esa organizaci\u00f3n pas\u00f3 de ser una peque\u00f1a cooperativa de inmigrantes en Colonia Caroya, C\u00f3rdoba, a establecerse en Chilecito, La Rioja, y convertirse en la principal bodega Fairtrade org\u00e1nica del mundo, que exporta vinos y aceites a pa\u00edses n\u00f3rdicos de Europa y Am\u00e9rica.<\/strong><\/em><\/h4>\n\n\n\n<div style=\"height:35px\" aria-hidden=\"true\" class=\"wp-block-spacer\"><\/div>\n\n\n<a href=\"https:\/\/www.dellatoffola.com.ar\/es\/home\" aria-label=\"della toffolla 1700&#215;500\"><img loading=\"lazy\" decoding=\"async\" src=\"https:\/\/enolife.com.ar\/es\/wp-content\/uploads\/2023\/10\/della-toffolla-1700x500-2.png\" alt=\"\"  srcset=\"https:\/\/enolife.com.ar\/es\/wp-content\/uploads\/2023\/10\/della-toffolla-1700x500-2.png 1699w, https:\/\/enolife.com.ar\/es\/wp-content\/uploads\/2023\/10\/della-toffolla-1700x500-2-300x88.png 300w, https:\/\/enolife.com.ar\/es\/wp-content\/uploads\/2023\/10\/della-toffolla-1700x500-2-1024x301.png 1024w, https:\/\/enolife.com.ar\/es\/wp-content\/uploads\/2023\/10\/della-toffolla-1700x500-2-768x226.png 768w, https:\/\/enolife.com.ar\/es\/wp-content\/uploads\/2023\/10\/della-toffolla-1700x500-2-1536x451.png 1536w, https:\/\/enolife.com.ar\/es\/wp-content\/uploads\/2023\/10\/della-toffolla-1700x500-2-1170x344.png 1170w, https:\/\/enolife.com.ar\/es\/wp-content\/uploads\/2023\/10\/della-toffolla-1700x500-2-585x172.png 585w\" sizes=\"auto, (max-width: 1699px) 100vw, 1699px\" width=\"1699\" height=\"499\"   \/><\/a>\n\n\n<div style=\"height:45px\" aria-hidden=\"true\" class=\"wp-block-spacer\"><\/div>\n\n\n\n<p>Desde 1930, los <strong>Premios<\/strong> de la <strong>Organizaci\u00f3n Internacional de la Vid y el Vino (OIV)<\/strong> han reconocido la excelencia en las publicaciones del sector de la vid y el vino. Esta distinci\u00f3n es otorgada anualmente por un jurado internacional compuesto por estimados expertos que representan a sus pa\u00edses miembros. <\/p>\n\n\n\n<p>Para la edici\u00f3n 2024 se presentaron <strong>81 publicaciones de todo el mundo<\/strong>, de los cuales se otorgaron <strong>14 premios, 15 menciones especiales<\/strong> y el codiciado <strong>premio del presidente del jurado.<\/strong><\/p>\n\n\n\n<p>La ceremonia, realizada el 20\/9 en <strong>Lisboa<\/strong>, <strong>Portugal<\/strong> -por primera vez fuera de la sede de la OIV-, fue organizada por el organismo internacional junto al <strong>Instituto Portugu\u00e9s de la Vinha e do Vinho (IVV)<\/strong> y <strong>Vinos de Portugal <\/strong>y reuni\u00f3 a unos 100 asistentes, incluidos los galardonados, figuras clave del sector portugu\u00e9s de la vid y el vino, y representantes diplom\u00e1ticos. <\/p>\n\n\n\n<div style=\"height:30px\" aria-hidden=\"true\" class=\"wp-block-spacer\"><\/div>\n\n\n<div class=\"wp-block-image\">\n<figure class=\"aligncenter size-full is-resized\"><a href=\"https:\/\/enolife.com.ar\/es\/wp-content\/uploads\/2024\/09\/OIV-3.jpg\" data-rel=\"penci-gallery-image-content\" ><img loading=\"lazy\" decoding=\"async\" src=\"https:\/\/enolife.com.ar\/es\/wp-content\/uploads\/2024\/09\/OIV-3.jpg\" alt=\"\" class=\"wp-image-125238\" width=\"678\" height=\"361\" srcset=\"https:\/\/enolife.com.ar\/es\/wp-content\/uploads\/2024\/09\/OIV-3.jpg 939w, https:\/\/enolife.com.ar\/es\/wp-content\/uploads\/2024\/09\/OIV-3-300x160.jpg 300w, https:\/\/enolife.com.ar\/es\/wp-content\/uploads\/2024\/09\/OIV-3-768x409.jpg 768w, https:\/\/enolife.com.ar\/es\/wp-content\/uploads\/2024\/09\/OIV-3-585x312.jpg 585w\" sizes=\"auto, (max-width: 678px) 100vw, 678px\" \/><\/a><figcaption class=\"wp-element-caption\"><em><strong>Los galardonados en Lisboa, Portugal<\/strong><\/em><strong><em>.<\/em><\/strong><\/figcaption><\/figure><\/div>\n\n\n<div style=\"height:30px\" aria-hidden=\"true\" class=\"wp-block-spacer\"><\/div>\n\n\n\n<p><strong>Bernardo Gouv\u00eaa<\/strong>, presidente del IVV, abri\u00f3 la ceremonia, a quien sigui\u00f3 <strong>John Barker<\/strong>, director general de la OIV que dijo: \u00ab<em>Este a\u00f1o tiene un significado especial para nuestra organizaci\u00f3n, ya que conmemoramos un siglo de existencia y logros desde nuestra fundaci\u00f3n en 1924. Los Premios OIV son un elemento clave de esta celebraci\u00f3n, por lo que es particularmente apropiado que nos reunamos en la vibrante y hermosa ciudad de Lisboa. Portugal, uno de los miembros fundadores de nuestra organizaci\u00f3n, ha mantenido durante mucho tiempo una posici\u00f3n de gran importancia dentro de la OIV\u00bb<\/em>, y extendi\u00f3 su agradecimiento a IVV y su equipo, \u00ab<em>cuyos esfuerzos han hecho posible la ceremonia en la capital portuguesa\u00bb<\/em>. <\/p>\n\n\n\n<div style=\"height:30px\" aria-hidden=\"true\" class=\"wp-block-spacer\"><\/div>\n\n\n<div class=\"wp-block-image\">\n<figure class=\"aligncenter size-full is-resized\"><a href=\"https:\/\/enolife.com.ar\/es\/wp-content\/uploads\/2024\/09\/OIV-2.jpg\" data-rel=\"penci-gallery-image-content\" ><img loading=\"lazy\" decoding=\"async\" src=\"https:\/\/enolife.com.ar\/es\/wp-content\/uploads\/2024\/09\/OIV-2.jpg\" alt=\"\" class=\"wp-image-125234\" width=\"593\" height=\"377\" srcset=\"https:\/\/enolife.com.ar\/es\/wp-content\/uploads\/2024\/09\/OIV-2.jpg 785w, https:\/\/enolife.com.ar\/es\/wp-content\/uploads\/2024\/09\/OIV-2-300x191.jpg 300w, https:\/\/enolife.com.ar\/es\/wp-content\/uploads\/2024\/09\/OIV-2-768x489.jpg 768w, https:\/\/enolife.com.ar\/es\/wp-content\/uploads\/2024\/09\/OIV-2-585x373.jpg 585w\" sizes=\"auto, (max-width: 593px) 100vw, 593px\" \/><\/a><figcaption class=\"wp-element-caption\"><em><strong>Bernardo Gouv\u00eaa<\/strong><\/em><strong>.<\/strong><\/figcaption><\/figure><\/div>\n\n\n<div style=\"height:30px\" aria-hidden=\"true\" class=\"wp-block-spacer\"><\/div>\n\n\n\n<p><em>\u00abLa OIV est\u00e1 profundamente comprometida con la promoci\u00f3n de este patrimonio y la recompensa de la excelencia en este campo. Al reconocer a los autores y editores de estas obras notables, celebramos sus contribuciones esenciales a nuestra comprensi\u00f3n de la vid y el vino\u00bb,<\/em> agreg\u00f3 Barker.<\/p>\n\n\n\n<p>Los premios y diplomas fueron presentados por <strong>Az\u00e9lina Jaboulet-Vercherre, <\/strong>presidenta del jurado, y por <strong>Richard Pfister, <\/strong>secretario cient\u00edfico de los premios<strong> <\/strong>de la OIV. <\/p>\n\n\n\n<div style=\"height:30px\" aria-hidden=\"true\" class=\"wp-block-spacer\"><\/div>\n\n\n<div class=\"wp-block-image\">\n<figure class=\"aligncenter size-full is-resized\"><a href=\"https:\/\/enolife.com.ar\/es\/wp-content\/uploads\/2024\/09\/OIV-1.jpg\" data-rel=\"penci-gallery-image-content\" ><img loading=\"lazy\" decoding=\"async\" src=\"https:\/\/enolife.com.ar\/es\/wp-content\/uploads\/2024\/09\/OIV-1.jpg\" alt=\"\" class=\"wp-image-125233\" width=\"652\" height=\"368\" srcset=\"https:\/\/enolife.com.ar\/es\/wp-content\/uploads\/2024\/09\/OIV-1.jpg 808w, https:\/\/enolife.com.ar\/es\/wp-content\/uploads\/2024\/09\/OIV-1-300x170.jpg 300w, https:\/\/enolife.com.ar\/es\/wp-content\/uploads\/2024\/09\/OIV-1-768x434.jpg 768w, https:\/\/enolife.com.ar\/es\/wp-content\/uploads\/2024\/09\/OIV-1-585x331.jpg 585w\" sizes=\"auto, (max-width: 652px) 100vw, 652px\" \/><\/a><figcaption class=\"wp-element-caption\"><em><strong>En el escenario, John Barker, Az\u00e9lina Jaboulet-Vercherre y Richard Pfister<\/strong><\/em>.<\/figcaption><\/figure><\/div>\n\n\n<div style=\"height:30px\" aria-hidden=\"true\" class=\"wp-block-spacer\"><\/div>\n\n\n\n<p>Las 14 categor\u00edas ganadoras cubrieron una amplia gama de obras sobre la vid y el vino, desde publicaciones cient\u00edficas y t\u00e9cnicas hasta literatura, turismo del vino e incluso c\u00f3mics, incluyendo un juego de cartas sobre enfermedades de la vid. La diversidad y el pluralismo de estas publicaciones destacan la presencia excepcional de la vid y el vino en todos los aspectos de la cultura.<\/p>\n\n\n\n<p>Por primera vez, una de las obras tambi\u00e9n fue distinguida con el <strong>\u00abPremio Presidente OIV\u00bb<\/strong>, un honor excepcional otorgado este a\u00f1o a <strong>\u00abEl Arca Australiana: La Historia del Vino Australiano de 1788 a la Era Moderna\u00bb<\/strong>. Este trabajo en tres vol\u00famenes traza el desarrollo de la vinificaci\u00f3n en Australia desde sus inicios en 1788, cuando las primeras vides fueron tra\u00eddas al continente por los colonos europeos, hasta su crecimiento como un productor de vino reconocido a nivel mundial, y promete convertirse en la referencia de la historia del vino australiano en las pr\u00f3ximas d\u00e9cadas.<\/p>\n\n\n\n<div style=\"height:15px\" aria-hidden=\"true\" class=\"wp-block-spacer\"><\/div>\n\n\n\n<p class=\"has-background\" style=\"background-color:#abb7c254\"><strong>Ver todos los ganadores: <a href=\"https:\/\/www.oiv.int\/what-we-offer\/oiv-awards\/oiv-awards-2024\" title=\"\">AQU\u00cd<\/a><\/strong><\/p>\n\n\n\n<div style=\"height:35px\" aria-hidden=\"true\" class=\"wp-block-spacer\"><\/div>\n\n\n\n<p class=\"has-medium-font-size\"><strong>Al gran premio argentino \u00a1Salud!<\/strong><\/p>\n\n\n\n<p>Dentro de la categor\u00eda monograf\u00edas y estudios especializados, la OIV otorg\u00f3 una menci\u00f3n especial al libro <strong>\u00abLa Riojana: Una vid(a) cooperativa\u00bb<\/strong> de <strong>Mario Juan Gonz\u00e1lez<\/strong>, presentado en 2023 -durante los festejos del 83 aniversario de la empresa de La Rioja, Argentina- y que narra la historia de la emblem\u00e1tica <strong>Cooperativa La Riojana<\/strong>, fundada en 1930 y ofrece una mirada inspiradora sobre c\u00f3mo los valores cooperativistas y el comercio justo pueden transformar vidas y comunidades. La edici\u00f3n tiene 250 p\u00e1ginas y 50 cap\u00edtulos, redactados en castellano e ingl\u00e9s.<\/p>\n\n\n\n<div style=\"height:30px\" aria-hidden=\"true\" class=\"wp-block-spacer\"><\/div>\n\n\n<div class=\"wp-block-image\">\n<figure class=\"aligncenter size-full is-resized\"><a href=\"https:\/\/enolife.com.ar\/es\/wp-content\/uploads\/2024\/09\/ARCHI_1007218.jpg\" data-rel=\"penci-gallery-image-content\" ><img loading=\"lazy\" decoding=\"async\" src=\"https:\/\/enolife.com.ar\/es\/wp-content\/uploads\/2024\/09\/ARCHI_1007218.jpg\" alt=\"\" class=\"wp-image-125264\" width=\"634\" height=\"404\" srcset=\"https:\/\/enolife.com.ar\/es\/wp-content\/uploads\/2024\/09\/ARCHI_1007218.jpg 756w, https:\/\/enolife.com.ar\/es\/wp-content\/uploads\/2024\/09\/ARCHI_1007218-300x191.jpg 300w, https:\/\/enolife.com.ar\/es\/wp-content\/uploads\/2024\/09\/ARCHI_1007218-585x373.jpg 585w\" sizes=\"auto, (max-width: 634px) 100vw, 634px\" \/><\/a><figcaption class=\"wp-element-caption\"><em><strong>Mario Juan Gonz\u00e1lez<\/strong><\/em><strong>.<\/strong><\/figcaption><\/figure><\/div>\n\n\n<div style=\"height:30px\" aria-hidden=\"true\" class=\"wp-block-spacer\"><\/div>\n\n\n\n<p>El autor es un agricultor y cooperativista con una vasta trayectoria en el desarrollo vitivin\u00edcola y social de <strong>Chilecito, La Rioja,<\/strong> y uno de los miembros fundadores del <strong>Foro Mundial de Cooperativas Vitivin\u00edcolas (FMCV)<\/strong>. Fue miembro del Consejo de Administraci\u00f3n de la Cooperativa La Riojana durante m\u00e1s de 40 a\u00f1os, 22 de ellos como presidente (2000 al 2022). Su dedicaci\u00f3n y contribuci\u00f3n a la empresa le han valido reconocimientos como la Orden al M\u00e9rito Agr\u00edcola del Gobierno de <strong>Francia<\/strong> y el t\u00edtulo de Doctor Honoris Causa otorgado por la <strong>Universidad Nacional de Chilecito (Undec)<\/strong>.<\/p>\n\n\n<div class=\"wp-block-image\">\n<figure class=\"alignleft size-full is-resized\"><a href=\"https:\/\/enolife.com.ar\/es\/wp-content\/uploads\/2024\/09\/Imagen1-16.jpg\" data-rel=\"penci-gallery-image-content\" ><img loading=\"lazy\" decoding=\"async\" src=\"https:\/\/enolife.com.ar\/es\/wp-content\/uploads\/2024\/09\/Imagen1-16.jpg\" alt=\"\" class=\"wp-image-125261\" width=\"410\" height=\"429\" srcset=\"https:\/\/enolife.com.ar\/es\/wp-content\/uploads\/2024\/09\/Imagen1-16.jpg 688w, https:\/\/enolife.com.ar\/es\/wp-content\/uploads\/2024\/09\/Imagen1-16-287x300.jpg 287w, https:\/\/enolife.com.ar\/es\/wp-content\/uploads\/2024\/09\/Imagen1-16-585x612.jpg 585w\" sizes=\"auto, (max-width: 410px) 100vw, 410px\" \/><\/a><\/figure><\/div>\n\n\n<p>A trav\u00e9s de una exhaustiva investigaci\u00f3n, Gonz\u00e1lez cuenta la historia de la cooperativa y su impacto en la comunidad, combinando documentaci\u00f3n hist\u00f3rica, fotograf\u00edas y testimonios de m\u00e1s de 70 personas que han sido protagonistas en la trayectoria de la empresa. Relata su transformaci\u00f3n a trav\u00e9s del tiempo, desde su nacimiento, cuando un grupo de inmigrantes italianos trajo consigo las ideas cooperativistas y las aplic\u00f3 al cultivo de la vid en <strong>Colonia Caroya (C\u00f3rdoba)<\/strong> y posteriormente en <strong>Chilecito (La Rioja)<\/strong>, hasta convertirse en la principal bodega Fairtrade org\u00e1nica del mundo, que exporta vinos y aceites a pa\u00edses n\u00f3rdicos de Europa y Am\u00e9rica, y llev\u00f3 a cabo m\u00e1s de 40 obras destinadas al desarrollo social y ambiental.&nbsp;<\/p>\n\n\n\n<p>Algunos ejemplos destacados incluyen la implementaci\u00f3n de agua potable en red en <strong>Tilimuqui<\/strong>, la creaci\u00f3n de una escuela agrot\u00e9cnica preuniversitaria para 550 estudiantes y la construcci\u00f3n de un Centro de Salud para madres y ni\u00f1os en una zona rural habitada por 10.000 personas.&nbsp;Adem\u00e1s, la empresa brinda empleo a 350 socios, 280 empleados y est\u00e1 ligada laboralmente a 2.000 familias.<\/p>\n\n\n\n<p>Emocionado por el premio, Gonz\u00e1lez agradeci\u00f3 el apoyo recibido y enfatiz\u00f3 que el reconocimiento de la OIV es un hito importante para la cooperativa.&nbsp;<em>\u201cCuando escrib\u00ed este libro no pens\u00e9 en su alcance, pero hoy es premiado por su historia<\/em>\u201d, coment\u00f3, recordando a los 13 riojanos que en 1940 so\u00f1aron con esta epopeya. Gonz\u00e1lez se mostr\u00f3 comprometido con el futuro de la cooperativa y su papel en la educaci\u00f3n y el desarrollo comunitario.<\/p>\n\n\n\n<p>Su hijo, <strong>Mario Hern\u00e1n Gonz\u00e1lez<\/strong>, actual presidente de la Corporaci\u00f3n Vitivin\u00edcola Argentina (Coviar), acompa\u00f1o a su padre a la ceremonia, y emocionado cont\u00f3 a <strong>Enolife <\/strong>que <em>\u00abes el \u00fanico premio que recibi\u00f3 Argentina, y ganarlo en el centenario de la OIV fue un orgullo y una gran alegr\u00eda para todos nosotros, para La Riojana, para la provincia de La Rioja y sobre todo para nuestro pa\u00eds, por seguir posicionando al vino argentino, en este caso a trav\u00e9s de la literatura\u00bb<\/em>.<\/p>\n\n\n\n<div style=\"height:30px\" aria-hidden=\"true\" class=\"wp-block-spacer\"><\/div>\n\n\n<div class=\"wp-block-image\">\n<figure class=\"aligncenter size-full is-resized\"><a href=\"https:\/\/enolife.com.ar\/es\/wp-content\/uploads\/2024\/09\/WhatsApp-Image-2024-09-24-at-18.08.20.jpeg\" data-rel=\"penci-gallery-image-content\" ><img loading=\"lazy\" decoding=\"async\" src=\"https:\/\/enolife.com.ar\/es\/wp-content\/uploads\/2024\/09\/WhatsApp-Image-2024-09-24-at-18.08.20.jpeg\" alt=\"\" class=\"wp-image-125270\" width=\"422\" height=\"545\" srcset=\"https:\/\/enolife.com.ar\/es\/wp-content\/uploads\/2024\/09\/WhatsApp-Image-2024-09-24-at-18.08.20.jpeg 500w, https:\/\/enolife.com.ar\/es\/wp-content\/uploads\/2024\/09\/WhatsApp-Image-2024-09-24-at-18.08.20-233x300.jpeg 233w\" sizes=\"auto, (max-width: 422px) 100vw, 422px\" \/><\/a><figcaption class=\"wp-element-caption\"><em><strong>Mario Hern\u00e1n Gonz\u00e1lez junto a su padre Mario Juan Gonz\u00e1lez, durante la ceremonia de entrega de premios de la OIV en Lisboa, Portugal<\/strong><\/em>.<\/figcaption><\/figure><\/div>\n\n\n<div style=\"height:35px\" aria-hidden=\"true\" class=\"wp-block-spacer\"><\/div>\n\n\n\n<p class=\"has-medium-font-size\"><strong>Inscripci\u00f3n a los Premios OIV 2025<\/strong><\/p>\n\n\n\n<p>Para participar de los Premios OIV 2025, las solicitudes ya est\u00e1n abiertas y hay tiempo hasta el 28 de febrero de 2025, con inscripci\u00f3n gratuita. Las obras a presentar pueden ser impresas o digitales, de cualquier pa\u00eds y en cualquier idioma. Los libros presentados deben haberse publicado a lo largo de los dos a\u00f1os anteriores a la inscripci\u00f3n. No se aceptan revistas, gu\u00edas, sitios web, herramientas interactivas, obras de car\u00e1cter pol\u00edtico ni publirreportajes. Para aplicar, debe completarse el formulario y enviar los archivos solicitados en l\u00ednea&nbsp;<strong><a href=\"https:\/\/www.oiv.int\/form\/registration-form\">aqu\u00ed<\/a>.<\/strong><\/p>\n\n\n\n<div style=\"height:30px\" aria-hidden=\"true\" class=\"wp-block-spacer\"><\/div>\n","protected":false},"excerpt":{"rendered":"<p>La obra del destacado dirigente vitivin\u00edcola y cooperativista de La Rioja, Argentina, obtuvo una de&hellip;<\/p>\n","protected":false},"author":3,"featured_media":125263,"comment_status":"open","ping_status":"open","sticky":false,"template":"","format":"standard","meta":{"footnotes":""},"categories":[14],"tags":[],"class_list":["post-125207","post","type-post","status-publish","format-standard","has-post-thumbnail","hentry","category-news"],"_links":{"self":[{"href":"https:\/\/enolife.com.ar\/es\/wp-json\/wp\/v2\/posts\/125207","targetHints":{"allow":["GET"]}}],"collection":[{"href":"https:\/\/enolife.com.ar\/es\/wp-json\/wp\/v2\/posts"}],"about":[{"href":"https:\/\/enolife.com.ar\/es\/wp-json\/wp\/v2\/types\/post"}],"author":[{"embeddable":true,"href":"https:\/\/enolife.com.ar\/es\/wp-json\/wp\/v2\/users\/3"}],"replies":[{"embeddable":true,"href":"https:\/\/enolife.com.ar\/es\/wp-json\/wp\/v2\/comments?post=125207"}],"version-history":[{"count":0,"href":"https:\/\/enolife.com.ar\/es\/wp-json\/wp\/v2\/posts\/125207\/revisions"}],"wp:featuredmedia":[{"embeddable":true,"href":"https:\/\/enolife.com.ar\/es\/wp-json\/wp\/v2\/media\/125263"}],"wp:attachment":[{"href":"https:\/\/enolife.com.ar\/es\/wp-json\/wp\/v2\/media?parent=125207"}],"wp:term":[{"taxonomy":"category","embeddable":true,"href":"https:\/\/enolife.com.ar\/es\/wp-json\/wp\/v2\/categories?post=125207"},{"taxonomy":"post_tag","embeddable":true,"href":"https:\/\/enolife.com.ar\/es\/wp-json\/wp\/v2\/tags?post=125207"}],"curies":[{"name":"wp","href":"https:\/\/api.w.org\/{rel}","templated":true}]}}