{"id":125184,"date":"2024-09-27T22:51:45","date_gmt":"2024-09-27T22:51:45","guid":{"rendered":"https:\/\/enolife.com.ar\/es\/?p=125184"},"modified":"2024-09-28T23:49:24","modified_gmt":"2024-09-28T23:49:24","slug":"con-67-bodegas-en-la-feria-de-san-pablo-del-1-al-3-10-mendoza-busca-captar-el-mercado-brasileno","status":"publish","type":"post","link":"https:\/\/enolife.com.ar\/es\/con-67-bodegas-en-la-feria-de-san-pablo-del-1-al-3-10-mendoza-busca-captar-el-mercado-brasileno\/","title":{"rendered":"Con 67 bodegas en la feria de San Pablo del 1 al 3\/10, Mendoza busca captar el mercado brasile\u00f1o"},"content":{"rendered":"\n<h4 class=\"wp-block-heading\"><em><strong>Un nutrido grupo de bodegas argentinas, la gran mayor\u00eda de Mendoza, estar\u00e1n presentes con sus stands en la Feria ProWein de la ciudad brasile\u00f1a de San Pablo. Por propia iniciativa y acompa\u00f1adas por la Canciller\u00eda Argentina y por Wines of Argentina (WofA), las empresas de esta provincia buscar\u00e1n relacionarse directamente con compa\u00f1\u00edas importadoras y cadenas de supermercados del pa\u00eds que desde hace tiempo es el segundo destino de las exportaciones de vino argentinas.<\/strong><\/em><\/h4>\n\n\n\n<div style=\"height:35px\" aria-hidden=\"true\" class=\"wp-block-spacer\"><\/div>\n\n\n\n\n\n<div style=\"height:45px\" aria-hidden=\"true\" class=\"wp-block-spacer\"><\/div>\n\n\n\n<p>La <strong>Feria ProWine<\/strong> de <strong>San Pablo<\/strong>, <strong>Brasil<\/strong>, es la m\u00e1s importante de <strong>Am\u00e9rica Latina<\/strong> en cuanto a la categor\u00eda denominada <strong>\u00abB2B\u00bb<\/strong> (contactos y negocios de empresa a empresa). All\u00ed, junto al acompa\u00f1amiento de la <strong>Canciller\u00eda Argentina<\/strong> y de la iniciativa privada, <strong>Wines of Argentina (Wofa)<\/strong> -entidad responsable de la promoci\u00f3n del Vino Argentino en los mercados mundiales- marcar\u00e1 presencia del 1 al 3 de octubre gestionando el emplazamiento de los stands de <strong>20 de las 67 bodegas argentinas participantes.<\/strong><\/p>\n\n\n\n<p>Por tercer a\u00f1o consecutivo WofA participa en esta feria, en l\u00ednea con su estrategia institucional orientada a profundizar los v\u00ednculos comerciales con el<em>&nbsp;trade<\/em>&nbsp;brasilero. De este modo, la entidad busca afianzar el posicionamiento de la categor\u00eda argentina en Brasil, pa\u00eds que actualmente se posiciona segundo en el r\u00e1nking de exportaciones del vino argentino, con 32.676.572 litros importados por un valor de u$s 114.598.074 en la categor\u00eda vino fraccionado, desde enero a agosto de 2024.<\/p>\n\n\n\n<div style=\"height:20px\" aria-hidden=\"true\" class=\"wp-block-spacer\"><\/div>\n\n\n\n<h3 class=\"wp-block-heading has-vivid-red-color has-text-color\">En la edici\u00f3n de 2023, esta feria recibi\u00f3 la participaci\u00f3n de expositores de 26 pa\u00edses, con 1.300 marcas de&nbsp;vinos y bebidas espirituosas<em>&nbsp;<\/em>y una estimaci\u00f3n de 10.500 visitantes calificados de todos los estados de Brasil y de otros pa\u00edses del mundo.<\/h3>\n\n\n\n<div style=\"height:10px\" aria-hidden=\"true\" class=\"wp-block-spacer\"><\/div>\n\n\n\n<p>Ser\u00e1n en total 67 las empresas vitivin\u00edcolas argentinas que participar\u00e1n en la feria. Este n\u00famero incluye a las 20 bodegas que canalizan su presencia a trav\u00e9s de WofA, a las 37 que lo hacen a trav\u00e9s de la gesti\u00f3n del <strong>Consejo Federal de Inversiones (CFI)<\/strong><em>,&nbsp;<\/em>y a 10 que lo har\u00e1n de manera independiente con stand propio. A continuaci\u00f3n el listado de bodegas nucleadas en el pabell\u00f3n de WofA:<\/p>\n\n\n\n<div style=\"height:14px\" aria-hidden=\"true\" class=\"wp-block-spacer\"><\/div>\n\n\n\n<p class=\"has-background\" style=\"background-color:#abb7c23d\">BANDINI HOUSE OF WINES &#8211;&nbsp;BELASCO DE BAQUEDANO &#8211;&nbsp;BELHARA ESTATE &#8211;&nbsp;BODEGA ARAUJO &#8211; BODEGA DON BOSCO &#8211;&nbsp;BODEGA RIBERA DEL CUARZO &#8211;&nbsp;BODEGA URQO &#8211; BODEGA Y VI\u00d1EDOS CLEMENT &#8211;&nbsp;BODEGAS BIANCHI &#8211; CASA DE UCO &#8211; DIAMANDES &#8211; FINCA BUENAVENTURA &#8211; FINCA DECERO &#8211; FINCA EL ORIGEN &#8211;&nbsp;FINCA FLICHMAN &#8211;&nbsp;HUENTALA WINES &#8211; JASMINE MONET &#8211;&nbsp;MASI TUPUNGATO &#8211;&nbsp;MONTEVIEJO &#8211;&nbsp;RENACER &#8211; WHT HUARPE RIGLOS<\/p>\n\n\n\n<div style=\"height:20px\" aria-hidden=\"true\" class=\"wp-block-spacer\"><\/div>\n\n\n\n<p><em>\u00abEl mercado brasilero ha demostrado ser uno de los m\u00e1s estrat\u00e9gicos para el vino argentino, no s\u00f3lo por posicionarse segundo en el r\u00e1nking de exportaci\u00f3n, sino tambi\u00e9n por ser un pa\u00eds cercano, con un buen mercado y con mucho potencial. Participar en este tipo de ferias nos permite fortalecer nuestra presencia a nivel internacional. El objetivo final de todo el trabajo que realizamos en WofA es&nbsp;Incrementar el posicionamiento del Vino Argentino, direccionado al crecimiento de las exportaciones de la categor\u00eda\u00bb,<\/em>&nbsp;destac\u00f3 Magdalena Pesce, gerenta general de WofA.<\/p>\n\n\n\n<p>En el marco del Forum de la feria, el vino argentino contar\u00e1 con un espacio destacado en el ciclo de charlas, con la presentaci\u00f3n del tema&nbsp;<strong>\u00abDiversidad del Vino Argentino\u00bb<\/strong>&nbsp;a cargo de <strong>Mariana Torta<\/strong>,&nbsp;responsable de WofA para Brasil y el resto de Am\u00e9rica Latina. Su exposici\u00f3n explorar\u00e1 la riqueza y compleja diversidad del vino argentino, a trav\u00e9s de un material did\u00e1ctico que combina los principales factores clave de&nbsp;los terru\u00f1os de Argentina. Su charla estar\u00e1 acompa\u00f1ada de una degustaci\u00f3n de grandes exponentes de la vitivinicultura nacional. Tendr\u00e1 lugar el 2 de octubre a las 12.30 hs de Brasil en la sala 2 del Forum.<\/p>\n\n\n\n<div style=\"height:30px\" aria-hidden=\"true\" class=\"wp-block-spacer\"><\/div>\n","protected":false},"excerpt":{"rendered":"<p>Un nutrido grupo de bodegas argentinas, la gran mayor\u00eda de Mendoza, estar\u00e1n presentes con sus&hellip;<\/p>\n","protected":false},"author":3,"featured_media":125189,"comment_status":"open","ping_status":"open","sticky":false,"template":"","format":"standard","meta":{"footnotes":""},"categories":[10],"tags":[],"class_list":["post-125184","post","type-post","status-publish","format-standard","has-post-thumbnail","hentry","category-ferias"],"_links":{"self":[{"href":"https:\/\/enolife.com.ar\/es\/wp-json\/wp\/v2\/posts\/125184","targetHints":{"allow":["GET"]}}],"collection":[{"href":"https:\/\/enolife.com.ar\/es\/wp-json\/wp\/v2\/posts"}],"about":[{"href":"https:\/\/enolife.com.ar\/es\/wp-json\/wp\/v2\/types\/post"}],"author":[{"embeddable":true,"href":"https:\/\/enolife.com.ar\/es\/wp-json\/wp\/v2\/users\/3"}],"replies":[{"embeddable":true,"href":"https:\/\/enolife.com.ar\/es\/wp-json\/wp\/v2\/comments?post=125184"}],"version-history":[{"count":0,"href":"https:\/\/enolife.com.ar\/es\/wp-json\/wp\/v2\/posts\/125184\/revisions"}],"wp:featuredmedia":[{"embeddable":true,"href":"https:\/\/enolife.com.ar\/es\/wp-json\/wp\/v2\/media\/125189"}],"wp:attachment":[{"href":"https:\/\/enolife.com.ar\/es\/wp-json\/wp\/v2\/media?parent=125184"}],"wp:term":[{"taxonomy":"category","embeddable":true,"href":"https:\/\/enolife.com.ar\/es\/wp-json\/wp\/v2\/categories?post=125184"},{"taxonomy":"post_tag","embeddable":true,"href":"https:\/\/enolife.com.ar\/es\/wp-json\/wp\/v2\/tags?post=125184"}],"curies":[{"name":"wp","href":"https:\/\/api.w.org\/{rel}","templated":true}]}}