{"id":125140,"date":"2024-09-24T13:31:24","date_gmt":"2024-09-24T13:31:24","guid":{"rendered":"https:\/\/enolife.com.ar\/es\/?p=125140"},"modified":"2024-09-25T17:43:40","modified_gmt":"2024-09-25T17:43:40","slug":"el-gobierno-de-mendoza-cedio-dos-aviones-a-general-alvear-para-la-lucha-antigranizo","status":"publish","type":"post","link":"https:\/\/enolife.com.ar\/es\/el-gobierno-de-mendoza-cedio-dos-aviones-a-general-alvear-para-la-lucha-antigranizo\/","title":{"rendered":"El gobierno de Mendoza cedi\u00f3 dos aviones a General Alvear para seguir la lucha antigranizo"},"content":{"rendered":"\n<h4 class=\"wp-block-heading\"><em><strong>En un convenio firmado entre la comuna de General Alvear y el Ministerio de la Producci\u00f3n de Mendoza, fueron cedidos 2 de los 4 aviones que tiene la provincia, para que la lucha antigranizo sea realizada en el sur provincial. A\u00fan resta definir qui\u00e9n contratar\u00e1 a los pilotos y pagar\u00e1 los insumos necesarios para empezar el combate contra el da\u00f1ino fen\u00f3meno meteorol\u00f3gico antes de fines de octubre<\/strong><\/em>.<\/h4>\n\n\n\n<div style=\"height:35px\" aria-hidden=\"true\" class=\"wp-block-spacer\"><\/div>\n\n\n<a href=\"https:\/\/www.linkedin.com\/company\/agrinet-sa\/?originalSubdomain=ar\" aria-label=\"1700X500\"><img loading=\"lazy\" decoding=\"async\" src=\"https:\/\/enolife.com.ar\/es\/wp-content\/uploads\/2021\/11\/1700X500.gif\" alt=\"\"  width=\"1700\" height=\"500\"   \/><\/a>\n\n\n<div style=\"height:45px\" aria-hidden=\"true\" class=\"wp-block-spacer\"><\/div>\n\n\n\n<p>La lucha antigranizo tendr\u00eda asegurada su continuidad en&nbsp;los departamentos mendocinos de <strong>General Alvear <\/strong>y<strong> San Rafael,<\/strong>&nbsp;al menos por un a\u00f1o, mediante un nuevo esquema p\u00fablico-privado luego de que el gobierno de la provincia decidiera no financiarla m\u00e1s en todo el territorio.&nbsp;<\/p>\n\n\n\n<p>Funcionarios de gobierno firmaron el 23 de setiembre de 2024 un convenio con el municipio alvearense, dirigido por&nbsp;<strong>Alejandro Molero,&nbsp;<\/strong>para ceder dos aviones destinados a la siembra de yoduro de plata mediante proyectiles en las nubes graniceras, y lo que queda por delante es contratar a las empresas que efectivamente realizar\u00e1n la operaci\u00f3n.&nbsp;<\/p>\n\n\n\n<div style=\"height:15px\" aria-hidden=\"true\" class=\"wp-block-spacer\"><\/div>\n\n\n\n<h3 class=\"wp-block-heading has-vivid-red-color has-text-color\">Para solventar el sistema de mitigaci\u00f3n del granizo con aviones, tanto en General Alvear como en San Rafael, los vecinos pagar\u00e1n un plus en la boleta de la luz del 3% y 4% respectivamente, bajo el \u00edtem \u00abuso del espacio a\u00e9reo\u00bb. <\/h3>\n\n\n\n<div style=\"height:20px\" aria-hidden=\"true\" class=\"wp-block-spacer\"><\/div>\n\n\n\n<p>La r\u00fabrica se llev\u00f3 a cabo en las instalaciones de la comuna sure\u00f1a, entre el ministro de Producci\u00f3n,&nbsp;<strong>Rodolfo Vargas Arizu<\/strong>, y el intendente<strong>&nbsp;<\/strong>Molero. Tambi\u00e9n estuvo presente la vicegobernadora&nbsp;de Mendoza,<strong>Hebe Casado<\/strong>.<\/p>\n\n\n\n<p>Molero destac\u00f3 que la cesi\u00f3n de aeronaves&nbsp;<em>\u00abrepresenta el&nbsp;primer paso en un esfuerzo conjunto entre el sector p\u00fablico y privado para combatir el granizo en el oasis sur&nbsp;de Mendoza\u00bb.<\/em><\/p>\n\n\n\n<p>Asimismo, el intendente anunci\u00f3 que el siguiente paso ser\u00e1 la&nbsp;constituci\u00f3n de un fideicomiso entre General Alvear y San Rafael, que permitir\u00e1 administrar el sistema antigranizo y contratar a la empresa responsable de su operaci\u00f3n, lo que se har\u00e1 a trav\u00e9s de una licitaci\u00f3n p\u00fablica.<\/p>\n\n\n\n<p>Por otra parte, Vargas Arizu destac\u00f3 que el gobierno est\u00e1 implementando un cambio en la metodolog\u00eda de mitigaci\u00f3n del riesgo agr\u00edcola, que en el futuro inmediato se trasladar\u00e1 de un sistema tradicional a un fondo compensador para granizo.<\/p>\n\n\n\n<p>El ministro comunic\u00f3: <em>\u00abSe ha visto un&nbsp;aumento en las inscripciones de productores, especialmente en el Sur. Adem\u00e1s, el Intendente de General Alvear ha manifestado el deseo de continuar con el sistema tradicional por un a\u00f1o m\u00e1s, y se est\u00e1 trabajando en la transferencia de aeronaves y otros recursos\u00bb<\/em>.<a href=\"https:\/\/www.sitioandino.com.ar\/politica\/se-derrumba-la-confianza-la-gestion-milei-cuanto-cayo-septiembre-n5684568\"><\/a><a href=\"https:\/\/www.sitioandino.com.ar\/politica\/la-justicia-argentina-pidio-el-arresto-y-captura-internacional-maduro-n5684564\"><\/a><\/p>\n\n\n\n<div style=\"height:30px\" aria-hidden=\"true\" class=\"wp-block-spacer\"><\/div>\n\n\n<div class=\"wp-block-image\">\n<figure class=\"aligncenter size-large is-resized\"><a href=\"https:\/\/enolife.com.ar\/es\/wp-content\/uploads\/2024\/09\/461158449_18464320396005714_8186397009212299939_n-e1727178667232-1140x641-1.jpg\" data-rel=\"penci-gallery-image-content\" ><img loading=\"lazy\" decoding=\"async\" src=\"https:\/\/enolife.com.ar\/es\/wp-content\/uploads\/2024\/09\/461158449_18464320396005714_8186397009212299939_n-e1727178667232-1140x641-1-1024x576.jpg\" alt=\"\" class=\"wp-image-125175\" width=\"602\" height=\"338\" srcset=\"https:\/\/enolife.com.ar\/es\/wp-content\/uploads\/2024\/09\/461158449_18464320396005714_8186397009212299939_n-e1727178667232-1140x641-1-1024x576.jpg 1024w, https:\/\/enolife.com.ar\/es\/wp-content\/uploads\/2024\/09\/461158449_18464320396005714_8186397009212299939_n-e1727178667232-1140x641-1-300x169.jpg 300w, https:\/\/enolife.com.ar\/es\/wp-content\/uploads\/2024\/09\/461158449_18464320396005714_8186397009212299939_n-e1727178667232-1140x641-1-768x432.jpg 768w, https:\/\/enolife.com.ar\/es\/wp-content\/uploads\/2024\/09\/461158449_18464320396005714_8186397009212299939_n-e1727178667232-1140x641-1-585x329.jpg 585w, https:\/\/enolife.com.ar\/es\/wp-content\/uploads\/2024\/09\/461158449_18464320396005714_8186397009212299939_n-e1727178667232-1140x641-1.jpg 1140w\" sizes=\"auto, (max-width: 602px) 100vw, 602px\" \/><\/a><figcaption class=\"wp-element-caption\"><em><strong>Alejandro Molero, Rodolfo Vargas Arizu y Hebe Casado<\/strong><\/em>.<\/figcaption><\/figure><\/div>\n\n\n<div style=\"height:30px\" aria-hidden=\"true\" class=\"wp-block-spacer\"><\/div>\n\n\n\n<p>Casado, por su parte, enfatiz\u00f3 en&nbsp;<em>\u00abla&nbsp;buena disposici\u00f3n de los intendentes y el apoyo de las c\u00e1maras empresariales&nbsp;en este esfuerzo\u00bb.<\/em><\/p>\n\n\n\n<p>Previendo que en 30 d\u00edas m\u00e1s el sistema est\u00e9 en pleno funcionamiento, el 12 de setiembre pasado la comuna que conduce Molero formaliz\u00f3 el llamado a licitaci\u00f3n para la<em>&nbsp;\u00abcontrataci\u00f3n de servicios de operaci\u00f3n del sistema activo contra el granizo mediante la siembra de nubes en los oasis productivos de General Alvear y San Rafael\u00bb.<\/em><\/p>\n\n\n\n<div style=\"height:17px\" aria-hidden=\"true\" class=\"wp-block-spacer\"><\/div>\n\n\n\n<h3 class=\"wp-block-heading has-vivid-red-color has-text-color\">De los $2.500 millones que se necesitan, San Rafael aportar\u00e1 $1.000 millones y General Alvear $590 millones. Los $1.000 millones que restan saldr\u00e1n de las arcas provinciales.<\/h3>\n\n\n\n<div style=\"height:17px\" aria-hidden=\"true\" class=\"wp-block-spacer\"><\/div>\n\n\n\n<p>Entre las empresas que est\u00e1n en conversaciones se encuentran&nbsp;la empresa de capitales mendocinos <strong>Fondos Group;<\/strong>&nbsp;otra de origen nacional,&nbsp;<strong>American Jet;<\/strong>&nbsp;y la compa\u00f1\u00eda norteamericana que ya realiz\u00f3 esa labor en Mendoza cuando se puso en marcha la lucha activa en los comienzos de la d\u00e9cada del 2000,&nbsp;<strong>Weather Modification.<\/strong><\/p>\n\n\n\n<p>Entre los requisitos establecidos en el llamado a licitaci\u00f3n, los oferentes deber\u00e1n contar con permisos de importaci\u00f3n de bengalas y cartuchos y habilitaciones de los aviones de propiedad de la Provincia y de los aeroclubes designados para realizar dicha tarea.<\/p>\n\n\n\n<div style=\"height:25px\" aria-hidden=\"true\" class=\"wp-block-spacer\"><\/div>\n\n\n\n<p class=\"has-small-font-size\"><em><strong>Fuente: Diario Memo de Mendoza<\/strong><\/em><\/p>\n\n\n\n<div style=\"height:25px\" aria-hidden=\"true\" class=\"wp-block-spacer\"><\/div>\n","protected":false},"excerpt":{"rendered":"<p>En un convenio firmado entre la comuna de General Alvear y el Ministerio de la&hellip;<\/p>\n","protected":false},"author":3,"featured_media":125174,"comment_status":"open","ping_status":"open","sticky":false,"template":"","format":"standard","meta":{"footnotes":""},"categories":[56,14],"tags":[],"class_list":["post-125140","post","type-post","status-publish","format-standard","has-post-thumbnail","hentry","category-destacado","category-news"],"_links":{"self":[{"href":"https:\/\/enolife.com.ar\/es\/wp-json\/wp\/v2\/posts\/125140","targetHints":{"allow":["GET"]}}],"collection":[{"href":"https:\/\/enolife.com.ar\/es\/wp-json\/wp\/v2\/posts"}],"about":[{"href":"https:\/\/enolife.com.ar\/es\/wp-json\/wp\/v2\/types\/post"}],"author":[{"embeddable":true,"href":"https:\/\/enolife.com.ar\/es\/wp-json\/wp\/v2\/users\/3"}],"replies":[{"embeddable":true,"href":"https:\/\/enolife.com.ar\/es\/wp-json\/wp\/v2\/comments?post=125140"}],"version-history":[{"count":0,"href":"https:\/\/enolife.com.ar\/es\/wp-json\/wp\/v2\/posts\/125140\/revisions"}],"wp:featuredmedia":[{"embeddable":true,"href":"https:\/\/enolife.com.ar\/es\/wp-json\/wp\/v2\/media\/125174"}],"wp:attachment":[{"href":"https:\/\/enolife.com.ar\/es\/wp-json\/wp\/v2\/media?parent=125140"}],"wp:term":[{"taxonomy":"category","embeddable":true,"href":"https:\/\/enolife.com.ar\/es\/wp-json\/wp\/v2\/categories?post=125140"},{"taxonomy":"post_tag","embeddable":true,"href":"https:\/\/enolife.com.ar\/es\/wp-json\/wp\/v2\/tags?post=125140"}],"curies":[{"name":"wp","href":"https:\/\/api.w.org\/{rel}","templated":true}]}}