{"id":124900,"date":"2024-09-22T22:41:47","date_gmt":"2024-09-22T22:41:47","guid":{"rendered":"https:\/\/enolife.com.ar\/es\/?p=124900"},"modified":"2024-09-24T13:17:03","modified_gmt":"2024-09-24T13:17:03","slug":"la-exportacion-argentina-de-vino-garnacha-tinto-crecio-un-44-de-2022-a-2023-el-925-a-eeuu","status":"publish","type":"post","link":"https:\/\/enolife.com.ar\/es\/la-exportacion-argentina-de-vino-garnacha-tinto-crecio-un-44-de-2022-a-2023-el-925-a-eeuu\/","title":{"rendered":"La exportaci\u00f3n argentina de vino Garnacha tinto creci\u00f3 un 44% de 2022 a 2023, el 92,5% a EEUU"},"content":{"rendered":"\n<h4 class=\"wp-block-heading\"><em><strong>El tercer viernes de setiembre se celebra el D\u00eda Internacional de la Garnacha. Para conocer m\u00e1s sobre este varietal, el Instituto Nacional de Vitivinicultura (INV) public\u00f3 un informe completo sobre sus caracter\u00edsticas ampelogr\u00e1ficas, sensoriales, superficie, producci\u00f3n y comercializaci\u00f3n. El comportamiento de los vinos Garnacha tintos tuvieron un importante crecimiento en 2023 en el mercado externo, con 629,7 hl de Garnacha tinta puro por un valor FOB de 250.400 d\u00f3lares y con 39,1 hl en cortes con otras variedades, por un valor FOB de 50.300 d\u00f3lares<\/strong><\/em><strong><em>.<\/em><\/strong><\/h4>\n\n\n\n<div style=\"height:35px\" aria-hidden=\"true\" class=\"wp-block-spacer\"><\/div>\n\n\n<a href=\"https:\/\/grupoaltasur.com\/\" aria-label=\"1700-500px\"><img loading=\"lazy\" decoding=\"async\" src=\"https:\/\/enolife.com.ar\/es\/wp-content\/uploads\/2021\/01\/1700-500px.jpg\" alt=\"\"  srcset=\"https:\/\/enolife.com.ar\/es\/wp-content\/uploads\/2021\/01\/1700-500px.jpg 1700w, https:\/\/enolife.com.ar\/es\/wp-content\/uploads\/2021\/01\/1700-500px-300x88.jpg 300w, https:\/\/enolife.com.ar\/es\/wp-content\/uploads\/2021\/01\/1700-500px-1024x301.jpg 1024w, https:\/\/enolife.com.ar\/es\/wp-content\/uploads\/2021\/01\/1700-500px-768x226.jpg 768w, https:\/\/enolife.com.ar\/es\/wp-content\/uploads\/2021\/01\/1700-500px-1536x452.jpg 1536w, https:\/\/enolife.com.ar\/es\/wp-content\/uploads\/2021\/01\/1700-500px-1170x344.jpg 1170w, https:\/\/enolife.com.ar\/es\/wp-content\/uploads\/2021\/01\/1700-500px-585x172.jpg 585w\" sizes=\"auto, (max-width: 1700px) 100vw, 1700px\" width=\"1700\" height=\"500\"   \/><\/a>\n\n\n<div style=\"height:45px\" aria-hidden=\"true\" class=\"wp-block-spacer\"><\/div>\n\n\n\n<p>La uva <strong>Garnacha<\/strong> (en franc\u00e9s <em>Grenache<\/em>) es una variedad milenaria, originaria de Arag\u00f3n, Espa\u00f1a, la que se cree fue introducida en <strong>Francia<\/strong> en la Edad Media, siendo actualmente una de las variedades de uva m\u00e1s plantadas a nivel mundial, fundamentalmente por su presencia en ambos pa\u00edses. europeos. <\/p>\n\n\n\n<p>La Garnacha es una variedad que tiende a madurar tarde, por lo que necesita condiciones secas y c\u00e1lidas como las que pueden encontrarse en Espa\u00f1a, de donde es originaria.<\/p>\n\n\n\n<p>Es una variedad que se encuentra cultivada en una gran cantidad de pa\u00edses como <strong>Espa\u00f1a<\/strong>, <strong>Francia<\/strong> e<strong> Italia<\/strong>, <strong>Australia, Canad\u00e1, Chile, Uruguay, Croacia, Grecia, Argentina <\/strong>y<strong> L\u00edbano.<\/strong><\/p>\n\n\n\n<p>Se caracteriza por su vigor y grandes racimos, que producen un rendimiento de alto a medio. Es extremadamente resistente a la sequ\u00eda y se adapta f\u00e1cilmente a diferentes suelos, aunque es sensible a ciertas enfermedades y a heladas oto\u00f1ales. Su cuidado en la estaci\u00f3n fr\u00eda representa un desaf\u00edo para los viticultores.<\/p>\n\n\n\n<p>Esta variedad puede identificarse por sus hojas generalmente de tama\u00f1o medio a grande, con forma orbicular o pentagonal, de color verde brillante, con tres a cinco l\u00f3bulos moderadamente definidos. La superficie de la hoja es lisa, aunque puede presentar una ligera rugosidad. La parte superior es verde brillante, mientras que el env\u00e9s es m\u00e1s p\u00e1lido. Produce racimos de tama\u00f1o medio a grande, de forma c\u00f3nica y compacta. Las bayas son de tama\u00f1o peque\u00f1o a mediano, esf\u00e9ricas, de hollejo fino y de pulpa blanda y jugosa.<\/p>\n\n\n\n<div style=\"height:30px\" aria-hidden=\"true\" class=\"wp-block-spacer\"><\/div>\n\n\n<div class=\"wp-block-image\">\n<figure class=\"aligncenter size-full is-resized\"><a href=\"https:\/\/enolife.com.ar\/es\/wp-content\/uploads\/2024\/09\/image-56.png\" data-rel=\"penci-gallery-image-content\" ><img loading=\"lazy\" decoding=\"async\" src=\"https:\/\/enolife.com.ar\/es\/wp-content\/uploads\/2024\/09\/image-56.png\" alt=\"\" class=\"wp-image-124902\" width=\"756\" height=\"357\" srcset=\"https:\/\/enolife.com.ar\/es\/wp-content\/uploads\/2024\/09\/image-56.png 947w, https:\/\/enolife.com.ar\/es\/wp-content\/uploads\/2024\/09\/image-56-300x142.png 300w, https:\/\/enolife.com.ar\/es\/wp-content\/uploads\/2024\/09\/image-56-768x363.png 768w, https:\/\/enolife.com.ar\/es\/wp-content\/uploads\/2024\/09\/image-56-585x277.png 585w\" sizes=\"auto, (max-width: 756px) 100vw, 756px\" \/><\/a><\/figure><\/div>\n\n\n<div style=\"height:30px\" aria-hidden=\"true\" class=\"wp-block-spacer\"><\/div>\n\n\n\n<p>Este varietal tiene tres variaciones dentro de su g\u00e9nero: <strong>Garnacha Tinta<\/strong>, <strong>Garnacha Blanca<\/strong> y <strong>Garnacha Gris<\/strong>. Los vinos de Garnacha tinta generalmente logran un alto contenido alcoh\u00f3lico y a menudo es mezclada con otras variedades para lograr un mejor equilibrio. Sin embargo, durante los \u00faltimos a\u00f1os ha ganado mayor presencia en la elaboraci\u00f3n de vinos varietales. A la vista se presenta de aspecto limpio, brillante, de color rojo cereza o granate; presenta aromas a frutos rojos, rojos con presencia de frutilla y cereza. Adem\u00e1s ofrece aromas especiados, con notas sutiles a pimienta. Tambi\u00e9n expresa aromas a cacao, caf\u00e9, tabaco y cuero.<\/p>\n\n\n\n<div style=\"height:35px\" aria-hidden=\"true\" class=\"wp-block-spacer\"><\/div>\n\n\n\n<p class=\"has-medium-font-size\"><strong>Superficie<\/strong><\/p>\n\n\n\n<p>En Argentina hay <strong>55,9 hect\u00e1reas de Garnacha, <\/strong>de las cuales<strong> 54,6 ha son de Garnacha tinta y 1,4 ha de Granacha blanca<\/strong>. Los datos provisorios al 31\/7\/24 registran 35,3 ha de Garnacha tinta en Mendoza, 8,9 ha en La Rioja, 8,1 ha en Salta, 1,6 ha en San Juan, 0,4 ha en La Pampa y 0,3 ha en Jujuy. En Mendoza adem\u00e1s, se encuentra implantada la superficie de Garnacha blanca (1,4 ha).<\/p>\n\n\n\n<div style=\"height:30px\" aria-hidden=\"true\" class=\"wp-block-spacer\"><\/div>\n\n\n\n<div class=\"wp-block-group is-content-justification-center is-nowrap is-layout-flex wp-container-core-group-is-layout-94bc23d7 wp-block-group-is-layout-flex\">\n<figure class=\"wp-block-image size-full\"><a href=\"https:\/\/enolife.com.ar\/es\/wp-content\/uploads\/2024\/09\/Imagen1-14.jpg\" data-rel=\"penci-gallery-image-content\" ><img loading=\"lazy\" decoding=\"async\" width=\"394\" height=\"612\" src=\"https:\/\/enolife.com.ar\/es\/wp-content\/uploads\/2024\/09\/Imagen1-14.jpg\" alt=\"\" class=\"wp-image-124924\" srcset=\"https:\/\/enolife.com.ar\/es\/wp-content\/uploads\/2024\/09\/Imagen1-14.jpg 394w, https:\/\/enolife.com.ar\/es\/wp-content\/uploads\/2024\/09\/Imagen1-14-193x300.jpg 193w\" sizes=\"auto, (max-width: 394px) 100vw, 394px\" \/><\/a><\/figure>\n\n\n<div class=\"wp-block-image\">\n<figure class=\"aligncenter size-full\"><a href=\"https:\/\/enolife.com.ar\/es\/wp-content\/uploads\/2024\/09\/image-57.png\" data-rel=\"penci-gallery-image-content\" ><img loading=\"lazy\" decoding=\"async\" width=\"356\" height=\"343\" src=\"https:\/\/enolife.com.ar\/es\/wp-content\/uploads\/2024\/09\/image-57.png\" alt=\"\" class=\"wp-image-124905\" srcset=\"https:\/\/enolife.com.ar\/es\/wp-content\/uploads\/2024\/09\/image-57.png 356w, https:\/\/enolife.com.ar\/es\/wp-content\/uploads\/2024\/09\/image-57-300x289.png 300w\" sizes=\"auto, (max-width: 356px) 100vw, 356px\" \/><\/a><\/figure><\/div><\/div>\n\n\n\n<div style=\"height:30px\" aria-hidden=\"true\" class=\"wp-block-spacer\"><\/div>\n\n\n\n<p class=\"has-medium-font-size\"><strong>Producci\u00f3n<\/strong><\/p>\n\n\n\n<p>En el a\u00f1o 2024 la producci\u00f3n de uva Garnacha tinta fue de <strong>6.616 quintales<\/strong>, seg\u00fan la distribuci\u00f3n por provincias que se muestra en la tabla adjunta. La producci\u00f3n de Garnacha blanca en 2024 fue de <strong>200 quintales. <\/strong><\/p>\n\n\n\n<div style=\"height:30px\" aria-hidden=\"true\" class=\"wp-block-spacer\"><\/div>\n\n\n<div class=\"wp-block-image\">\n<figure class=\"aligncenter size-full is-resized\"><a href=\"https:\/\/enolife.com.ar\/es\/wp-content\/uploads\/2024\/09\/Imagen3-5.jpg\" data-rel=\"penci-gallery-image-content\" ><img loading=\"lazy\" decoding=\"async\" src=\"https:\/\/enolife.com.ar\/es\/wp-content\/uploads\/2024\/09\/Imagen3-5.jpg\" alt=\"\" class=\"wp-image-124927\" width=\"363\" height=\"495\" srcset=\"https:\/\/enolife.com.ar\/es\/wp-content\/uploads\/2024\/09\/Imagen3-5.jpg 389w, https:\/\/enolife.com.ar\/es\/wp-content\/uploads\/2024\/09\/Imagen3-5-220x300.jpg 220w\" sizes=\"auto, (max-width: 363px) 100vw, 363px\" \/><\/a><\/figure><\/div>\n\n\n<div style=\"height:30px\" aria-hidden=\"true\" class=\"wp-block-spacer\"><\/div>\n\n\n\n<p>Se cosecharon <strong>1.206 quintales de uva org\u00e1nica Garnacha tinta<\/strong>, lo cual representa el 18,2% del total. El 96,6% de este volumen se cosech\u00f3 en Mendoza (Maip\u00fa y Tupungato) y el 3,4% restante en Salta (Cafayate).<\/p>\n\n\n\n<div style=\"height:30px\" aria-hidden=\"true\" class=\"wp-block-spacer\"><\/div>\n\n\n<div class=\"wp-block-image\">\n<figure class=\"aligncenter size-full\"><a href=\"https:\/\/enolife.com.ar\/es\/wp-content\/uploads\/2024\/09\/Imagen2-8.jpg\" data-rel=\"penci-gallery-image-content\" ><img loading=\"lazy\" decoding=\"async\" width=\"325\" height=\"179\" src=\"https:\/\/enolife.com.ar\/es\/wp-content\/uploads\/2024\/09\/Imagen2-8.jpg\" alt=\"\" class=\"wp-image-124926\" srcset=\"https:\/\/enolife.com.ar\/es\/wp-content\/uploads\/2024\/09\/Imagen2-8.jpg 325w, https:\/\/enolife.com.ar\/es\/wp-content\/uploads\/2024\/09\/Imagen2-8-300x165.jpg 300w\" sizes=\"auto, (max-width: 325px) 100vw, 325px\" \/><\/a><\/figure><\/div>\n\n\n<div style=\"height:35px\" aria-hidden=\"true\" class=\"wp-block-spacer\"><\/div>\n\n\n\n<p class=\"has-medium-font-size\"><strong>Comercializaci\u00f3n total<\/strong><\/p>\n\n\n\n<p>En el a\u00f1o<strong> 2023 se comercializaron 780,7 hl de vino Garnacha tinta<\/strong>; el 80,7% se export\u00f3 y el 19,3% se despach\u00f3 al mercado local. Tambi\u00e9n se comercializaron <strong>104 hl de Garnacha tinta con corte<\/strong>. La comercializaci\u00f3n de este varietal va en aumento especialmente en el mercado externo.<\/p>\n\n\n\n<div style=\"height:30px\" aria-hidden=\"true\" class=\"wp-block-spacer\"><\/div>\n\n\n\n<div class=\"wp-block-group is-content-justification-center is-nowrap is-layout-flex wp-container-core-group-is-layout-94bc23d7 wp-block-group-is-layout-flex\"><div class=\"wp-block-image\">\n<figure class=\"aligncenter size-full is-resized\"><a href=\"https:\/\/enolife.com.ar\/es\/wp-content\/uploads\/2024\/09\/image-58.png\" data-rel=\"penci-gallery-image-content\" ><img loading=\"lazy\" decoding=\"async\" src=\"https:\/\/enolife.com.ar\/es\/wp-content\/uploads\/2024\/09\/image-58.png\" alt=\"\" class=\"wp-image-124909\" width=\"540\" height=\"323\" srcset=\"https:\/\/enolife.com.ar\/es\/wp-content\/uploads\/2024\/09\/image-58.png 568w, https:\/\/enolife.com.ar\/es\/wp-content\/uploads\/2024\/09\/image-58-300x180.png 300w\" sizes=\"auto, (max-width: 540px) 100vw, 540px\" \/><\/a><\/figure><\/div>\n\n\n<figure class=\"wp-block-image size-full\"><a href=\"https:\/\/enolife.com.ar\/es\/wp-content\/uploads\/2024\/09\/Imagen4-5.jpg\" data-rel=\"penci-gallery-image-content\" ><img loading=\"lazy\" decoding=\"async\" width=\"363\" height=\"283\" src=\"https:\/\/enolife.com.ar\/es\/wp-content\/uploads\/2024\/09\/Imagen4-5.jpg\" alt=\"\" class=\"wp-image-124929\" srcset=\"https:\/\/enolife.com.ar\/es\/wp-content\/uploads\/2024\/09\/Imagen4-5.jpg 363w, https:\/\/enolife.com.ar\/es\/wp-content\/uploads\/2024\/09\/Imagen4-5-300x234.jpg 300w\" sizes=\"auto, (max-width: 363px) 100vw, 363px\" \/><\/a><\/figure>\n<\/div>\n\n\n\n<div style=\"height:30px\" aria-hidden=\"true\" class=\"wp-block-spacer\"><\/div>\n\n\n\n<p class=\"has-medium-font-size\"><strong>Mercado interno<\/strong><\/p>\n\n\n\n<p>En el a\u00f1o 2023 se comercializaron en el mercado interno <strong>151 hl de vinos Garnacha tinta y 65 hl de Garnacha tinta en corte con otros varietales.<\/strong><\/p>\n\n\n\n<p>Las ventas al mercado interno de vinos puros de Garnacha tinta han aumentado un 715% respecto al a\u00f1o 2015, y sus cortes un 20%. En el \u00faltimo a\u00f1o hay una disminuci\u00f3n del 9,5% en el varietal puro y un aumento del 21,4% en los cortes.<\/p>\n\n\n\n<p>En 2023, el 43% del volumen despachado al mercado interno de vinos Garnacha tinta y sus cortes fue con IG (93,2 hl), siendo la m\u00e1s usada Valle de Cafayate (48,2 hl), luego Lunlunta (38,6 hl), Los Chacayes (6,1 hl) y Valle de Uco (0,3 hl).<\/p>\n\n\n\n<div style=\"height:30px\" aria-hidden=\"true\" class=\"wp-block-spacer\"><\/div>\n\n\n\n<div class=\"wp-block-group is-content-justification-center is-nowrap is-layout-flex wp-container-core-group-is-layout-94bc23d7 wp-block-group-is-layout-flex\"><div class=\"wp-block-image\">\n<figure class=\"aligncenter size-full is-resized\"><a href=\"https:\/\/enolife.com.ar\/es\/wp-content\/uploads\/2024\/09\/image-59.png\" data-rel=\"penci-gallery-image-content\" ><img loading=\"lazy\" decoding=\"async\" src=\"https:\/\/enolife.com.ar\/es\/wp-content\/uploads\/2024\/09\/image-59.png\" alt=\"\" class=\"wp-image-124914\" width=\"598\" height=\"312\" srcset=\"https:\/\/enolife.com.ar\/es\/wp-content\/uploads\/2024\/09\/image-59.png 622w, https:\/\/enolife.com.ar\/es\/wp-content\/uploads\/2024\/09\/image-59-300x157.png 300w, https:\/\/enolife.com.ar\/es\/wp-content\/uploads\/2024\/09\/image-59-585x306.png 585w\" sizes=\"auto, (max-width: 598px) 100vw, 598px\" \/><\/a><\/figure><\/div>\n\n\n<figure class=\"wp-block-image size-full\"><a href=\"https:\/\/enolife.com.ar\/es\/wp-content\/uploads\/2024\/09\/Imagen5-6.jpg\" data-rel=\"penci-gallery-image-content\" ><img loading=\"lazy\" decoding=\"async\" width=\"379\" height=\"273\" src=\"https:\/\/enolife.com.ar\/es\/wp-content\/uploads\/2024\/09\/Imagen5-6.jpg\" alt=\"\" class=\"wp-image-124931\" srcset=\"https:\/\/enolife.com.ar\/es\/wp-content\/uploads\/2024\/09\/Imagen5-6.jpg 379w, https:\/\/enolife.com.ar\/es\/wp-content\/uploads\/2024\/09\/Imagen5-6-300x216.jpg 300w\" sizes=\"auto, (max-width: 379px) 100vw, 379px\" \/><\/a><\/figure>\n<\/div>\n\n\n\n<div style=\"height:30px\" aria-hidden=\"true\" class=\"wp-block-spacer\"><\/div>\n\n\n\n<p>Los cortes de Garnacha tinta despachados al mercado interno en 2023 fueron dos: Garnacha- Syrah-Malbec (66,3%) y Garnacha-Syrah-Monastrell (33,7%).<\/p>\n\n\n\n<p>Los envases utilizados para el despacho de este varietal fueron botella y acero inoxidable.<\/p>\n\n\n\n<div style=\"height:30px\" aria-hidden=\"true\" class=\"wp-block-spacer\"><\/div>\n\n\n<div class=\"wp-block-image\">\n<figure class=\"aligncenter size-full\"><a href=\"https:\/\/enolife.com.ar\/es\/wp-content\/uploads\/2024\/09\/Imagen6-4.jpg\" data-rel=\"penci-gallery-image-content\" ><img loading=\"lazy\" decoding=\"async\" width=\"936\" height=\"271\" src=\"https:\/\/enolife.com.ar\/es\/wp-content\/uploads\/2024\/09\/Imagen6-4.jpg\" alt=\"\" class=\"wp-image-124933\" srcset=\"https:\/\/enolife.com.ar\/es\/wp-content\/uploads\/2024\/09\/Imagen6-4.jpg 936w, https:\/\/enolife.com.ar\/es\/wp-content\/uploads\/2024\/09\/Imagen6-4-300x87.jpg 300w, https:\/\/enolife.com.ar\/es\/wp-content\/uploads\/2024\/09\/Imagen6-4-768x222.jpg 768w, https:\/\/enolife.com.ar\/es\/wp-content\/uploads\/2024\/09\/Imagen6-4-585x169.jpg 585w\" sizes=\"auto, (max-width: 936px) 100vw, 936px\" \/><\/a><\/figure><\/div>\n\n\n<div style=\"height:35px\" aria-hidden=\"true\" class=\"wp-block-spacer\"><\/div>\n\n\n\n<p class=\"has-medium-font-size\"><strong>Mercado externo<\/strong><\/p>\n\n\n\n<p>En el a\u00f1o 2023 <strong>se exportaron 629,7 hl de Garnacha tinta puro por un valor FOB de 250.400 d\u00f3lares,<\/strong> lo cual da un <strong>precio medio de 3,98 d\u00f3lares por litro<\/strong>. Tambi\u00e9n se exportaron <strong>39,1 hl de Garnacha tinta en cortes con otras variedades por un valor FOB de 50.300 d\u00f3lares<\/strong>. La totalidad de los env\u00edos fueron fraccionados y en botella.<\/p>\n\n\n\n<p>La participaci\u00f3n de vinos Garnacha tinta y sus cortes en el volumen total de varietales exportados en 2023 fue del 0,04%. En el a\u00f1o 2015 esa participaci\u00f3n era del 0,03%.<\/p>\n\n\n\n<p>El volumen de las exportaciones de vinos Garnacha tinta (puro y sus cortes) creci\u00f3 un 44% en el \u00faltimo a\u00f1o, mientras que en el total pa\u00eds, los varietales disminuyeron un 22,2%.<\/p>\n\n\n\n<div style=\"height:30px\" aria-hidden=\"true\" class=\"wp-block-spacer\"><\/div>\n\n\n<div class=\"wp-block-image\">\n<figure class=\"aligncenter size-full is-resized\"><a href=\"https:\/\/enolife.com.ar\/es\/wp-content\/uploads\/2024\/09\/Imagen7-3.jpg\" data-rel=\"penci-gallery-image-content\" ><img loading=\"lazy\" decoding=\"async\" src=\"https:\/\/enolife.com.ar\/es\/wp-content\/uploads\/2024\/09\/Imagen7-3.jpg\" alt=\"\" class=\"wp-image-124935\" width=\"493\" height=\"305\" srcset=\"https:\/\/enolife.com.ar\/es\/wp-content\/uploads\/2024\/09\/Imagen7-3.jpg 551w, https:\/\/enolife.com.ar\/es\/wp-content\/uploads\/2024\/09\/Imagen7-3-300x186.jpg 300w\" sizes=\"auto, (max-width: 493px) 100vw, 493px\" \/><\/a><\/figure><\/div>\n\n\n<div style=\"height:20px\" aria-hidden=\"true\" class=\"wp-block-spacer\"><\/div>\n\n\n<div class=\"wp-block-image\">\n<figure class=\"aligncenter size-full is-resized\"><a href=\"https:\/\/enolife.com.ar\/es\/wp-content\/uploads\/2024\/09\/image-60.png\" data-rel=\"penci-gallery-image-content\" ><img loading=\"lazy\" decoding=\"async\" src=\"https:\/\/enolife.com.ar\/es\/wp-content\/uploads\/2024\/09\/image-60.png\" alt=\"\" class=\"wp-image-124918\" width=\"868\" height=\"274\" srcset=\"https:\/\/enolife.com.ar\/es\/wp-content\/uploads\/2024\/09\/image-60.png 951w, https:\/\/enolife.com.ar\/es\/wp-content\/uploads\/2024\/09\/image-60-300x95.png 300w, https:\/\/enolife.com.ar\/es\/wp-content\/uploads\/2024\/09\/image-60-768x243.png 768w, https:\/\/enolife.com.ar\/es\/wp-content\/uploads\/2024\/09\/image-60-585x185.png 585w\" sizes=\"auto, (max-width: 868px) 100vw, 868px\" \/><\/a><\/figure><\/div>\n\n\n<div style=\"height:30px\" aria-hidden=\"true\" class=\"wp-block-spacer\"><\/div>\n\n\n\n<p>En 2023, el 2% (13,7 hl) de las exportaciones de vinos Garnacha tinta y sus cortes us\u00f3 la IG Valle de Cafayate.<\/p>\n\n\n\n<p>Los vinos Garnacha tinta puros en 2023 se exportaron principalmente a Estados Unidos (92,5%).<br>Los vinos Garnacha tinta con cortes se exportaron a 5 pa\u00edses, siendo Brasil el primer destino (57,6%), seguido por Estados Unidos (28,8%).<\/p>\n\n\n\n<div style=\"height:30px\" aria-hidden=\"true\" class=\"wp-block-spacer\"><\/div>\n\n\n<div class=\"wp-block-image\">\n<figure class=\"aligncenter size-full is-resized\"><a href=\"https:\/\/enolife.com.ar\/es\/wp-content\/uploads\/2024\/09\/image-61.png\" data-rel=\"penci-gallery-image-content\" ><img loading=\"lazy\" decoding=\"async\" src=\"https:\/\/enolife.com.ar\/es\/wp-content\/uploads\/2024\/09\/image-61.png\" alt=\"\" class=\"wp-image-124921\" width=\"756\" height=\"346\" srcset=\"https:\/\/enolife.com.ar\/es\/wp-content\/uploads\/2024\/09\/image-61.png 913w, https:\/\/enolife.com.ar\/es\/wp-content\/uploads\/2024\/09\/image-61-300x137.png 300w, https:\/\/enolife.com.ar\/es\/wp-content\/uploads\/2024\/09\/image-61-768x352.png 768w, https:\/\/enolife.com.ar\/es\/wp-content\/uploads\/2024\/09\/image-61-585x268.png 585w\" sizes=\"auto, (max-width: 756px) 100vw, 756px\" \/><\/a><\/figure><\/div>\n\n\n<div style=\"height:30px\" aria-hidden=\"true\" class=\"wp-block-spacer\"><\/div>\n\n\n\n<p>El mayor volumen de corte Garnacha tinta exportado en 2023 fue el trivarietal Garnacha- Syrah-Malbec (65,3%), seguido por el bivarietal Garnacha-Syrah (28,8%) y Garnacha-Syrah- Monastrell (5,9%).<\/p>\n\n\n\n<div style=\"height:30px\" aria-hidden=\"true\" class=\"wp-block-spacer\"><\/div>\n\n\n<div class=\"wp-block-image\">\n<figure class=\"aligncenter size-full is-resized\"><a href=\"https:\/\/enolife.com.ar\/es\/wp-content\/uploads\/2024\/09\/Imagen8-2.jpg\" data-rel=\"penci-gallery-image-content\" ><img loading=\"lazy\" decoding=\"async\" src=\"https:\/\/enolife.com.ar\/es\/wp-content\/uploads\/2024\/09\/Imagen8-2.jpg\" alt=\"\" class=\"wp-image-124939\" width=\"690\" height=\"267\" srcset=\"https:\/\/enolife.com.ar\/es\/wp-content\/uploads\/2024\/09\/Imagen8-2.jpg 754w, https:\/\/enolife.com.ar\/es\/wp-content\/uploads\/2024\/09\/Imagen8-2-300x116.jpg 300w, https:\/\/enolife.com.ar\/es\/wp-content\/uploads\/2024\/09\/Imagen8-2-585x227.jpg 585w\" sizes=\"auto, (max-width: 690px) 100vw, 690px\" \/><\/a><\/figure><\/div>\n\n\n<div style=\"height:30px\" aria-hidden=\"true\" class=\"wp-block-spacer\"><\/div>\n","protected":false},"excerpt":{"rendered":"<p>El tercer viernes de setiembre se celebra el D\u00eda Internacional de la Garnacha. Para conocer&hellip;<\/p>\n","protected":false},"author":3,"featured_media":124946,"comment_status":"open","ping_status":"open","sticky":false,"template":"","format":"standard","meta":{"footnotes":""},"categories":[9],"tags":[],"class_list":["post-124900","post","type-post","status-publish","format-standard","has-post-thumbnail","hentry","category-negocios"],"_links":{"self":[{"href":"https:\/\/enolife.com.ar\/es\/wp-json\/wp\/v2\/posts\/124900","targetHints":{"allow":["GET"]}}],"collection":[{"href":"https:\/\/enolife.com.ar\/es\/wp-json\/wp\/v2\/posts"}],"about":[{"href":"https:\/\/enolife.com.ar\/es\/wp-json\/wp\/v2\/types\/post"}],"author":[{"embeddable":true,"href":"https:\/\/enolife.com.ar\/es\/wp-json\/wp\/v2\/users\/3"}],"replies":[{"embeddable":true,"href":"https:\/\/enolife.com.ar\/es\/wp-json\/wp\/v2\/comments?post=124900"}],"version-history":[{"count":0,"href":"https:\/\/enolife.com.ar\/es\/wp-json\/wp\/v2\/posts\/124900\/revisions"}],"wp:featuredmedia":[{"embeddable":true,"href":"https:\/\/enolife.com.ar\/es\/wp-json\/wp\/v2\/media\/124946"}],"wp:attachment":[{"href":"https:\/\/enolife.com.ar\/es\/wp-json\/wp\/v2\/media?parent=124900"}],"wp:term":[{"taxonomy":"category","embeddable":true,"href":"https:\/\/enolife.com.ar\/es\/wp-json\/wp\/v2\/categories?post=124900"},{"taxonomy":"post_tag","embeddable":true,"href":"https:\/\/enolife.com.ar\/es\/wp-json\/wp\/v2\/tags?post=124900"}],"curies":[{"name":"wp","href":"https:\/\/api.w.org\/{rel}","templated":true}]}}