{"id":12489,"date":"2020-05-11T22:25:21","date_gmt":"2020-05-11T22:25:21","guid":{"rendered":"http:\/\/enolife.com.ar\/es\/?p=12489"},"modified":"2020-05-13T00:31:22","modified_gmt":"2020-05-13T00:31:22","slug":"el-programa-solidario-de-reciclado-de-vidrio-de-verallia-donara-140-000-al-hospital-infantil-notti","status":"publish","type":"post","link":"https:\/\/enolife.com.ar\/es\/el-programa-solidario-de-reciclado-de-vidrio-de-verallia-donara-140-000-al-hospital-infantil-notti\/","title":{"rendered":"El programa solidario de reciclado de vidrio de Verallia donar\u00e1 $140.000 al hospital infantil Notti"},"content":{"rendered":"\n<h4 class=\"wp-block-heading\"><em><strong>En su octavo a\u00f1o de vida, el programa de reciclado \u00abVidrio, una acci\u00f3n transparente\u00bb, de Verallia Argentina, comparti\u00f3 una buena noticia: concretar\u00e1 una nueva donaci\u00f3n a la obra de la Fundaci\u00f3n del Hospital Materno Infantil Humberto Notti de Mendoza. Son $140.000 pesos obtenidos tambi\u00e9n por donaciones de botellas y envases de vidrio de vecinos y empresas de Mendoza. <\/strong><\/em><\/h4>\n\n\n\n<div style=\"height:20px\" aria-hidden=\"true\" class=\"wp-block-spacer\"><\/div>\n\n\n\n<p>A trav\u00e9s del programa, cada vez son m\u00e1s los mendocinos que se suman a la causa solidaria y, a la vez, asumen el tema del reciclado como un acto de conciencia para sanear el ambiente. Personas, familias, barrios, empresas e instituciones hacen su parte, generando una red solidaria de magnitud.<\/p>\n\n\n\n<p>Al habitual reciclado de envases de vidrio en los contenedores de Verallia en 35 puntos fijos de Mendoza (bodegas, barrios, supermercados, centros culturales, Instituto Nacional de Vitivinicultura) se sum\u00f3 la campa\u00f1a \u201cBrindar es Dar\u201d en diciembre de 2019, por la cual cada fin de a\u00f1o se incentiva el reciclado de vidrio con un sorteo de canastas navide\u00f1as.<\/p>\n\n\n\n<div style=\"height:20px\" aria-hidden=\"true\" class=\"wp-block-spacer\"><\/div>\n\n\n\n<div class=\"wp-block-image\"><figure class=\"aligncenter\"><img loading=\"lazy\" decoding=\"async\" width=\"612\" height=\"408\" src=\"https:\/\/enolife.com.ar\/es\/wp-content\/uploads\/2020\/05\/verallia-1.jpg\" alt=\"\" class=\"wp-image-12494\" srcset=\"https:\/\/enolife.com.ar\/es\/wp-content\/uploads\/2020\/05\/verallia-1.jpg 612w, https:\/\/enolife.com.ar\/es\/wp-content\/uploads\/2020\/05\/verallia-1-300x200.jpg 300w, https:\/\/enolife.com.ar\/es\/wp-content\/uploads\/2020\/05\/verallia-1-585x390.jpg 585w\" sizes=\"auto, (max-width: 612px) 100vw, 612px\" \/><\/figure><\/div>\n\n\n\n<div style=\"height:20px\" aria-hidden=\"true\" class=\"wp-block-spacer\"><\/div>\n\n\n\n<p>En febrero de este a\u00f1o 2020, en tanto, Verallia trabaj\u00f3 fuertemente con la concientizaci\u00f3n en eventos de Vendimia, con m\u00faltiples acciones de promoci\u00f3n y traslado de contenedores m\u00f3viles para juntar m\u00e1s botellas. El programa estuvo en Expo Vea Vendimia, Paseo de las Burbujas, Almuerzo de Bodegas de Argentina, Fiesta de la Cosecha, Gigantograf\u00edas de las Reinas de diario Los Andes y Megadegustaci\u00f3n en el Paseo Ar\u00edstides. <\/p>\n\n\n\n<div style=\"height:20px\" aria-hidden=\"true\" class=\"wp-block-spacer\"><\/div>\n\n\n\n<div class=\"wp-block-image\"><figure class=\"aligncenter size-large\"><img loading=\"lazy\" decoding=\"async\" width=\"612\" height=\"408\" src=\"https:\/\/enolife.com.ar\/es\/wp-content\/uploads\/2020\/05\/verallia-3.jpg\" alt=\"\" class=\"wp-image-12499\" srcset=\"https:\/\/enolife.com.ar\/es\/wp-content\/uploads\/2020\/05\/verallia-3.jpg 612w, https:\/\/enolife.com.ar\/es\/wp-content\/uploads\/2020\/05\/verallia-3-300x200.jpg 300w, https:\/\/enolife.com.ar\/es\/wp-content\/uploads\/2020\/05\/verallia-3-585x390.jpg 585w\" sizes=\"auto, (max-width: 612px) 100vw, 612px\" \/><\/figure><\/div>\n\n\n\n<div style=\"height:20px\" aria-hidden=\"true\" class=\"wp-block-spacer\"><\/div>\n\n\n\n<p><strong>As\u00ed, el nuevo aporte de $140.000 se suma a los m\u00e1s de $700.000 <\/strong>que ya fueron donados en los \u00faltimos a\u00f1os gracias al reciclado de vidrio, para destinarlos a la obra de hidroterapia para Rehabilitaci\u00f3n infantil que lleva a cabo Fundaci\u00f3n Notti. <\/p>\n\n\n\n<div style=\"height:20px\" aria-hidden=\"true\" class=\"wp-block-spacer\"><\/div>\n\n\n\n<figure class=\"wp-block-image size-large\"><img loading=\"lazy\" decoding=\"async\" width=\"1024\" height=\"682\" src=\"https:\/\/enolife.com.ar\/es\/wp-content\/uploads\/2020\/05\/Ana-Puelles-Walter-Formica-Ricardo-Zuppa-y-Ale-Merin-1024x682.jpg\" alt=\"\" class=\"wp-image-12496\" srcset=\"https:\/\/enolife.com.ar\/es\/wp-content\/uploads\/2020\/05\/Ana-Puelles-Walter-Formica-Ricardo-Zuppa-y-Ale-Merin-1024x682.jpg 1024w, https:\/\/enolife.com.ar\/es\/wp-content\/uploads\/2020\/05\/Ana-Puelles-Walter-Formica-Ricardo-Zuppa-y-Ale-Merin-300x200.jpg 300w, https:\/\/enolife.com.ar\/es\/wp-content\/uploads\/2020\/05\/Ana-Puelles-Walter-Formica-Ricardo-Zuppa-y-Ale-Merin-768x512.jpg 768w, https:\/\/enolife.com.ar\/es\/wp-content\/uploads\/2020\/05\/Ana-Puelles-Walter-Formica-Ricardo-Zuppa-y-Ale-Merin-1536x1023.jpg 1536w, https:\/\/enolife.com.ar\/es\/wp-content\/uploads\/2020\/05\/Ana-Puelles-Walter-Formica-Ricardo-Zuppa-y-Ale-Merin-1170x780.jpg 1170w, https:\/\/enolife.com.ar\/es\/wp-content\/uploads\/2020\/05\/Ana-Puelles-Walter-Formica-Ricardo-Zuppa-y-Ale-Merin-585x390.jpg 585w, https:\/\/enolife.com.ar\/es\/wp-content\/uploads\/2020\/05\/Ana-Puelles-Walter-Formica-Ricardo-Zuppa-y-Ale-Merin.jpg 1732w\" sizes=\"auto, (max-width: 1024px) 100vw, 1024px\" \/><figcaption><strong><em>Ana Puelles, Walter Formica, Ricardo Zuppa y Ale Merin<\/em><\/strong><\/figcaption><\/figure>\n\n\n\n<div style=\"height:20px\" aria-hidden=\"true\" class=\"wp-block-spacer\"><\/div>\n\n\n\n<p class=\"has-medium-font-size\"><strong>El vidrio que vuelve a ser botella y ayuda al Notti<\/strong><\/p>\n\n\n\n<p>El programa \u00ab<em>Vidrio, una acci\u00f3n transparente\u00bb <\/em>consiste en la recolecci\u00f3n de vidrio en distintos puntos del Gran Mendoza en contenedores con forma de campana con el logo de Verallia. En ellos se pueden depositar frascos y botellas, que luego se convertir\u00e1n en botellas nuevas en los hornos de la empresa.<\/p>\n\n\n\n<p>El vidrio se\nrecolecta durante todo el a\u00f1o; VeralliaArgentina<em> \u201c<\/em>paga\u201d en dinero efectivo el\nequivalente al vidrio reciclado y lo dona a la Fundaci\u00f3n Notti, la cual destina\nesta ayuda a la construcci\u00f3n de un Centro de Hidroterapia para Rehabilitaci\u00f3n\nInfantil. <\/p>\n\n\n\n<p>La solidaridad de los mendocinos junto a Verallia Argentina crea mayor conciencia social de responsabilidad y compromiso en el cuidado del ambiente, ayudando a la vez a cubrir las necesidades de salud de los ni\u00f1os mendocinos a trav\u00e9s de la Fundaci\u00f3n Notti.<\/p>\n\n\n\n<p class=\"has-background has-luminous-vivid-amber-background-color\"><strong>Para conocer m\u00e1s sobre el Programa de reciclado ingresar a: <a href=\"http:\/\/puntosdereciclado.ar.verallia.com\/\">http:\/\/puntosdereciclado.ar.verallia.com\/<\/a><\/strong><\/p>\n\n\n\n<div style=\"height:89px\" aria-hidden=\"true\" class=\"wp-block-spacer\"><\/div>\n","protected":false},"excerpt":{"rendered":"<p>En su octavo a\u00f1o de vida, el programa de reciclado \u00abVidrio, una acci\u00f3n transparente\u00bb, de&hellip;<\/p>\n","protected":false},"author":3,"featured_media":12493,"comment_status":"open","ping_status":"open","sticky":false,"template":"","format":"standard","meta":{"footnotes":""},"categories":[14],"tags":[],"class_list":["post-12489","post","type-post","status-publish","format-standard","has-post-thumbnail","hentry","category-news"],"_links":{"self":[{"href":"https:\/\/enolife.com.ar\/es\/wp-json\/wp\/v2\/posts\/12489","targetHints":{"allow":["GET"]}}],"collection":[{"href":"https:\/\/enolife.com.ar\/es\/wp-json\/wp\/v2\/posts"}],"about":[{"href":"https:\/\/enolife.com.ar\/es\/wp-json\/wp\/v2\/types\/post"}],"author":[{"embeddable":true,"href":"https:\/\/enolife.com.ar\/es\/wp-json\/wp\/v2\/users\/3"}],"replies":[{"embeddable":true,"href":"https:\/\/enolife.com.ar\/es\/wp-json\/wp\/v2\/comments?post=12489"}],"version-history":[{"count":0,"href":"https:\/\/enolife.com.ar\/es\/wp-json\/wp\/v2\/posts\/12489\/revisions"}],"wp:featuredmedia":[{"embeddable":true,"href":"https:\/\/enolife.com.ar\/es\/wp-json\/wp\/v2\/media\/12493"}],"wp:attachment":[{"href":"https:\/\/enolife.com.ar\/es\/wp-json\/wp\/v2\/media?parent=12489"}],"wp:term":[{"taxonomy":"category","embeddable":true,"href":"https:\/\/enolife.com.ar\/es\/wp-json\/wp\/v2\/categories?post=12489"},{"taxonomy":"post_tag","embeddable":true,"href":"https:\/\/enolife.com.ar\/es\/wp-json\/wp\/v2\/tags?post=12489"}],"curies":[{"name":"wp","href":"https:\/\/api.w.org\/{rel}","templated":true}]}}