{"id":124370,"date":"2024-09-12T15:09:03","date_gmt":"2024-09-12T15:09:03","guid":{"rendered":"https:\/\/enolife.com.ar\/es\/?p=124370"},"modified":"2024-09-14T16:05:24","modified_gmt":"2024-09-14T16:05:24","slug":"si-agarras-por-los-caminos-del-vino-de-cordoba-llegas-a-calamuchita-y-tenes-fiesta-del-17-al-24-9","status":"publish","type":"post","link":"https:\/\/enolife.com.ar\/es\/si-agarras-por-los-caminos-del-vino-de-cordoba-llegas-a-calamuchita-y-tenes-fiesta-del-17-al-24-9\/","title":{"rendered":"Si agarr\u00e1s por los caminos del vino de C\u00f3rdoba lleg\u00e1s a Calamuchita y ten\u00e9s fiesta del 17 al 24\/9"},"content":{"rendered":"\n<h4 class=\"wp-block-heading\"><em><strong>La provincia mediterr\u00e1nea argentina es una de las 18 del pa\u00eds donde se cultivan vides y se produce vino. All\u00ed, como en Mendoza, Neuqu\u00e9n y Salta, por citar 3 de las provincias m\u00e1s importantes de esta industria, el viajero puede encontrar como valor agregado a la vitivinicultura el enoturismo y la sabrosa comida regional. Dentro de un ciclo de actividades para impulsar los Caminos del Vino de C\u00f3rdoba, la pr\u00f3xima parada es Calamuchita, para luego seguir a las Sierras Chicas y Sierras del Norte entre el 4 y el 10 de octubre de 2024, y finalmente cerrar la movida en C\u00f3rdoba Capital del 1 al 9 de noviembre con la primera Feria del Vino Cordob\u00e9s. <\/strong><\/em><\/h4>\n\n\n\n<div style=\"height:23px\" aria-hidden=\"true\" class=\"wp-block-spacer\"><\/div>\n\n\n<a href=\"https:\/\/sudafilt.com\/\" aria-label=\"SUDAFILT 1700X500 NOV25\"><img loading=\"lazy\" decoding=\"async\" src=\"https:\/\/enolife.com.ar\/es\/wp-content\/uploads\/2020\/07\/SUDAFILT-1700X500-NOV25.gif\" alt=\"\"  width=\"1700\" height=\"500\"   \/><\/a>\n\n\n<div style=\"height:45px\" aria-hidden=\"true\" class=\"wp-block-spacer\"><\/div>\n\n\n<div class=\"wp-block-image\">\n<figure class=\"alignleft size-full\"><a href=\"https:\/\/enolife.com.ar\/es\/wp-content\/uploads\/2024\/09\/720.webp\"><img loading=\"lazy\" decoding=\"async\" width=\"340\" height=\"720\" src=\"https:\/\/enolife.com.ar\/es\/wp-content\/uploads\/2024\/09\/720.webp\" alt=\"\" class=\"wp-image-124375\" srcset=\"https:\/\/enolife.com.ar\/es\/wp-content\/uploads\/2024\/09\/720.webp 340w, https:\/\/enolife.com.ar\/es\/wp-content\/uploads\/2024\/09\/720-142x300.webp 142w\" sizes=\"auto, (max-width: 340px) 100vw, 340px\" \/><\/a><\/figure><\/div>\n\n\n<p>Del 17 al 24 de setiembre, la provincia de <strong>C\u00f3rdoba, Argentina<\/strong>, pone en escena una de las actividades m\u00e1s esperados del a\u00f1o por los amantes del enoturismo, con los buenos vinos locales, gastronom\u00eda, comidas t\u00edpicas regionales, espect\u00e1culos y hasta premios.<\/p>\n\n\n\n<p>El <strong>Valle de Calamuchita<\/strong> es considerado como uno de los atractivos tur\u00edsticos con mayor demanda de C\u00f3rdoba. Ubicado a unos kil\u00f3metros de la capital, la atracci\u00f3n principal de Calamuchita engloba r\u00edos cristalinos, bosques y un escenario para desconectarse y descansar. Sin embargo, y adem\u00e1s de todo el paisaje que presenta el lugar, muchos viajeros tambi\u00e9n esperan con ansias la ya famosa <strong>Semana del Vino<\/strong>, una actividad \u00fanica en la zona que incluye comidas, sabores locales y entretenimiento, siempre con alta participaci\u00f3n del p\u00fablico. <\/p>\n\n\n\n<p>Con el nombre de <strong>Semana de los Vinos Cordobeses<\/strong>, el encuentro, que viene de pasar por el <strong>Valle de Traslasierra<\/strong>, llegar\u00e1 a <strong>Calamuchita<\/strong> entre el 17 al 24 de setiembre. En \u00e9l, no s\u00f3lo albergar\u00e1 la exposici\u00f3n de vinos del lugar y alrededores, sino que adem\u00e1s presentar\u00e1 exposiciones con gastronom\u00eda en donde se ofrecer\u00e1n degustaciones, maridajes y actividades especiales con el objetivo de conocer de cerca el proceso de producci\u00f3n y caracter\u00edsticas \u00fanicas de los vinos.<\/p>\n\n\n\n<div style=\"height:20px\" aria-hidden=\"true\" class=\"wp-block-spacer\"><\/div>\n\n\n\n<p class=\"has-medium-font-size\"><strong>Premio al conductor designado<\/strong><\/p>\n\n\n\n<p>Con el objetivo de fomentar el consumo responsable y garantizar que todos los participantes puedan disfrutar de las catas y degustaciones de manera segura, las bodegas premiar\u00e1n a todos los conductores designados para que la experiencia que tengan en el festival pueda ser disfrutada y aprovechada al m\u00e1ximo.<\/p>\n\n\n\n<p>La Semana de los Vinos Cordobeses no s\u00f3lo ofrecer\u00e1 la posibilidad de degustar vinos de la zona sino que adem\u00e1s dar\u00e1 la chance de explorar la rica oferta gastron\u00f3mica de la regi\u00f3n, con comidas t\u00edpicas y elaboradas con ingredientes del lugar.<\/p>\n\n\n\n<p>Luego de que transcurra el festival en el valle de Calamuchita, la Semana continuar\u00e1 por dos lugares m\u00e1s. Primero ir\u00e1 a las <strong>Sierras Chicas<\/strong> y <strong>Norte<\/strong> entre el 4 al 10 de octubre, y luego tendr\u00e1 su finalizaci\u00f3n en <strong>C\u00f3rdoba Capital<\/strong> el pr\u00f3ximo 1 al 9 de noviembre, cerrando la primera <strong>Feria del Vino cordob\u00e9s.<\/strong><\/p>\n\n\n\n<div style=\"height:18px\" aria-hidden=\"true\" class=\"wp-block-spacer\"><\/div>\n\n\n\n<p class=\"has-small-font-size\"><em><strong>Fuente: mensajero.com.ar<\/strong><\/em><\/p>\n\n\n\n<div style=\"height:30px\" aria-hidden=\"true\" class=\"wp-block-spacer\"><\/div>\n","protected":false},"excerpt":{"rendered":"<p>La provincia mediterr\u00e1nea argentina es una de las 18 del pa\u00eds donde se cultivan vides&hellip;<\/p>\n","protected":false},"author":3,"featured_media":124380,"comment_status":"open","ping_status":"open","sticky":false,"template":"","format":"standard","meta":{"footnotes":""},"categories":[47,56],"tags":[],"class_list":["post-124370","post","type-post","status-publish","format-standard","has-post-thumbnail","hentry","category-agenda","category-destacado"],"_links":{"self":[{"href":"https:\/\/enolife.com.ar\/es\/wp-json\/wp\/v2\/posts\/124370","targetHints":{"allow":["GET"]}}],"collection":[{"href":"https:\/\/enolife.com.ar\/es\/wp-json\/wp\/v2\/posts"}],"about":[{"href":"https:\/\/enolife.com.ar\/es\/wp-json\/wp\/v2\/types\/post"}],"author":[{"embeddable":true,"href":"https:\/\/enolife.com.ar\/es\/wp-json\/wp\/v2\/users\/3"}],"replies":[{"embeddable":true,"href":"https:\/\/enolife.com.ar\/es\/wp-json\/wp\/v2\/comments?post=124370"}],"version-history":[{"count":0,"href":"https:\/\/enolife.com.ar\/es\/wp-json\/wp\/v2\/posts\/124370\/revisions"}],"wp:featuredmedia":[{"embeddable":true,"href":"https:\/\/enolife.com.ar\/es\/wp-json\/wp\/v2\/media\/124380"}],"wp:attachment":[{"href":"https:\/\/enolife.com.ar\/es\/wp-json\/wp\/v2\/media?parent=124370"}],"wp:term":[{"taxonomy":"category","embeddable":true,"href":"https:\/\/enolife.com.ar\/es\/wp-json\/wp\/v2\/categories?post=124370"},{"taxonomy":"post_tag","embeddable":true,"href":"https:\/\/enolife.com.ar\/es\/wp-json\/wp\/v2\/tags?post=124370"}],"curies":[{"name":"wp","href":"https:\/\/api.w.org\/{rel}","templated":true}]}}