{"id":124344,"date":"2024-09-13T14:40:37","date_gmt":"2024-09-13T14:40:37","guid":{"rendered":"https:\/\/enolife.com.ar\/es\/?p=124344"},"modified":"2024-09-15T20:28:44","modified_gmt":"2024-09-15T20:28:44","slug":"los-vinos-de-mar-y-tierra-de-chubut-en-una-feria-patagonica-en-rada-tilly-el-28-y-29-9","status":"publish","type":"post","link":"https:\/\/enolife.com.ar\/es\/los-vinos-de-mar-y-tierra-de-chubut-en-una-feria-patagonica-en-rada-tilly-el-28-y-29-9\/","title":{"rendered":"Los vinos de mar y tierra de Chubut, en una feria patag\u00f3nica en Rada Tilly, el 28 y 29\/9"},"content":{"rendered":"\n<h4 class=\"wp-block-heading\"><em><strong>La primera edici\u00f3n de \u00abTierra, Mar y Vinos\u00bb se llevar\u00e1 a cabo el 28 y 29 de setiembre en Rada Tilly, la ciudad sat\u00e9lite de Comodoro Rivadavia, en la costa atl\u00e1ntica de la austral provincia argentina de Chubut. Este in\u00e9dito y novedoso encuentro reunir\u00e1 a 30 bodegas de la regi\u00f3n, las que presentar\u00e1n sus mejores productos y ofrecer\u00e1n una experiencia de inter\u00e9s para los amantes del vino y la gastronom\u00eda local.<\/strong><\/em><\/h4>\n\n\n\n<div style=\"height:31px\" aria-hidden=\"true\" class=\"wp-block-spacer\"><\/div>\n\n\n\n\n\n<div style=\"height:45px\" aria-hidden=\"true\" class=\"wp-block-spacer\"><\/div>\n\n\n\n<p>Llega la primera edici\u00f3n de&nbsp;<strong>\u00abTierra, mar y vinos\u00bb<\/strong>, la feria que reunir\u00e1 a unas <strong>30 bodegas de Chubut<\/strong>&nbsp;que pondr\u00e1n en escena sus mejores productos. Se llevar\u00e1 a cabo&nbsp;en<strong> Rada Tilly <\/strong>-ciudad a 15 km de Comodoro Rivadavia, pero integrada a la urbe en lo administrativo y poblacional-<strong>, el 28 y 29 de setiembre<\/strong> en el <strong>Colegio M\u00e9dico<\/strong> de esta ciudad.&nbsp;Esta primera edici\u00f3n promete ser una oportunidad para descubrir y disfrutar de la riqueza enol\u00f3gica de la <strong>Patagonia<\/strong>, y en particular de la provincia de Chubut. Una experiencia imperdible para los<strong>&nbsp;amantes del vino<\/strong>&nbsp;de la zona y para quienes quieran adentrarse en este mundo.<\/p>\n\n\n\n<div style=\"height:30px\" aria-hidden=\"true\" class=\"wp-block-spacer\"><\/div>\n\n\n\n<figure class=\"wp-block-gallery has-nested-images columns-default is-cropped wp-block-gallery-1 is-layout-flex wp-block-gallery-is-layout-flex\">\n<figure class=\"wp-block-image size-full\"><a href=\"https:\/\/enolife.com.ar\/es\/wp-content\/uploads\/2024\/09\/720-2.jpg\" data-rel=\"penci-gallery-image-content\" ><img loading=\"lazy\" decoding=\"async\" width=\"400\" height=\"400\" data-id=\"124348\" src=\"https:\/\/enolife.com.ar\/es\/wp-content\/uploads\/2024\/09\/720-2.jpg\" alt=\"\" class=\"wp-image-124348\" srcset=\"https:\/\/enolife.com.ar\/es\/wp-content\/uploads\/2024\/09\/720-2.jpg 400w, https:\/\/enolife.com.ar\/es\/wp-content\/uploads\/2024\/09\/720-2-300x300.jpg 300w, https:\/\/enolife.com.ar\/es\/wp-content\/uploads\/2024\/09\/720-2-150x150.jpg 150w\" sizes=\"auto, (max-width: 400px) 100vw, 400px\" \/><\/a><\/figure>\n\n\n\n<figure class=\"wp-block-image size-full\"><a href=\"https:\/\/enolife.com.ar\/es\/wp-content\/uploads\/2024\/09\/720.jpg\" data-rel=\"penci-gallery-image-content\" ><img loading=\"lazy\" decoding=\"async\" width=\"400\" height=\"400\" data-id=\"124349\" src=\"https:\/\/enolife.com.ar\/es\/wp-content\/uploads\/2024\/09\/720.jpg\" alt=\"\" class=\"wp-image-124349\" srcset=\"https:\/\/enolife.com.ar\/es\/wp-content\/uploads\/2024\/09\/720.jpg 400w, https:\/\/enolife.com.ar\/es\/wp-content\/uploads\/2024\/09\/720-300x300.jpg 300w, https:\/\/enolife.com.ar\/es\/wp-content\/uploads\/2024\/09\/720-150x150.jpg 150w\" sizes=\"auto, (max-width: 400px) 100vw, 400px\" \/><\/a><\/figure>\n<\/figure>\n\n\n\n<div style=\"height:30px\" aria-hidden=\"true\" class=\"wp-block-spacer\"><\/div>\n\n\n\n<p><strong>Andr\u00e9s Acevedo<\/strong>, propietario de vinoteca<em><strong>&nbsp;<\/strong><\/em><strong>\u00abMusters\u00bb<\/strong>&nbsp;y organizador de esta primera edici\u00f3n de la Feria, destac\u00f3 que <em>\u00abeste evento no solo se centrar\u00e1 en el vino, sino que tambi\u00e9n incluir\u00e1&nbsp;<strong>otros productos locales, como cervezas y vermuts,&nbsp;<\/strong>tambi\u00e9n habr\u00e1 gastronom\u00eda lo que lo convierte en un atractivo para un p\u00fablico diverso\u00bb.<\/em><\/p>\n\n\n\n<p>Acevedo tambi\u00e9n enfatiz\u00f3 en la importancia de este encuentro para el desarrollo del mercado del vino en Chubut: <em>\u00abLa frontera vitivin\u00edcola en Argentina se ha expandido de una manera muy sorprendente y Chubut no est\u00e1 ajena a eso\u00bb<\/em>, coment\u00f3. <em>\u00abEste crecimiento ha permitido que la producci\u00f3n de vinos de calidad en la regi\u00f3n se potencie, convirti\u00e9ndose en una actividad econ\u00f3mica significativa que apoya tanto la gastronom\u00eda como el turismo local\u00bb<\/em>.<\/p>\n\n\n<div class=\"wp-block-image\">\n<figure class=\"alignleft size-full is-resized\"><a href=\"https:\/\/enolife.com.ar\/es\/wp-content\/uploads\/2024\/09\/720-1-1.jpg\" data-rel=\"penci-gallery-image-content\" ><img loading=\"lazy\" decoding=\"async\" src=\"https:\/\/enolife.com.ar\/es\/wp-content\/uploads\/2024\/09\/720-1-1.jpg\" alt=\"\" class=\"wp-image-124355\" width=\"350\" height=\"625\" srcset=\"https:\/\/enolife.com.ar\/es\/wp-content\/uploads\/2024\/09\/720-1-1.jpg 403w, https:\/\/enolife.com.ar\/es\/wp-content\/uploads\/2024\/09\/720-1-1-168x300.jpg 168w\" sizes=\"auto, (max-width: 350px) 100vw, 350px\" \/><\/a><\/figure><\/div>\n\n\n<p>En este marco, la feria no s\u00f3lo busca acercar el vino a los amantes de esta bebida, sino tambi\u00e9n a quienes est\u00e1n comenzando a explorar el mundo del vino. <em>\u00abQuer\u00edamos hacer un evento que pueda acercar a los amantes del del vino la posibilidad de conocer vinos que de otra manera no lo va a conocer, especialmente vinos de Chubut que est\u00e1n en una franja econ\u00f3mica elevada. Son vinos que se comercializan en el mercado externo y no en el interno. Vinos de alta gama que no est\u00e1n en el circuito de las tiendas de bebidas de Comodoro o Rada Tilly. Nos vamos a poder encontrar con todos estos vinos que de otra manera no los van a poder probar\u00bb<\/em>, explic\u00f3 Acevedo.<\/p>\n\n\n\n<p>Si bien la feria reunir\u00e1 especialmente a los en\u00f3filos, ser\u00e1 adem\u00e1s una buena oportunidad para quienes empiezan a conocer este mundo. <em>\u00abLa cepa que mayor se logra en Patagonia es el&nbsp;pinot noir, es la cepa m\u00e1s suave de toda la familia de las tintas e interesante para iniciarse en el mundo del vino como primera experiencia\u00bb<\/em>, a\u00f1adi\u00f3 Acevedo.<\/p>\n\n\n\n<p class=\"has-background\" style=\"background-color:#abb7c270\">Los interesados en asistir pueden adquirir sus entradas anticipadas a trav\u00e9s&nbsp;<a href=\"https:\/\/www.passline.com\/eventos\/feria-tierra-mar-y-vinos-2024\" target=\"_blank\" rel=\"noreferrer noopener\"><strong>de la plataforma Passline.<\/strong><\/a>&nbsp;<em>\u00abLas entradas son limitadas,&nbsp;ya que el lugar tiene un espacio restringido,&nbsp;con aproximadamente 400 entradas por jornada\u00bb,<\/em> advirti\u00f3 Acevedo.&nbsp;<\/p>\n\n\n\n<div style=\"height:19px\" aria-hidden=\"true\" class=\"wp-block-spacer\"><\/div>\n\n\n\n<p>El horario de la feria ser\u00e1 de&nbsp;15 a 22 hs, siendo las primeras horas las m\u00e1s tranquilas para quienes prefieren disfrutar de la experiencia con calma. Adem\u00e1s de las&nbsp;degustaciones, habr\u00e1 charlas y actividades&nbsp;programadas durante los dos d\u00edas del evento.&nbsp;<em>\u00abContaremos con la presencia de sommelieres y expertos que compartir\u00e1n sus conocimientos sobre la viticultura en la Patagonia\u00bb,<\/em>&nbsp;a\u00f1adi\u00f3.<\/p>\n\n\n\n<p>Acevedo destac\u00f3 la colaboraci\u00f3n de diversas instituciones p\u00fablicas y privadas que han apoyado la realizaci\u00f3n de la feria, lo que ha sido fundamental para su concreci\u00f3n; la Municipalidad de Rada Tilly, Banco del Chubut, Pan American Energy y Aguas Orizon.<\/p>\n\n\n\n<div style=\"height:35px\" aria-hidden=\"true\" class=\"wp-block-spacer\"><\/div>\n\n\n\n<p class=\"has-medium-font-size\"><strong>Las bodegas expositoras<\/strong><\/p>\n\n\n\n<p>Entre las bodegas destacadas que participar\u00e1n en la feria se encuentran&nbsp;<strong>Bodega Humberto Canale<\/strong>, con una tradici\u00f3n de casi 120 a\u00f1os en la elaboraci\u00f3n de vino;&nbsp;<strong>Bodega Malma,<\/strong>&nbsp;conocida por sus vinos de alta gama, y&nbsp;<strong>Bodega Fin del Mundo<\/strong>, otra reconocida bodega de la regi\u00f3n.<\/p>\n\n\n\n<p>Acevedo mencion\u00f3 que tambi\u00e9n habr\u00e1<em>&nbsp;\u00abemprendimientos muy peque\u00f1os como vinos de autor, vinos boutique o de garage\u00bb<\/em>, lo que permitir\u00e1 a los asistentes explorar una amplia variedad de opciones. <em>\u00abVamos a llevar muchas sorpresas porque hay dos variables de uvas tintas que se desarrollan de manera magistral, como es el pinot noir patag\u00f3nico y el Merlot\u00bb<\/em>, agreg\u00f3.<\/p>\n\n\n\n<p>La feria no s\u00f3lo se centrar\u00e1 en el vino, lo que enriquecer\u00e1 la experiencia. <em>\u00abEs un evento que moviliza un mont\u00f3n de actividades y que involucra a mucha gente\u00bb<\/em>, a\u00f1adi\u00f3 Acevedo, enfatizando la importancia de este tipo de iniciativas para el desarrollo del mercado vitivin\u00edcola en Chubut.<\/p>\n\n\n\n<div style=\"height:25px\" aria-hidden=\"true\" class=\"wp-block-spacer\"><\/div>\n\n\n\n<p class=\"has-small-font-size\"><em><strong>Fuente: adnsur.com.ar<\/strong><\/em><\/p>\n\n\n\n<div style=\"height:35px\" aria-hidden=\"true\" class=\"wp-block-spacer\"><\/div>\n\n\n\n<p><a href=\"https:\/\/www.adnsur.com.ar\/empresarias\/-pensando-en-construir--una-empresa-patagonica-propone-una-alternativa-a-las-viviendas-prefabricadas_a6234ef66a72b8bd71469ee2b\"><\/a><\/p>\n","protected":false},"excerpt":{"rendered":"<p>La primera edici\u00f3n de \u00abTierra, Mar y Vinos\u00bb se llevar\u00e1 a cabo el 28 y&hellip;<\/p>\n","protected":false},"author":3,"featured_media":124359,"comment_status":"open","ping_status":"open","sticky":false,"template":"","format":"standard","meta":{"footnotes":""},"categories":[47],"tags":[],"class_list":["post-124344","post","type-post","status-publish","format-standard","has-post-thumbnail","hentry","category-agenda"],"_links":{"self":[{"href":"https:\/\/enolife.com.ar\/es\/wp-json\/wp\/v2\/posts\/124344","targetHints":{"allow":["GET"]}}],"collection":[{"href":"https:\/\/enolife.com.ar\/es\/wp-json\/wp\/v2\/posts"}],"about":[{"href":"https:\/\/enolife.com.ar\/es\/wp-json\/wp\/v2\/types\/post"}],"author":[{"embeddable":true,"href":"https:\/\/enolife.com.ar\/es\/wp-json\/wp\/v2\/users\/3"}],"replies":[{"embeddable":true,"href":"https:\/\/enolife.com.ar\/es\/wp-json\/wp\/v2\/comments?post=124344"}],"version-history":[{"count":0,"href":"https:\/\/enolife.com.ar\/es\/wp-json\/wp\/v2\/posts\/124344\/revisions"}],"wp:featuredmedia":[{"embeddable":true,"href":"https:\/\/enolife.com.ar\/es\/wp-json\/wp\/v2\/media\/124359"}],"wp:attachment":[{"href":"https:\/\/enolife.com.ar\/es\/wp-json\/wp\/v2\/media?parent=124344"}],"wp:term":[{"taxonomy":"category","embeddable":true,"href":"https:\/\/enolife.com.ar\/es\/wp-json\/wp\/v2\/categories?post=124344"},{"taxonomy":"post_tag","embeddable":true,"href":"https:\/\/enolife.com.ar\/es\/wp-json\/wp\/v2\/tags?post=124344"}],"curies":[{"name":"wp","href":"https:\/\/api.w.org\/{rel}","templated":true}]}}