{"id":124224,"date":"2024-09-10T16:04:09","date_gmt":"2024-09-10T16:04:09","guid":{"rendered":"https:\/\/enolife.com.ar\/es\/?p=124224"},"modified":"2024-09-11T13:12:33","modified_gmt":"2024-09-11T13:12:33","slug":"alimentos-saludables-regalos-yoga-y-musica-en-el-green-market-14-y-15-9-en-el-parque-san-martin","status":"publish","type":"post","link":"https:\/\/enolife.com.ar\/es\/alimentos-saludables-regalos-yoga-y-musica-en-el-green-market-14-y-15-9-en-el-parque-san-martin\/","title":{"rendered":"Alimentos saludables, regalos, yoga y m\u00fasica en el Green Market, 14 y 15\/9 en el Parque San Mart\u00edn"},"content":{"rendered":"\n<h4 class=\"wp-block-heading\"><em><strong>Esta feria creada en 2013 por tres j\u00f3venes emprendedoras mendocinas tendr\u00e1 su primera edici\u00f3n en 2024 estos pr\u00f3ximos d\u00edas s\u00e1bado 14 y domingo 15 de setiembre de 2024 en el Parque General San Mart\u00edn de Mendoza, con una agenda que, adem\u00e1s de la exposici\u00f3n y venta de productos saludables a precios razonables, incluye yoga, talleres para ni\u00f1os y shows en vivo. El acceso es libre y gratuito.<\/strong><\/em><\/h4>\n\n\n\n<div style=\"height:35px\" aria-hidden=\"true\" class=\"wp-block-spacer\"><\/div>\n\n\n\n\n\n<div style=\"height:45px\" aria-hidden=\"true\" class=\"wp-block-spacer\"><\/div>\n\n\n\n<p><strong>Mendoza Green Market <\/strong>vuelve en su primera edici\u00f3n de 2024 con dos jornadas para encontrarse con amigos y familia y disfrutar de las actividades programadas.&nbsp;La feria de alimentos y bebidas saludables que ya es un cl\u00e1sico en <strong>Mendoza<\/strong>, se har\u00e1 este&nbsp; s\u00e1bado 14 y domingo 15 de setiembre de 2024, de 10 a 18 hs, en el <strong>Parque General San Mart\u00edn<\/strong>, en el predio ubicado sobre Boulogne Sur Mer entre los Portones del Parque y el Boulevard Pedro Giacchino. La entrada, como siempre, es <strong>libre y gratuita<\/strong>, tanto en la zona de mercado con emprendimientos locales innovadores y originales, como en las actividades de la agenda.<\/p>\n\n\n\n<div style=\"height:30px\" aria-hidden=\"true\" class=\"wp-block-spacer\"><\/div>\n\n\n<div class=\"wp-block-image\">\n<figure class=\"aligncenter size-full is-resized\"><a href=\"https:\/\/enolife.com.ar\/es\/wp-content\/uploads\/2024\/09\/IMG_7511.jpeg\" data-rel=\"penci-gallery-image-content\" ><img loading=\"lazy\" decoding=\"async\" src=\"https:\/\/enolife.com.ar\/es\/wp-content\/uploads\/2024\/09\/IMG_7511.jpeg\" alt=\"\" class=\"wp-image-124240\" width=\"595\" height=\"372\" srcset=\"https:\/\/enolife.com.ar\/es\/wp-content\/uploads\/2024\/09\/IMG_7511.jpeg 709w, https:\/\/enolife.com.ar\/es\/wp-content\/uploads\/2024\/09\/IMG_7511-300x187.jpeg 300w, https:\/\/enolife.com.ar\/es\/wp-content\/uploads\/2024\/09\/IMG_7511-585x366.jpeg 585w\" sizes=\"auto, (max-width: 595px) 100vw, 595px\" \/><\/a><\/figure><\/div>\n\n\n<div style=\"height:30px\" aria-hidden=\"true\" class=\"wp-block-spacer\"><\/div>\n\n\n\n<p class=\"has-background\" style=\"background-color:#b5e8d566\"><strong>Todos los emprendedores y productos<\/strong><br><br>El mercado, en esta ocasi\u00f3n tendr\u00e1 la participaci\u00f3n de casi 50 emprendimientos, que incluyen: Huertana,&nbsp; Sabores Delicatessen, T\u00eda Clara y Terru\u00f1os Mendoza (conservas artesanales); Ernesto Catena (vinos sustentables y veganos); Aromata Almac\u00e9n y M\u00edstica Natural (almacenes); Finca Domingo Lovecchio (aceites de oliva); Pan y Oliva (vinos naturales, aceites de oliva y panes); Biogreen (productos de limpieza y cosm\u00e9tica sustentables); C\u00e1scara Morena (frutos secos); Romina Cruse\u00f1o (cer\u00e1mica); Do\u00f1a Antonia (milanesas de soja org\u00e1nica); Essen (art\u00edculos de cocina); Finca Cosmos (finca biodin\u00e1mica que produce mermeladas, vinos, y cosm\u00e9tica natural); Frangus y Wengan (cervezas artesanales); Dulce Copla (pasteler\u00eda y comida libre de gluten); D\u00e1til Gusto (alfajores naturales y sin TACC); Esmeralda Panes M\u00e1gicos (panes y delicias caseras); Ida Weiss (cosm\u00e9tica natural); Lemon Tea (t\u00e9 y derivados); Licores Pierino (licores artesanales); Vivero Lunta (plantines para huerta); Mandala Fruta y Eco Pont (jugos naturales); Margha Pizza (pizzas de masa madre); Giokana Microgreens (micro verdes); Muchachito Delivery (comida vegana); Panquehua (frutas y verduras deshidratadas); Peque\u00f1os Verdes (regalos sustentables); Planeta Chip\u00e1 (chip\u00e1s saborizados); Dolcezza (helados); Espora Hongos (hongos frescos y en conserva); The Nook (comida saludable); Universo de Miel; Verde Urbano (kokedamas y plantas); Cava de Yerba Mate (yerbas agroecol\u00f3gicas); A puro Chili (salsas gourmet); Capra Bianca (quesos de cabra); Myco Adapt\u00f3genos; Chamama (accesorios con materiales recuperados); \u00c1rida (velas de cera vegetal y de abejas); Papines Andinos; y Eco Feria de Chacras (frutas y verduras agroecol\u00f3gicas).                                                                                 <\/p>\n\n\n\n<div style=\"height:30px\" aria-hidden=\"true\" class=\"wp-block-spacer\"><\/div>\n\n\n\n<p>Adem\u00e1s, durante los dos d\u00edas habr\u00e1 una agenda llena de actividades gratuitas. Entre ellas, <strong>clases de yoga<\/strong> y de <strong>cocina saludable<\/strong>, talleres de <strong>ecolog\u00eda para ni\u00f1os<\/strong>, <strong>entrenamiento nutritivo<\/strong> (una pr\u00e1ctica para incrementar las habilidades motrices y desarrollar fuera y resistencia), <strong>meditaciones<\/strong>, <strong>charlas<\/strong> y <strong>shows en vivo<\/strong>. Y un espacio destinado a <strong>comedor comunitario<\/strong> para que mendocinos y turistas que asistan puedan compartir la buena energ\u00eda que se vive en Mendoza Green Market.<\/p>\n\n\n\n<div style=\"height:30px\" aria-hidden=\"true\" class=\"wp-block-spacer\"><\/div>\n\n\n<div class=\"wp-block-image\">\n<figure class=\"aligncenter size-full is-resized\"><a href=\"https:\/\/enolife.com.ar\/es\/wp-content\/uploads\/2024\/09\/IMG_7515.jpeg\" data-rel=\"penci-gallery-image-content\" ><img loading=\"lazy\" decoding=\"async\" src=\"https:\/\/enolife.com.ar\/es\/wp-content\/uploads\/2024\/09\/IMG_7515.jpeg\" alt=\"\" class=\"wp-image-124238\" width=\"592\" height=\"398\" srcset=\"https:\/\/enolife.com.ar\/es\/wp-content\/uploads\/2024\/09\/IMG_7515.jpeg 743w, https:\/\/enolife.com.ar\/es\/wp-content\/uploads\/2024\/09\/IMG_7515-300x202.jpeg 300w, https:\/\/enolife.com.ar\/es\/wp-content\/uploads\/2024\/09\/IMG_7515-585x394.jpeg 585w\" sizes=\"auto, (max-width: 592px) 100vw, 592px\" \/><\/a><\/figure><\/div>\n\n\n<div style=\"height:30px\" aria-hidden=\"true\" class=\"wp-block-spacer\"><\/div>\n\n\n\n<p>Mendoza Green Market es la feria de alimentos y bebidas saludables consolidada como la m\u00e1s grande de la regi\u00f3n, fue creada en 2013 por<strong>&nbsp;Jazm\u00edn Bulit<\/strong>, <strong>Rosario D\u00edaz Araujo<\/strong> y <strong>Gabriela Abihaggle<\/strong>, y cuenta con el auspicio del <strong>Gobierno de Mendoza<\/strong> y del <strong>Consejo Federal de Inversiones<\/strong>. Desde sus inicios, el objetivo fue mejorar los h\u00e1bitos de alimentaci\u00f3n vinculando a mendocinos y turistas con productores y emprendedores locales. Se trata de un paseo gratuito que tambi\u00e9n promueve, con sus actividades, el cuidado del cuerpo y el ambiente y fomenta un consumo responsable, generando un ambiente de disfrute y aprendizaje en los espacios verdes de la provincia.&nbsp;<\/p>\n\n\n\n<div style=\"height:30px\" aria-hidden=\"true\" class=\"wp-block-spacer\"><\/div>\n\n\n<div class=\"wp-block-image\">\n<figure class=\"aligncenter size-full is-resized\"><a href=\"https:\/\/enolife.com.ar\/es\/wp-content\/uploads\/2024\/09\/IMG_7512.jpg\" data-rel=\"penci-gallery-image-content\" ><img loading=\"lazy\" decoding=\"async\" src=\"https:\/\/enolife.com.ar\/es\/wp-content\/uploads\/2024\/09\/IMG_7512.jpg\" alt=\"\" class=\"wp-image-124239\" width=\"595\" height=\"359\" srcset=\"https:\/\/enolife.com.ar\/es\/wp-content\/uploads\/2024\/09\/IMG_7512.jpg 755w, https:\/\/enolife.com.ar\/es\/wp-content\/uploads\/2024\/09\/IMG_7512-300x181.jpg 300w, https:\/\/enolife.com.ar\/es\/wp-content\/uploads\/2024\/09\/IMG_7512-585x353.jpg 585w\" sizes=\"auto, (max-width: 595px) 100vw, 595px\" \/><\/a><\/figure><\/div>\n\n\n<div style=\"height:35px\" aria-hidden=\"true\" class=\"wp-block-spacer\"><\/div>\n\n\n\n<p class=\"has-medium-font-size\"><strong>La agenda completa<\/strong><\/p>\n\n\n\n<p class=\"has-background\" style=\"background-color:#b5e8d566\"><strong>S\u00e1bado 14 de setiembre<\/strong><\/p>\n\n\n\n<p>10.30 hs: Yin Yoga (Valeria Imperiale)<br>11.30: Meditaci\u00f3n: Activar tu gl\u00e1ndula pineal (Shanti Soleti)<br>12.30: Clase de cocina (Nacho Molina)<br>14: M\u00fasica en vivo (Leandro Lacerna Full Band)<br>15: Charla: Hongos adapt\u00f3genos (Ramiro P\u00e9rez Juez)<br>16: Movimiento Nutritivo (Equipo Nuta)<br>17: Taller de ecolog\u00eda para ni\u00f1os<\/p>\n\n\n\n<div style=\"height:30px\" aria-hidden=\"true\" class=\"wp-block-spacer\"><\/div>\n\n\n\n<p class=\"has-background\" style=\"background-color:#b5e8d566\"><strong>Domingo 15 de setiembre<\/strong><\/p>\n\n\n\n<p>10.30:&nbsp; Yoga din\u00e1mico (Valeria Imperiale)<br>11.30: Meditaci\u00f3n: Desbloquea tu abundancia&nbsp;(Shanti Soleti)<br>12.30 Clase de cocina (Graciela Hisa)<br>14: M\u00fasica en vivo (Magnolia)<br>15: Charla: Ciencia y alimentaci\u00f3n para sanar (Silvana Malnis y Rosario D\u00edaz Araujo)<br>16: Movimiento Nutritivo (Equipo Nuta)<br>17: Taller de ecolog\u00eda para ni\u00f1os<\/p>\n\n\n\n<div style=\"height:30px\" aria-hidden=\"true\" class=\"wp-block-spacer\"><\/div>\n","protected":false},"excerpt":{"rendered":"<p>Esta feria creada en 2013 por tres j\u00f3venes emprendedoras mendocinas tendr\u00e1 su primera edici\u00f3n en&hellip;<\/p>\n","protected":false},"author":3,"featured_media":124242,"comment_status":"open","ping_status":"open","sticky":false,"template":"","format":"standard","meta":{"footnotes":""},"categories":[47],"tags":[],"class_list":["post-124224","post","type-post","status-publish","format-standard","has-post-thumbnail","hentry","category-agenda"],"_links":{"self":[{"href":"https:\/\/enolife.com.ar\/es\/wp-json\/wp\/v2\/posts\/124224","targetHints":{"allow":["GET"]}}],"collection":[{"href":"https:\/\/enolife.com.ar\/es\/wp-json\/wp\/v2\/posts"}],"about":[{"href":"https:\/\/enolife.com.ar\/es\/wp-json\/wp\/v2\/types\/post"}],"author":[{"embeddable":true,"href":"https:\/\/enolife.com.ar\/es\/wp-json\/wp\/v2\/users\/3"}],"replies":[{"embeddable":true,"href":"https:\/\/enolife.com.ar\/es\/wp-json\/wp\/v2\/comments?post=124224"}],"version-history":[{"count":0,"href":"https:\/\/enolife.com.ar\/es\/wp-json\/wp\/v2\/posts\/124224\/revisions"}],"wp:featuredmedia":[{"embeddable":true,"href":"https:\/\/enolife.com.ar\/es\/wp-json\/wp\/v2\/media\/124242"}],"wp:attachment":[{"href":"https:\/\/enolife.com.ar\/es\/wp-json\/wp\/v2\/media?parent=124224"}],"wp:term":[{"taxonomy":"category","embeddable":true,"href":"https:\/\/enolife.com.ar\/es\/wp-json\/wp\/v2\/categories?post=124224"},{"taxonomy":"post_tag","embeddable":true,"href":"https:\/\/enolife.com.ar\/es\/wp-json\/wp\/v2\/tags?post=124224"}],"curies":[{"name":"wp","href":"https:\/\/api.w.org\/{rel}","templated":true}]}}