{"id":124158,"date":"2024-09-14T15:09:17","date_gmt":"2024-09-14T15:09:17","guid":{"rendered":"https:\/\/enolife.com.ar\/es\/?p=124158"},"modified":"2024-09-16T02:16:35","modified_gmt":"2024-09-16T02:16:35","slug":"importadores-de-7-paises-americanos-buscaran-en-mendoza-vinos-comunes-premium-y-de-coleccion","status":"publish","type":"post","link":"https:\/\/enolife.com.ar\/es\/importadores-de-7-paises-americanos-buscaran-en-mendoza-vinos-comunes-premium-y-de-coleccion\/","title":{"rendered":"Importadores de 7 pa\u00edses americanos buscar\u00e1n en Mendoza vinos comunes, premium y de colecci\u00f3n"},"content":{"rendered":"\n<h4 class=\"wp-block-heading\"><em><strong>Del 15 al 17 de octubre recorrer\u00e1n esta provincia importadores y distribuidores de Estados Unidos, Brasil, Per\u00fa, M\u00e9xico, Aruba, Paraguay y Bolivia con el objetivo de comprar vinos entry level, reserva y gran reserva. La participaci\u00f3n en la ronda de negocios est\u00e1 abierta a todas las bodegas de Mendoza, con inscripci\u00f3n previa hasta el 13 de setiembre y pago del correspondiente arancel.<\/strong><\/em><\/h4>\n\n\n\n<div style=\"height:35px\" aria-hidden=\"true\" class=\"wp-block-spacer\"><\/div>\n\n\n<a href=\"https:\/\/ar.verallia.com\/\" aria-label=\"VERALLIA 1700 x 500\"><img loading=\"lazy\" decoding=\"async\" src=\"https:\/\/enolife.com.ar\/es\/wp-content\/uploads\/2021\/04\/VERALLIA-1700-x-500.jpg\" alt=\"\"  srcset=\"https:\/\/enolife.com.ar\/es\/wp-content\/uploads\/2021\/04\/VERALLIA-1700-x-500.jpg 1700w, https:\/\/enolife.com.ar\/es\/wp-content\/uploads\/2021\/04\/VERALLIA-1700-x-500-300x88.jpg 300w, https:\/\/enolife.com.ar\/es\/wp-content\/uploads\/2021\/04\/VERALLIA-1700-x-500-1024x301.jpg 1024w, https:\/\/enolife.com.ar\/es\/wp-content\/uploads\/2021\/04\/VERALLIA-1700-x-500-768x226.jpg 768w, https:\/\/enolife.com.ar\/es\/wp-content\/uploads\/2021\/04\/VERALLIA-1700-x-500-1536x452.jpg 1536w, https:\/\/enolife.com.ar\/es\/wp-content\/uploads\/2021\/04\/VERALLIA-1700-x-500-1170x344.jpg 1170w, https:\/\/enolife.com.ar\/es\/wp-content\/uploads\/2021\/04\/VERALLIA-1700-x-500-585x172.jpg 585w\" sizes=\"auto, (max-width: 1700px) 100vw, 1700px\" width=\"1700\" height=\"500\"   \/><\/a>\n\n\n<div style=\"height:45px\" aria-hidden=\"true\" class=\"wp-block-spacer\"><\/div>\n\n\n<div class=\"wp-block-image\">\n<figure class=\"alignleft size-full is-resized\"><a href=\"https:\/\/enolife.com.ar\/es\/wp-content\/uploads\/2024\/09\/db0e08b9-f3ff-8b3f-01ae-26ba361eb1b7.png\" data-rel=\"penci-gallery-image-content\" ><img loading=\"lazy\" decoding=\"async\" src=\"https:\/\/enolife.com.ar\/es\/wp-content\/uploads\/2024\/09\/db0e08b9-f3ff-8b3f-01ae-26ba361eb1b7.png\" alt=\"\" class=\"wp-image-124167\" width=\"274\" height=\"274\" srcset=\"https:\/\/enolife.com.ar\/es\/wp-content\/uploads\/2024\/09\/db0e08b9-f3ff-8b3f-01ae-26ba361eb1b7.png 400w, https:\/\/enolife.com.ar\/es\/wp-content\/uploads\/2024\/09\/db0e08b9-f3ff-8b3f-01ae-26ba361eb1b7-300x300.png 300w, https:\/\/enolife.com.ar\/es\/wp-content\/uploads\/2024\/09\/db0e08b9-f3ff-8b3f-01ae-26ba361eb1b7-150x150.png 150w\" sizes=\"auto, (max-width: 274px) 100vw, 274px\" \/><\/a><\/figure><\/div>\n\n\n<p>Hasta el <strong>13 de setiembre<\/strong> est\u00e1 abierta la inscripci\u00f3n a la <strong>\u00abRonda de Negocios de las Am\u00e9ricas\u00bb<\/strong>, que organiza <strong>ProMendoza<\/strong> -la agencia gubernamental de promoci\u00f3n de los productos locales en el mundo-, encuentro que tendr\u00e1 lugar entre el 15 y 17 de octubre en el <strong>Espacio Arizu<\/strong> de Godoy Cruz, Mendoza y en locaciones en <strong>Tunuy\u00e1n<\/strong>, Valle de Uco, Mendoza.<\/p>\n\n\n\n<p>Se trata de una ronda inversa de negocios en donde importadores y distribuidores de <strong>Estados Unidos, Brasil, Per\u00fa, M\u00e9xico, Aruba, Paraguay <\/strong>y<strong> Bolivia<\/strong> recorrer\u00e1n Mendoza y durante tres jornadas se reunir\u00e1n con representantes de bodegas de Mendoza que quieran exportar a esos mercados.<\/p>\n\n\n\n<p>Esta es una excelente ocasi\u00f3n para que las bodegas locales presenten sus vinos fraccionados y a granel, en los siguientes rangos:<\/p>\n\n\n\n<ol class=\"wp-block-list\">\n<li><strong>Entry Level:<\/strong>&nbsp;Vinos accesibles y vers\u00e1tiles para un p\u00fablico amplio.<\/li>\n\n\n\n<li><strong>Reserva:<\/strong>&nbsp;Vinos de alta calidad con un toque especial.<\/li>\n\n\n\n<li><strong>Gran Reserva:<\/strong>&nbsp;Joyas enol\u00f3gicas que destacan por su excelencia<\/li>\n<\/ol>\n\n\n\n<p>La ronda est\u00e1 organizada por el <strong>Gobierno de Mendoza<\/strong>, el <strong>Consejo Federal de Inversiones (CFI)<\/strong> y ProMendoza, con la colaboraci\u00f3n de la <strong>Corporaci\u00f3n Vitivin\u00edcola Argentina (Coviar)<\/strong>, la <strong>C\u00e1mara Argentina de Vino a Granel<\/strong> y <strong>C\u00e1mara de Productores y Exportadores de Mosto.<\/strong><\/p>\n\n\n\n<div style=\"height:35px\" aria-hidden=\"true\" class=\"wp-block-spacer\"><\/div>\n\n\n\n<p class=\"has-medium-font-size\"><strong>Agenda<\/strong><\/p>\n\n\n\n<p>Atendiendo a la federalizaci\u00f3n del evento, se dividir\u00e1n las jornadas de negocios. Habr\u00e1 una jornada para bodegas del Este y del Gran Mendoza y otra para las del Valle de Uco y Regi\u00f3n Sur.<\/p>\n\n\n\n<p><strong>15\/10&nbsp; Bodegas del Este y San Juan:<\/strong> Espacio Arizu, Belgrano 1322, Godoy Cruz <br><strong>16\/10&nbsp; Bodegas del Oasis Norte: <\/strong>Espacio Arizu, Belgrano 1322, Godoy Cruz <br><strong>17\/10&nbsp; Bodegas del Valle de Uco y Oasis Sur: <\/strong>Hotel Fuente Mayor, Ruta 92, Km. 15, Vista Flores, Tunuy\u00e1n<\/p>\n\n\n\n<div style=\"height:13px\" aria-hidden=\"true\" class=\"wp-block-spacer\"><\/div>\n\n\n\n<h4 class=\"wp-block-heading has-medium-font-size\">&nbsp;<strong>Arancel<\/strong><\/h4>\n\n\n\n<p>El precio de la participaci\u00f3n es de <strong>$300.000<\/strong>&nbsp; e incluye:&nbsp;<\/p>\n\n\n\n<ul class=\"wp-block-list\">\n<li>M\u00ednimo 5 reuniones de 25 minutos con importadores<\/li>\n\n\n\n<li>Mesa con identificaci\u00f3n<\/li>\n\n\n\n<li>Servicio de degustaci\u00f3n <\/li>\n<\/ul>\n\n\n\n<div style=\"height:35px\" aria-hidden=\"true\" class=\"wp-block-spacer\"><\/div>\n\n\n\n<p class=\"has-medium-font-size\"><strong>Criterios de selecci\u00f3n de bodegas<\/strong><\/p>\n\n\n\n<p>La inscripci\u00f3n es para cualquier bodega mendocina, pero el cupo es limitado. Tendr\u00e1n prioridad aquellas pymes que se inscriban y paguen en tiempo y forma, que no cuenten con importadores en Latinoam\u00e9rica ni en EEUU o que sean parte del programa <strong>\u00c1gil Nex<\/strong> de ProMendoza.<\/p>\n\n\n\n<div style=\"height:15px\" aria-hidden=\"true\" class=\"wp-block-spacer\"><\/div>\n\n\n\n<p class=\"has-background\" style=\"background-color:#abb7c24d\"><strong>Para mayor informaci\u00f3n e inscripciones<\/strong> ingresar a <a href=\"https:\/\/mailchi.mp\/promendoza\/ronda-de-negocios-internacional-sitevinitech-10330116\" title=\"\"><strong>bit.ly\/RondaDeLasAm\u00e9ricas<\/strong><\/a>. O escribir a Javier Rojas <a href=\"mailto:jrojas@promendoza.com\"><strong>jrojas@promendoza.com<\/strong><\/a> o Gustavo Calandra <a href=\"mailto:gcalandra@promendoza.com\"><strong>gcalandra@promendoza.com<\/strong><\/a>.<\/p>\n\n\n\n<div style=\"height:30px\" aria-hidden=\"true\" class=\"wp-block-spacer\"><\/div>\n","protected":false},"excerpt":{"rendered":"<p>Del 15 al 17 de octubre recorrer\u00e1n esta provincia importadores y distribuidores de Estados Unidos,&hellip;<\/p>\n","protected":false},"author":3,"featured_media":124171,"comment_status":"open","ping_status":"open","sticky":false,"template":"","format":"standard","meta":{"footnotes":""},"categories":[47,56],"tags":[],"class_list":["post-124158","post","type-post","status-publish","format-standard","has-post-thumbnail","hentry","category-agenda","category-destacado"],"_links":{"self":[{"href":"https:\/\/enolife.com.ar\/es\/wp-json\/wp\/v2\/posts\/124158","targetHints":{"allow":["GET"]}}],"collection":[{"href":"https:\/\/enolife.com.ar\/es\/wp-json\/wp\/v2\/posts"}],"about":[{"href":"https:\/\/enolife.com.ar\/es\/wp-json\/wp\/v2\/types\/post"}],"author":[{"embeddable":true,"href":"https:\/\/enolife.com.ar\/es\/wp-json\/wp\/v2\/users\/3"}],"replies":[{"embeddable":true,"href":"https:\/\/enolife.com.ar\/es\/wp-json\/wp\/v2\/comments?post=124158"}],"version-history":[{"count":0,"href":"https:\/\/enolife.com.ar\/es\/wp-json\/wp\/v2\/posts\/124158\/revisions"}],"wp:featuredmedia":[{"embeddable":true,"href":"https:\/\/enolife.com.ar\/es\/wp-json\/wp\/v2\/media\/124171"}],"wp:attachment":[{"href":"https:\/\/enolife.com.ar\/es\/wp-json\/wp\/v2\/media?parent=124158"}],"wp:term":[{"taxonomy":"category","embeddable":true,"href":"https:\/\/enolife.com.ar\/es\/wp-json\/wp\/v2\/categories?post=124158"},{"taxonomy":"post_tag","embeddable":true,"href":"https:\/\/enolife.com.ar\/es\/wp-json\/wp\/v2\/tags?post=124158"}],"curies":[{"name":"wp","href":"https:\/\/api.w.org\/{rel}","templated":true}]}}