{"id":124132,"date":"2024-09-10T00:33:35","date_gmt":"2024-09-10T00:33:35","guid":{"rendered":"https:\/\/enolife.com.ar\/es\/?p=124132"},"modified":"2024-09-11T13:59:21","modified_gmt":"2024-09-11T13:59:21","slug":"ciencias-agrarias-y-vivero-mercier-invitan-al-curso-teorico-practico-plantacion-exitosa-de-vinedo","status":"publish","type":"post","link":"https:\/\/enolife.com.ar\/es\/ciencias-agrarias-y-vivero-mercier-invitan-al-curso-teorico-practico-plantacion-exitosa-de-vinedo\/","title":{"rendered":"Ciencias Agrarias y Vivero Mercier invitan al curso te\u00f3rico pr\u00e1ctico \u00abPlantaci\u00f3n exitosa de vi\u00f1edo\u00bb"},"content":{"rendered":"\n<h4 class=\"wp-block-heading\"><em><strong>Con el objetivo de compartir conocimientos espec\u00edficos \u00fatiles para el trabajo y la econom\u00eda de Mendoza, la Facultad de Ciencias Agrarias (FCA) de la Universidad Nacional de Cuyo (UNCuyo), junto a Vivero Mercier Argentina, realizan una capacitaci\u00f3n destinada a encargados de fincas y productores, en dos fechas, 19 y 26 de setiembre pr\u00f3ximos.<\/strong><\/em><\/h4>\n\n\n\n<div style=\"height:35px\" aria-hidden=\"true\" class=\"wp-block-spacer\"><\/div>\n\n\n\n\n\n<div style=\"height:45px\" aria-hidden=\"true\" class=\"wp-block-spacer\"><\/div>\n\n\n<div class=\"wp-block-image\">\n<figure class=\"alignleft size-full is-resized\"><a href=\"https:\/\/enolife.com.ar\/es\/wp-content\/uploads\/2024\/09\/458771434_1067875462008901_3014044296832086978_n.jpg\" data-rel=\"penci-gallery-image-content\" ><img loading=\"lazy\" decoding=\"async\" src=\"https:\/\/enolife.com.ar\/es\/wp-content\/uploads\/2024\/09\/458771434_1067875462008901_3014044296832086978_n.jpg\" alt=\"\" class=\"wp-image-124138\" width=\"237\" height=\"315\" srcset=\"https:\/\/enolife.com.ar\/es\/wp-content\/uploads\/2024\/09\/458771434_1067875462008901_3014044296832086978_n.jpg 301w, https:\/\/enolife.com.ar\/es\/wp-content\/uploads\/2024\/09\/458771434_1067875462008901_3014044296832086978_n-226x300.jpg 226w\" sizes=\"auto, (max-width: 237px) 100vw, 237px\" \/><\/a><\/figure><\/div>\n\n\n<p>Al momento de implantar un vi\u00f1edo se presentan un sinf\u00edn de situaciones particulares que es imposible abarcar cuando se ofrecen recomendaciones. Independientemente del tipo de planta que se utilice, la zona en la que se encuentre o el sistema de cultivo que se elija, siempre hay t\u00e9cnicas para lograr excelentes resultados tras la plantaci\u00f3n.<\/p>\n\n\n\n<p>Con la finalidad de compartir esos conocimientos -basados en conceptos b\u00e1sicos y pr\u00e1cticas- la Facultad de Ciencias Agrarias (FCA) de la Universidad Nacional de Cuyo (UNCuyo), junto a Vivero Mercier invitan a la capacitaci\u00f3n <strong>\u00abCurso Te\u00f3rico Pr\u00e1ctico: Plantaci\u00f3n Exitosa de Vi\u00f1edos\u00bb<\/strong>, dirigida a encargados de fincas vit\u00edcolas y productores.<\/p>\n\n\n\n<p class=\"has-medium-font-size\"> <strong>Fechas<\/strong><\/p>\n\n\n\n<p>-Jueves 19 de setiembre, de 9 a 14 hs, Facultad de Ciencias Agrarias, Luj\u00e1n de Cuyo<\/p>\n\n\n\n<p>-Jueves 26 de setiembre, de 9 a 14 hs, Finca en Luj\u00e1n de Cuyo. <\/p>\n\n\n\n<p class=\"has-background\" style=\"background-color:#abb7c269\"><strong>Link de inscripci\u00f3n: <a href=\"https:\/\/docs.google.com\/forms\/d\/e\/1FAIpQLSeglmaWwKSWoA3sEou7vkA1NORrA9vtVPI0c40A_AOyqRpQmA\/viewform\" title=\"\">AQU\u00cd<\/a><\/strong> <br><strong>Aranceles:<\/strong> $80.000 p\u00fablico en general y $50.000 participantes de Escuela de Encargados de Fincas<\/p>\n\n\n\n<div style=\"height:30px\" aria-hidden=\"true\" class=\"wp-block-spacer\"><\/div>\n\n\n\n<p class=\"has-medium-font-size\"><strong>Temario<\/strong><\/p>\n\n\n\n<ul class=\"wp-block-list\">\n<li>Origen de las Plantas<\/li>\n\n\n\n<li>Par\u00e1metros de calidad de una planta<\/li>\n\n\n\n<li>Momentos \u00f3ptimos de plantaci\u00f3n<\/li>\n\n\n\n<li>Plantaci\u00f3n:\n<ul class=\"wp-block-list\">\n<li>Errores frecuentes en Plantaci\u00f3n &#8211; ejemplos y consecuencias<\/li>\n\n\n\n<li>Pr\u00e1ctica de Plantaci\u00f3n<\/li>\n<\/ul>\n<\/li>\n<\/ul>\n\n\n\n<div style=\"height:20px\" aria-hidden=\"true\" class=\"wp-block-spacer\"><\/div>\n\n\n\n<p class=\"has-medium-font-size\"><strong>Equipo formador<\/strong><\/p>\n\n\n\n<ul class=\"wp-block-list\">\n<li>C\u00e1tedra de Viticultura FCA<\/li>\n\n\n\n<li>Vivero Mercier<\/li>\n<\/ul>\n\n\n\n<div style=\"height:30px\" aria-hidden=\"true\" class=\"wp-block-spacer\"><\/div>\n","protected":false},"excerpt":{"rendered":"<p>Con el objetivo de compartir conocimientos espec\u00edficos \u00fatiles para el trabajo y la econom\u00eda de&hellip;<\/p>\n","protected":false},"author":3,"featured_media":124144,"comment_status":"open","ping_status":"open","sticky":false,"template":"","format":"standard","meta":{"footnotes":""},"categories":[47,56],"tags":[],"class_list":["post-124132","post","type-post","status-publish","format-standard","has-post-thumbnail","hentry","category-agenda","category-destacado"],"_links":{"self":[{"href":"https:\/\/enolife.com.ar\/es\/wp-json\/wp\/v2\/posts\/124132","targetHints":{"allow":["GET"]}}],"collection":[{"href":"https:\/\/enolife.com.ar\/es\/wp-json\/wp\/v2\/posts"}],"about":[{"href":"https:\/\/enolife.com.ar\/es\/wp-json\/wp\/v2\/types\/post"}],"author":[{"embeddable":true,"href":"https:\/\/enolife.com.ar\/es\/wp-json\/wp\/v2\/users\/3"}],"replies":[{"embeddable":true,"href":"https:\/\/enolife.com.ar\/es\/wp-json\/wp\/v2\/comments?post=124132"}],"version-history":[{"count":0,"href":"https:\/\/enolife.com.ar\/es\/wp-json\/wp\/v2\/posts\/124132\/revisions"}],"wp:featuredmedia":[{"embeddable":true,"href":"https:\/\/enolife.com.ar\/es\/wp-json\/wp\/v2\/media\/124144"}],"wp:attachment":[{"href":"https:\/\/enolife.com.ar\/es\/wp-json\/wp\/v2\/media?parent=124132"}],"wp:term":[{"taxonomy":"category","embeddable":true,"href":"https:\/\/enolife.com.ar\/es\/wp-json\/wp\/v2\/categories?post=124132"},{"taxonomy":"post_tag","embeddable":true,"href":"https:\/\/enolife.com.ar\/es\/wp-json\/wp\/v2\/tags?post=124132"}],"curies":[{"name":"wp","href":"https:\/\/api.w.org\/{rel}","templated":true}]}}