{"id":123980,"date":"2024-09-09T11:48:17","date_gmt":"2024-09-09T11:48:17","guid":{"rendered":"https:\/\/enolife.com.ar\/es\/?p=123980"},"modified":"2024-09-10T16:47:28","modified_gmt":"2024-09-10T16:47:28","slug":"la-cooperativa-de-contratistas-de-vina-de-mendoza-se-integra-a-la-red-de-alimentos-del-mercosur","status":"publish","type":"post","link":"https:\/\/enolife.com.ar\/es\/la-cooperativa-de-contratistas-de-vina-de-mendoza-se-integra-a-la-red-de-alimentos-del-mercosur\/","title":{"rendered":"La cooperativa de Contratistas de Vi\u00f1a de Mendoza se integra a la Red de Alimentos del Mercosur"},"content":{"rendered":"\n<h4 class=\"wp-block-heading\"><em><strong>En el reciente 4\u00b0 Encuentro Nacional de la Red de Alimentos Cooperativos realizado a fines de agosto en Jujuy, Argentina, particip\u00f3 la Cooperativa Cootravi, una organizaci\u00f3n nacida en el seno del Sindicato \u00danico de Trabajadores Contratistas de Vi\u00f1as y Frutales de Mendoza. All\u00ed, representantes de 70 entidades sindicales y cooperativas de Argentina, Chile, Bolivia, Brasil y Uruguay acordaron impulsar que los productos del sector se comercialicen en los pa\u00edses lim\u00edtrofes, en busca de resignificar la funci\u00f3n del Mercado Com\u00fan del Sur (Mercosur).<\/strong><\/em><\/h4>\n\n\n\n<div style=\"height:35px\" aria-hidden=\"true\" class=\"wp-block-spacer\"><\/div>\n\n\n<a href=\"https:\/\/www.facebook.com\/SindicatoContratitas\/\" aria-label=\"banner contratistas 1700&#215;500\"><img loading=\"lazy\" decoding=\"async\" src=\"https:\/\/enolife.com.ar\/es\/wp-content\/uploads\/2020\/08\/banner-contratistas-1700x500-1.jpg\" alt=\"\"  srcset=\"https:\/\/enolife.com.ar\/es\/wp-content\/uploads\/2020\/08\/banner-contratistas-1700x500-1.jpg 1700w, https:\/\/enolife.com.ar\/es\/wp-content\/uploads\/2020\/08\/banner-contratistas-1700x500-1-300x88.jpg 300w, https:\/\/enolife.com.ar\/es\/wp-content\/uploads\/2020\/08\/banner-contratistas-1700x500-1-1024x301.jpg 1024w, https:\/\/enolife.com.ar\/es\/wp-content\/uploads\/2020\/08\/banner-contratistas-1700x500-1-768x226.jpg 768w, https:\/\/enolife.com.ar\/es\/wp-content\/uploads\/2020\/08\/banner-contratistas-1700x500-1-1536x452.jpg 1536w, https:\/\/enolife.com.ar\/es\/wp-content\/uploads\/2020\/08\/banner-contratistas-1700x500-1-1170x344.jpg 1170w, https:\/\/enolife.com.ar\/es\/wp-content\/uploads\/2020\/08\/banner-contratistas-1700x500-1-585x172.jpg 585w\" sizes=\"auto, (max-width: 1700px) 100vw, 1700px\" width=\"1700\" height=\"500\"   \/><\/a>\n\n\n<div style=\"height:45px\" aria-hidden=\"true\" class=\"wp-block-spacer\"><\/div>\n\n\n\n<p><a href=\"https:\/\/www.facebook.com\/sharer\/sharer.php?u=https%3A%2F%2Fansol.com.ar%2Fencuentro-nacional-alimentos-cooperativos-alimentar%2Fgenerales%2Fpolitica%2F\"><\/a><a href=\"https:\/\/twitter.com\/intent\/tweet?url=https%3A%2F%2Fansol.com.ar%2Fencuentro-nacional-alimentos-cooperativos-alimentar%2Fgenerales%2Fpolitica%2F&amp;text=Encuentro%20Nacional%20de%20Alimentos%20Cooperativos%20finaliz%C3%B3%20en%20busca%20de%20la%20unidad\"><\/a><a href=\"whatsapp:\/\/send?text=https%3A%2F%2Fansol.com.ar%2Fencuentro-nacional-alimentos-cooperativos-alimentar%2Fgenerales%2Fpolitica%2F\"><\/a><a href=\"mailto:?subject=Encuentro%20Nacional%20de%20Alimentos%20Cooperativos%20finaliz%C3%B3%20en%20busca%20de%20la%20unidad&amp;body=https%3A%2F%2Fansol.com.ar%2Fencuentro-nacional-alimentos-cooperativos-alimentar%2Fgenerales%2Fpolitica%2F\"><\/a>A fines de agosto de 2024 se realiz\u00f3 en la localidad de Maimar\u00e1, Jujuy,&nbsp;<strong>el 4\u00ba Encuentro Nacional de la Red Alimentos Cooperativos<\/strong>, que cont\u00f3 con la participaci\u00f3n de diversas organizaciones del sector, que son parte activa de la vida social, pol\u00edtica, econ\u00f3mica, institucional, tanto de&nbsp;<strong>Argentina como de Chile, Bolivia<\/strong>,<strong> Brasil y Uruguay.<\/strong> Un rol protag\u00f3nico en el encuentro tuvo la <strong>Cooperativa Cootravi<\/strong> de <strong>Mendoza<\/strong>, que agrupa a unos 80 contratistas de vi\u00f1as y frutales de esta provincia, todos representados por el <strong>Sindicato de Contratistas de Vi\u00f1as y Frutales de Mendoza.<\/strong>  <\/p>\n\n\n\n<div style=\"height:30px\" aria-hidden=\"true\" class=\"wp-block-spacer\"><\/div>\n\n\n<div class=\"wp-block-image\">\n<figure class=\"aligncenter size-full is-resized\"><a href=\"https:\/\/enolife.com.ar\/es\/wp-content\/uploads\/2024\/09\/Imagen2-6.jpg\" data-rel=\"penci-gallery-image-content\" ><img loading=\"lazy\" decoding=\"async\" src=\"https:\/\/enolife.com.ar\/es\/wp-content\/uploads\/2024\/09\/Imagen2-6.jpg\" alt=\"\" class=\"wp-image-124091\" width=\"550\" height=\"363\" srcset=\"https:\/\/enolife.com.ar\/es\/wp-content\/uploads\/2024\/09\/Imagen2-6.jpg 468w, https:\/\/enolife.com.ar\/es\/wp-content\/uploads\/2024\/09\/Imagen2-6-300x198.jpg 300w\" sizes=\"auto, (max-width: 550px) 100vw, 550px\" \/><\/a><figcaption class=\"wp-element-caption\"><em><strong>La delegaci\u00f3n del Sindicato de Contratistas de Vi\u00f1as y Frutales de Mendoza y de la bodega No Me Olvides, de Cootravi, presentando sus productos.<\/strong><\/em><\/figcaption><\/figure><\/div>\n\n\n<div style=\"height:30px\" aria-hidden=\"true\" class=\"wp-block-spacer\"><\/div>\n\n\n\n<p>La novedad de este 4\u00ba Encuentro estuvo en la construcci\u00f3n de la&nbsp;<strong>Federaci\u00f3n Nacional de Cooperativas Agroalimentarias Ltda. (Alimentar)<\/strong>. Se trata de un proyecto que naci\u00f3 en 2022 por la necesidad de fortalecer institucionalmente a la Red, y que, finalmente, se constituy\u00f3 efectivamente en 2023.&nbsp;<\/p>\n\n\n\n<p>Unos 200 representantes de cooperativas, organizaciones solidarias y entidades sindicales, reunidos en los predios de la&nbsp;<strong>Cooperativa Cauqueva, <\/strong>en la localidad juje\u00f1a de<strong> Maimar\u00e1<\/strong>, llevaron a cabo una primera asamblea en la que se designaron por votaci\u00f3n directa los dirigentes de la nueva Federaci\u00f3n, con un Consejo de distintas Secretar\u00edas que responden a los diferentes eslabones de la cadena agroalimentaria.<\/p>\n\n\n\n<div style=\"height:30px\" aria-hidden=\"true\" class=\"wp-block-spacer\"><\/div>\n\n\n<div class=\"wp-block-image\">\n<figure class=\"aligncenter is-resized\"><img loading=\"lazy\" decoding=\"async\" src=\"https:\/\/ansol.com.ar\/wp-content\/uploads\/2024\/08\/image-10-1024x587.png\" alt=\"Encuentro Nacional de Alimentos Cooperativos finaliz\u00f3 en busca de la unidad\" class=\"wp-image-39385\" width=\"596\" height=\"341\"\/><figcaption class=\"wp-element-caption\"><em><strong>Un momento de las jornadas cooperativistas en Maimar\u00e1, Jujuy, Argentina.<\/strong><\/em><\/figcaption><\/figure><\/div>\n\n\n<div style=\"height:30px\" aria-hidden=\"true\" class=\"wp-block-spacer\"><\/div>\n\n\n\n<p><strong>Edgaro Lera<\/strong>, miembro fundador de la cooperativa<strong> Cootravi<\/strong> de Mendoza y l\u00edder del <strong>Sindicato de Contratistas de Vi\u00f1as y Frutales de Mendoza<\/strong>, quien asisti\u00f3 al encuentro junto a su esposa y presidenta de la cooperativa Cootravi, <strong>Gabriela Olea<\/strong>, sintetiz\u00f3: <em>\u00abTodos los a\u00f1os tenemos el encuentro nacional de alimentos cooperativos, este es el cuarto, toc\u00f3 en Maimar\u00e1, Jujuy. Vinieron cooperativas de diferentes provincias y puntos del pa\u00eds, desde Tierra del Fuego a Jujuy, y tambi\u00e9n de los pa\u00edses l\u00edmitrofes de Argentina.\u00bb <\/em><\/p>\n\n\n\n<p>Lera detall\u00f3: <em>\u00abFueron jornadas intensivas, se trabaj\u00f3 mucho&#8230; Como trabajadores y dirigentes de cooperativas nos vino muy bien, nos enriqueci\u00f3 el contacto personal y el intercambio de ideas para potenciar nuestra misi\u00f3n&#8230; Terminamos el \u00faltimo d\u00eda haciendo una feria con los productos que hab\u00eda llevado cada uno, intercambiamos cosas, fue emocionante y tambi\u00e9n sirvi\u00f3 para reflexionar en un contexto tan dif\u00edcil\u00bb<\/em>.<\/p>\n\n\n\n<div style=\"height:30px\" aria-hidden=\"true\" class=\"wp-block-spacer\"><\/div>\n\n\n<div class=\"wp-block-image\">\n<figure class=\"aligncenter size-full\"><a href=\"https:\/\/enolife.com.ar\/es\/wp-content\/uploads\/2024\/09\/Imagen1-7.jpg\" data-rel=\"penci-gallery-image-content\" ><img loading=\"lazy\" decoding=\"async\" width=\"492\" height=\"322\" src=\"https:\/\/enolife.com.ar\/es\/wp-content\/uploads\/2024\/09\/Imagen1-7.jpg\" alt=\"\" class=\"wp-image-124090\" srcset=\"https:\/\/enolife.com.ar\/es\/wp-content\/uploads\/2024\/09\/Imagen1-7.jpg 492w, https:\/\/enolife.com.ar\/es\/wp-content\/uploads\/2024\/09\/Imagen1-7-300x196.jpg 300w\" sizes=\"auto, (max-width: 492px) 100vw, 492px\" \/><\/a><figcaption class=\"wp-element-caption\"><em><strong>La mendocina Gabriela Olea.<\/strong><\/em><\/figcaption><\/figure><\/div>\n\n\n<div style=\"height:35px\" aria-hidden=\"true\" class=\"wp-block-spacer\"><\/div>\n\n\n\n<p class=\"has-medium-font-size\"><strong>Integraci\u00f3n entre organizaciones hermanas<\/strong><\/p>\n\n\n\n<p>Por su parte, <strong>Miguela Varela,<\/strong> integrante de la<strong> Red Alimentos Cooperativos<\/strong>, coment\u00f3 que trabajaron <em>\u201c<\/em><strong>sobre dos ejes muy importantes, que son la integraci\u00f3n y la reciprocidad, y que atravesaron todo el encuentro<\/strong>; <em>se hizo foco en distintas tem\u00e1ticas que tienen que ver con la comercializaci\u00f3n y la log\u00edstica, con el sostenimiento de las organizaciones, con el fortalecimiento de la institucionalidad, y con la red de redes, que es el impulso de vinculaciones con otras redes que son hermanas\u201d<\/em>.&nbsp;<\/p>\n\n\n\n<p>Varela cont\u00f3 que se est\u00e1 impulsando <em>\u201cla integraci\u00f3n latinoamericana, venimos trabajando en diversas iniciativas con cooperativas de Chile, Bolivia, Brasil y Uruguay, y en esta instancia va tomando forma un comit\u00e9 organizador de una instancia de integraci\u00f3n regional del cooperativismo agroalimentario, pensado en el fortalecimiento comercial\u201d.<\/em><\/p>\n\n\n\n<div style=\"height:30px\" aria-hidden=\"true\" class=\"wp-block-spacer\"><\/div>\n\n\n\n<blockquote class=\"wp-block-quote is-layout-flow wp-block-quote-is-layout-flow\">\n<p>Estamos muy contentos porque de este encuentro nos llevamos un mont\u00f3n de emociones, un mont\u00f3n de proyectos e ideas para seguir trabajando, y tuvimos la posibilidad de hacer alianzas latinoamericanas\u00bb.<\/p>\n<cite>Gabriela Olea, dirigente de la cooperativa agroalimentaria mendocina Cootravi.<\/cite><\/blockquote>\n\n\n\n<div style=\"height:30px\" aria-hidden=\"true\" class=\"wp-block-spacer\"><\/div>\n\n\n\n<p>A su turno, <strong>Oscar Minteguia,&nbsp;<\/strong>director de Vinculaci\u00f3n e Integraci\u00f3n Regional del gobierno de la provincia de <strong>Buenos Aires<\/strong>, explic\u00f3: \u00abPara nosotros como parte del Ministerio de Infraestructura y Servicios P\u00fablicos de Buenos Aires, es muy importante este encuentro, porque va en concordancia con lo que venimos haciendo desde el a\u00f1o 2022 y 2023\u00bb. Y agreg\u00f3 el funcionario bonaerense, tambi\u00e9n coopeerativista: <em>\u00abA nivel de todo el pa\u00eds resulta imprescindible la consolidaci\u00f3n del sector para el fortalecimiento de sus estructuras organizativas, de una forma cada vez m\u00e1s federal y cada vez m\u00e1s generosa en la articulaci\u00f3n con otras redes\u00bb.<\/em> Adem\u00e1s, destac\u00f3: <em>\u00abEl armado de la Red Mercosur con los cooperativistas de Bolivia, Chile, Brasil y Uruguay&nbsp;es muy importante porque implica transitar la gesti\u00f3n compartida entre los representantes de los gobiernos, sobre todo municipales, para coadministrar infraestructura para la generaci\u00f3n de trabajo\u00bb.<\/em><\/p>\n\n\n\n<div style=\"height:30px\" aria-hidden=\"true\" class=\"wp-block-spacer\"><\/div>\n\n\n<div class=\"wp-block-image\">\n<figure class=\"aligncenter is-resized\"><img loading=\"lazy\" decoding=\"async\" src=\"https:\/\/ansol.com.ar\/wp-content\/uploads\/2024\/08\/image-11-1024x593.png\" alt=\"Encuentro Nacional de Alimentos Cooperativos finaliz\u00f3 en busca de la unidad\" class=\"wp-image-39386\" width=\"622\" height=\"360\"\/><figcaption class=\"wp-element-caption\"><em><strong>Otro de los momentos de confraternizaci\u00f3n en Maimar\u00e1.<\/strong><\/em><\/figcaption><\/figure><\/div>\n\n\n<div style=\"height:29px\" aria-hidden=\"true\" class=\"wp-block-spacer\"><\/div>\n\n\n\n<p>Quienes tambi\u00e9n dijeron presente fueron las<strong>&nbsp;Universidades Nacionales de Quilmes, Jujuy, Salta y la de Buenos Aires (UBA).<\/strong>&nbsp;<strong>Pablo Rush, <\/strong>secretario de Extensi\u00f3n de la Facultad de Agronom\u00eda de la UBA, coment\u00f3: <em>\u00abFue uno de los encuentros m\u00e1s significativos e interesantes de los que participamos. Me llev\u00e9 una sensaci\u00f3n compartida con mis compa\u00f1eros de la universidad de ser testigos de un proceso genuino que aporta al arraigo, al desarrollo local y al respeto, del cual queremos y creemos que tenemos que ser parte y dedicarnos a fortalecer\u00bb.<\/em><\/p>\n\n\n\n<p>Del encuentro tambi\u00e9n participaron instituciones como&nbsp;el <strong>Movimiento Nacional Campesino Ind\u00edgena (MNCI), Federaci\u00f3n de Cooperativas Federadas (Fecofe), Cooperativa para la Nueva Argentina, Mercado de Consumo Popular (Mecopo) <\/strong>y<strong> Alta Red<\/strong>.<\/p>\n\n\n\n<div style=\"height:30px\" aria-hidden=\"true\" class=\"wp-block-spacer\"><\/div>\n\n\n\n<blockquote class=\"wp-block-quote is-layout-flow wp-block-quote-is-layout-flow\">\n<p>La lucha es que crucen las fronteras los alimentos y otros productos terminados y producidos por cooperativas, para que m\u00e1s libremente puedan llegar a otros mercados y consumidores, que est\u00e1n esperando nuestros productos m\u00e1s inocuos, limpios y de agricultura familiar\u00bb.<\/p>\n<cite>Daniel Rebolledo, dirigente de la Confederaci\u00f3n Nacional de Federaciones de Cooperativas y Asociaciones Silvoagropecuarias de Chile (Campocoop).<\/cite><\/blockquote>\n\n\n\n<div style=\"height:30px\" aria-hidden=\"true\" class=\"wp-block-spacer\"><\/div>\n\n\n\n<p>En la misma sinton\u00eda se expres\u00f3 <strong>Bruno Pinto<\/strong>, presidente de la<strong> Federaci\u00f3n Nacional de Cooperativas Agropecuarias (Fencoa)<\/strong> de<strong> Bolivia<\/strong>, que articula a unas 1.900 entidades: <em>\u00abVivimos con mucho optimismo lo que ocurri\u00f3 en Argentina, con cooperativas tambi\u00e9n de Chile, que pudieron respaldar la creaci\u00f3n de una Federaci\u00f3n Nacional, pero tambi\u00e9n poner en debate la construcci\u00f3n de un proyecto en la patria grande\u00bb.<\/em><\/p>\n\n\n\n<div style=\"height:30px\" aria-hidden=\"true\" class=\"wp-block-spacer\"><\/div>\n\n\n<div class=\"wp-block-image\">\n<figure class=\"aligncenter is-resized\"><img loading=\"lazy\" decoding=\"async\" src=\"https:\/\/ansol.com.ar\/wp-content\/uploads\/2024\/09\/20240902_ALIMENTAR_2-1024x576.jpeg\" alt=\"Red de Alimentos Cooperativos del Mercosur: el sue\u00f1o que naci\u00f3 en Jujuy\" class=\"wp-image-39430\" width=\"624\" height=\"351\"\/><figcaption class=\"wp-element-caption\"><em><strong>Dirigentes de las distintas cooperativas latinoamericanas.<\/strong><\/em><\/figcaption><\/figure><\/div>\n\n\n<div style=\"height:30px\" aria-hidden=\"true\" class=\"wp-block-spacer\"><\/div>\n\n\n\n<p>Pinto agreg\u00f3 que \u00ab<strong>con los hermanos de Chile, Brasil y Uruguay impulsamos una red para integrar y articular a las cooperativas agropecuarias de esta tierra de Sudam\u00e9rica, y por qu\u00e9 no tambi\u00e9n de Am\u00e9rica Central<\/strong>\u00ab.<\/p>\n\n\n\n<p>Finalmente, el dirigente de Fencoa expres\u00f3: <em>\u00abEl cooperativismo va a cumplir 100 a\u00f1os en Bolivia, donde mantenemos los principios y valores del sector, que buscan garantizar la seguridad alimentaria como soberan\u00eda de nuestros hermanos y hermanas, y queremos estar preparados para el a\u00f1o internacional del cooperativismo\u00bb.<\/em><\/p>\n\n\n\n<div style=\"height:30px\" aria-hidden=\"true\" class=\"wp-block-spacer\"><\/div>\n","protected":false},"excerpt":{"rendered":"<p>En el reciente 4\u00b0 Encuentro Nacional de la Red de Alimentos Cooperativos realizado a fines&hellip;<\/p>\n","protected":false},"author":3,"featured_media":124093,"comment_status":"open","ping_status":"open","sticky":false,"template":"","format":"standard","meta":{"footnotes":""},"categories":[14],"tags":[],"class_list":["post-123980","post","type-post","status-publish","format-standard","has-post-thumbnail","hentry","category-news"],"_links":{"self":[{"href":"https:\/\/enolife.com.ar\/es\/wp-json\/wp\/v2\/posts\/123980","targetHints":{"allow":["GET"]}}],"collection":[{"href":"https:\/\/enolife.com.ar\/es\/wp-json\/wp\/v2\/posts"}],"about":[{"href":"https:\/\/enolife.com.ar\/es\/wp-json\/wp\/v2\/types\/post"}],"author":[{"embeddable":true,"href":"https:\/\/enolife.com.ar\/es\/wp-json\/wp\/v2\/users\/3"}],"replies":[{"embeddable":true,"href":"https:\/\/enolife.com.ar\/es\/wp-json\/wp\/v2\/comments?post=123980"}],"version-history":[{"count":0,"href":"https:\/\/enolife.com.ar\/es\/wp-json\/wp\/v2\/posts\/123980\/revisions"}],"wp:featuredmedia":[{"embeddable":true,"href":"https:\/\/enolife.com.ar\/es\/wp-json\/wp\/v2\/media\/124093"}],"wp:attachment":[{"href":"https:\/\/enolife.com.ar\/es\/wp-json\/wp\/v2\/media?parent=123980"}],"wp:term":[{"taxonomy":"category","embeddable":true,"href":"https:\/\/enolife.com.ar\/es\/wp-json\/wp\/v2\/categories?post=123980"},{"taxonomy":"post_tag","embeddable":true,"href":"https:\/\/enolife.com.ar\/es\/wp-json\/wp\/v2\/tags?post=123980"}],"curies":[{"name":"wp","href":"https:\/\/api.w.org\/{rel}","templated":true}]}}