{"id":123656,"date":"2024-09-04T23:22:09","date_gmt":"2024-09-04T23:22:09","guid":{"rendered":"https:\/\/enolife.com.ar\/es\/?p=123656"},"modified":"2024-09-05T16:25:51","modified_gmt":"2024-09-05T16:25:51","slug":"expo-vinos-negocios-reune-a-productores-y-compradores-de-latam-18-y-19-9-en-la-nave-cultural","status":"publish","type":"post","link":"https:\/\/enolife.com.ar\/es\/expo-vinos-negocios-reune-a-productores-y-compradores-de-latam-18-y-19-9-en-la-nave-cultural\/","title":{"rendered":"Expo Vinos &#038; Negocios re\u00fane a productores y compradores de Latam, 18 y 19\/9 en la Nave Cultural"},"content":{"rendered":"\n<h4 class=\"wp-block-heading\"><em><strong>En su cuarta edici\u00f3n en Mendoza, este espacio para el encuentro de productores, compradores, sommeliers y especialistas del vino de Argentina y Latinoam\u00e9rica se realizar\u00e1 los d\u00edas mi\u00e9rcoles 18 y jueves 19 de setiembre de 2024 en la Nave Cultural del Parque Central, Mendoza. El evento pondr\u00e1 en escena 1.500 etiquetas de 200 bodegas de Argentina.<\/strong><\/em><\/h4>\n\n\n\n<div style=\"height:35px\" aria-hidden=\"true\" class=\"wp-block-spacer\"><\/div>\n\n\n<a href=\"https:\/\/www.parsecsrl.net\/es\/extraccion-selectiva-tintos\/\" aria-label=\"banner1700x500-rev-9\"><img loading=\"lazy\" decoding=\"async\" src=\"https:\/\/enolife.com.ar\/es\/wp-content\/uploads\/2022\/04\/banner1700x500-rev-9.gif\" alt=\"\"  width=\"1700\" height=\"500\"   \/><\/a>\n\n\n<div style=\"height:47px\" aria-hidden=\"true\" class=\"wp-block-spacer\"><\/div>\n\n\n\n<p>Organizada por&nbsp;<strong>Wine Revolution<\/strong>, la <strong>Expo Vinos &amp; Negocios Mendoza<\/strong> constituye un convocante encuentro de profesionales de la enolog\u00eda, compradores y vendedores del negocio de los vinos y destilados. <\/p>\n\n\n\n<p>La&nbsp;<strong>Expo Vinos &amp; Negocios fue creada en el a\u00f1o 2016<\/strong>&nbsp;en la&nbsp;<strong>ciudad de Buenos Aires,<\/strong>&nbsp;donde ya suma 7 ediciones. En 2021, la feria lleg\u00f3 a la ciudad de&nbsp;<strong>Mendoza<\/strong>, donde ya se realiz\u00f3 en tres oportunidades. La Expo ya ha logrado instalarse en el calendario de la industria como&nbsp;un<strong>&nbsp;<\/strong>evento importante del a\u00f1o para los profesionales del sector,&nbsp;posicionamiento que le vali\u00f3 el apoyo de&nbsp;<strong>Prowine<\/strong>&nbsp;<strong>San Pablo<\/strong>, una de las principales ferias de negocios del mundo.<\/p>\n\n\n\n<div style=\"height:0px\" aria-hidden=\"true\" class=\"wp-block-spacer\"><\/div>\n\n\n\n<div style=\"height:30px\" aria-hidden=\"true\" class=\"wp-block-spacer\"><\/div>\n\n\n\n<h3 class=\"wp-block-heading has-vivid-red-color has-text-color\">Vinos &amp; Negocios re\u00fanir\u00e1 a m\u00e1s de&nbsp;200 productores con compradores profesionales de bebidas de todo el pa\u00eds y Am\u00e9rica Latina.<\/h3>\n\n\n\n<div style=\"height:19px\" aria-hidden=\"true\" class=\"wp-block-spacer\"><\/div>\n\n\n\n<p>Orientada tanto a productores como compradores profesionales de bebidas destiladas,&nbsp;se presentar\u00e1 por primera vez un sector exclusivo para las bebidas espirituosas.<\/p>\n\n\n\n<div style=\"height:20px\" aria-hidden=\"true\" class=\"wp-block-spacer\"><\/div>\n\n\n\n<p><strong>El encuentro ofrecer\u00e1 tres contenidos centrales<\/strong>:<\/p>\n\n\n\n<ul class=\"wp-block-list\">\n<li><strong>Feria de vinos,&nbsp;<em>spirits<\/em>, equipamientos y servicios.<\/strong>&nbsp;Ser\u00e1 el espacio en el cual productores y bodegas de todos los tama\u00f1os&nbsp;podr\u00e1n encontrarse cara a cara con distribuidores y representantes&nbsp;que vienen a buscar nuevas marcas para comercializar, as\u00ed como con compradores del&nbsp;<em>trade<\/em>, tanto de Argentina como del exterior, que viajar\u00e1n especialmente a la feria en busca de buenos negocios. Se esperan reunir aqu\u00ed a m\u00e1s de&nbsp;<strong>1500 etiquetas de 200 productores<\/strong>&nbsp;de todas las escalas, las que podr\u00e1n degustarse de forma presencial bajo el eficiente formato&nbsp;<em>walk around<\/em>, como en las principales ferias de negocios del mundo.<\/li>\n\n\n\n<li><strong>Auditorio&nbsp;<em>masterclass<\/em>.<\/strong>&nbsp;A lo largo de ambas jornadas se presentar\u00e1n aqu\u00ed lanzamientos, ediciones limitadas de productores. El<strong>&nbsp;<\/strong>objetivo es lograr un contacto m\u00e1s cercano y directo con compradores profesionales, periodistas especializados y&nbsp;<em>sommeliers&nbsp;<\/em>referentes de la Argentina y del exterior.<\/li>\n\n\n\n<li><strong>Primera edici\u00f3n de Spirits &amp; Negocios.<\/strong>&nbsp;Se presentar\u00e1 por primera vez en el evento en un pabell\u00f3n exclusivo para esta categor\u00eda de productos,&nbsp;en lo que promete ser el plato fuerte de la pr\u00f3xima edici\u00f3n.<\/li>\n<\/ul>\n\n\n\n<div style=\"height:30px\" aria-hidden=\"true\" class=\"wp-block-spacer\"><\/div>\n\n\n<div class=\"wp-block-image\">\n<figure class=\"aligncenter size-full is-resized\"><a href=\"https:\/\/enolife.com.ar\/es\/wp-content\/uploads\/2024\/09\/IMG-20240904-WA0161.jpg\" data-rel=\"penci-gallery-image-content\" ><img loading=\"lazy\" decoding=\"async\" src=\"https:\/\/enolife.com.ar\/es\/wp-content\/uploads\/2024\/09\/IMG-20240904-WA0161.jpg\" alt=\"\" class=\"wp-image-123666\" width=\"313\" height=\"223\" srcset=\"https:\/\/enolife.com.ar\/es\/wp-content\/uploads\/2024\/09\/IMG-20240904-WA0161.jpg 640w, https:\/\/enolife.com.ar\/es\/wp-content\/uploads\/2024\/09\/IMG-20240904-WA0161-300x215.jpg 300w, https:\/\/enolife.com.ar\/es\/wp-content\/uploads\/2024\/09\/IMG-20240904-WA0161-585x419.jpg 585w\" sizes=\"auto, (max-width: 313px) 100vw, 313px\" \/><\/a><figcaption class=\"wp-element-caption\"><em><strong>Javier Menajohvsky, CEO de Wine Revolution<\/strong><\/em><\/figcaption><\/figure><\/div>\n\n\n<div style=\"height:31px\" aria-hidden=\"true\" class=\"wp-block-spacer\"><\/div>\n\n\n\n<p><em>\u201cEl boom que se vive en el sector de las bebidas destiladas es apasionante, lo que se traduce tanto en la llegada de muchos nuevos peque\u00f1os productores al mercado, provenientes de todos los rincones del pa\u00eds, como en la aparici\u00f3n de nuevas marcas y estilos que no paran de sorprender\u201d<\/em>,&nbsp;explic\u00f3<strong>&nbsp;Javier Menajovsky,&nbsp;<\/strong>fundador y CEO de&nbsp;<strong>Wine Revolution.<\/strong><\/p>\n\n\n\n<div style=\"height:20px\" aria-hidden=\"true\" class=\"wp-block-spacer\"><\/div>\n\n\n\n<p><strong>Habr\u00e1 tambi\u00e9n un pabell\u00f3n de&nbsp;Spirits &amp; Negocios,&nbsp;<\/strong>orientado tanto a productores como compradores profesionales de bebidas destiladas, que se presentar\u00e1 por primera vez en&nbsp;Mendoza.<\/p>\n\n\n\n<p>Tambi\u00e9n se brindar\u00e1n varias marterclass a cargo de especialistas, entre ellas una sobre la IG Los Chacayes, de Tunuy\u00e1n, Mendoza, el mi\u00e9rcoles 18\/9 a las 18 hs.<\/p>\n\n\n\n<div style=\"height:31px\" aria-hidden=\"true\" class=\"wp-block-spacer\"><\/div>\n","protected":false},"excerpt":{"rendered":"<p>En su cuarta edici\u00f3n en Mendoza, este espacio para el encuentro de productores, compradores, sommeliers&hellip;<\/p>\n","protected":false},"author":3,"featured_media":123665,"comment_status":"open","ping_status":"open","sticky":false,"template":"","format":"standard","meta":{"footnotes":""},"categories":[56,10],"tags":[],"class_list":["post-123656","post","type-post","status-publish","format-standard","has-post-thumbnail","hentry","category-destacado","category-ferias"],"_links":{"self":[{"href":"https:\/\/enolife.com.ar\/es\/wp-json\/wp\/v2\/posts\/123656","targetHints":{"allow":["GET"]}}],"collection":[{"href":"https:\/\/enolife.com.ar\/es\/wp-json\/wp\/v2\/posts"}],"about":[{"href":"https:\/\/enolife.com.ar\/es\/wp-json\/wp\/v2\/types\/post"}],"author":[{"embeddable":true,"href":"https:\/\/enolife.com.ar\/es\/wp-json\/wp\/v2\/users\/3"}],"replies":[{"embeddable":true,"href":"https:\/\/enolife.com.ar\/es\/wp-json\/wp\/v2\/comments?post=123656"}],"version-history":[{"count":0,"href":"https:\/\/enolife.com.ar\/es\/wp-json\/wp\/v2\/posts\/123656\/revisions"}],"wp:featuredmedia":[{"embeddable":true,"href":"https:\/\/enolife.com.ar\/es\/wp-json\/wp\/v2\/media\/123665"}],"wp:attachment":[{"href":"https:\/\/enolife.com.ar\/es\/wp-json\/wp\/v2\/media?parent=123656"}],"wp:term":[{"taxonomy":"category","embeddable":true,"href":"https:\/\/enolife.com.ar\/es\/wp-json\/wp\/v2\/categories?post=123656"},{"taxonomy":"post_tag","embeddable":true,"href":"https:\/\/enolife.com.ar\/es\/wp-json\/wp\/v2\/tags?post=123656"}],"curies":[{"name":"wp","href":"https:\/\/api.w.org\/{rel}","templated":true}]}}