{"id":123542,"date":"2024-09-03T23:29:15","date_gmt":"2024-09-03T23:29:15","guid":{"rendered":"https:\/\/enolife.com.ar\/es\/?p=123542"},"modified":"2024-09-04T23:23:24","modified_gmt":"2024-09-04T23:23:24","slug":"sin-fondos-nacionales-mendoza-pondria-2-625-m-para-combatir-la-polilla-de-la-vid-en-120-000-ha","status":"publish","type":"post","link":"https:\/\/enolife.com.ar\/es\/sin-fondos-nacionales-mendoza-pondria-2-625-m-para-combatir-la-polilla-de-la-vid-en-120-000-ha\/","title":{"rendered":"Sin fondos nacionales, Mendoza pondr\u00eda $2.625 M para combatir la polilla de la vid en 120.000 ha"},"content":{"rendered":"\n<h4 class=\"wp-block-heading\"><em><strong>Seg\u00fan se public\u00f3 en el Bolet\u00edn Oficial del Gobierno de Mendoza el lunes 2\/9\/24, el Instituto de Sanidad y Calidad Agropecuaria de Mendoza (Iscamen) llam\u00f3 a licitaci\u00f3n para adquirir 8.750.000 unidades de difusores de feromonas (una capsulita con sustancias qu\u00edmicas que se cuelga en los alambres de los vi\u00f1edos y evita la reproducci\u00f3n del insecto lobesia botrana al provocarles confusi\u00f3n sexual). Sin embargo, el llamado a licitaci\u00f3n consigna que la adquisici\u00f3n de este producto est\u00e1 condicionada a que efectivamente el gobierno transfiera los fondos al Iscamen. Para algunas entidades de productores, los fondos son insuficientes, ya que, aseguran, se necesitar\u00edan unos 12.600 millones de pesos para hacer toda la campa\u00f1a 2024 contra el insecto que da\u00f1a las vides. <\/strong><\/em><\/h4>\n\n\n\n<div style=\"height:26px\" aria-hidden=\"true\" class=\"wp-block-spacer\"><\/div>\n\n\n<a href=\"https:\/\/www.linkedin.com\/company\/agrinet-sa\/?originalSubdomain=ar\" aria-label=\"1700X500\"><img loading=\"lazy\" decoding=\"async\" src=\"https:\/\/enolife.com.ar\/es\/wp-content\/uploads\/2021\/11\/1700X500.gif\" alt=\"\"  width=\"1700\" height=\"500\"   \/><\/a>\n\n\n<div style=\"height:27px\" aria-hidden=\"true\" class=\"wp-block-spacer\"><\/div>\n\n\n\n<p>En esta campa\u00f1a 2024-2025 de la lucha contra la lobesia botrana o polilla de la vid que da\u00f1a a los vi\u00f1edos, sin la asistencia financiera del gobierno de la Naci\u00f3n, el <strong>Gobierno de Mendoza <\/strong>destinar\u00eda en una primera etapa $2.625 millones para comprar emisores de feromonas. Seg\u00fan la <strong>Resoluci\u00f3n 384 del Instituto de Sanidad y Calidad Agropecuaria de Mendoza (Iscamen)<\/strong>, esta entidad gubernamental llama a licitaci\u00f3n para la adquisici\u00f3n de \u00ab<em>emisores de feromona para control de la lobesia botrana\u00bb<\/em>, destinados a cubrir <em>\u00ablas necesidades del programa\u00bb<\/em> para el control de la plaga. Sin embargo, en el texto de la Resoluci\u00f3n se advierte que <em>\u00abel gasto que demande la contrataci\u00f3n dispuesta, ser\u00e1 atendido con cargo a las partidas del Iscamen, que eventualmente corresponda del Ejercicio 2024, condicionado a la obtenci\u00f3n de fondos provenientes del refuerzo presupuestario solicitado al Gobierno de la Provincia por mayor recaudaci\u00f3n\u00bb.<\/em><\/p>\n\n\n\n<div style=\"height:13px\" aria-hidden=\"true\" class=\"wp-block-spacer\"><\/div>\n\n\n\n<h3 class=\"wp-block-heading has-vivid-red-color has-text-color\">Para esta temporada&nbsp;de lucha contra el da\u00f1ino insecto lobesia botrana o polilla de la vid se necesitan adquirir 8.750.000 unidades de emisores de feromona para confusi\u00f3n sexual&nbsp;de Lobesia Botrana, a un costo estimado de unos $300 por unidad.<\/h3>\n\n\n\n<div style=\"height:19px\" aria-hidden=\"true\" class=\"wp-block-spacer\"><\/div>\n\n\n\n<p>La presencia de la polilla de la vid fue creciendo entre 2010 y 2016, para llegar a un m\u00ednimo en la temporada 2018-2019 y volver a incrementarse a partir de la de 2020-2021, cuando los fondos desde Naci\u00f3n empezaron a llegar tarde, lo que complic\u00f3 la compra de los insumos.<\/p>\n\n\n\n<div style=\"height:18px\" aria-hidden=\"true\" class=\"wp-block-spacer\"><\/div>\n\n\n\n<p class=\"has-medium-font-size\"><strong>El \u00e1rea bajo riesgo<\/strong><\/p>\n\n\n\n<p>Con el plan de lucha, el gobierno de Mendoza busca asistir a unas 7.000 propiedades de los oasis Norte, Este, Valle de Uco y Sur provincial para el resguardo de la vitivinicultura.&nbsp;<\/p>\n\n\n\n<p>El operativo de control que Mendoza viene desarrollando desde el 2016, est\u00e1 orientado en la presente campa\u00f1a al control activo de la lobesia botrana, con el fin de suprimir las poblaciones del insecto y mantenerlas por debajo del umbral de da\u00f1o econ\u00f3mico, focalizando en \u00e1reas con mayor presencia del insecto.&nbsp;<\/p>\n\n\n\n<p>El plan para grandes extensiones, sustentar\u00e1 esta campa\u00f1a en la combinaci\u00f3n de herramientas de control como la <strong>T\u00e9cnica de Confusi\u00f3n Sexual (TCS)<\/strong> basada en el uso de <strong>feromonas del tipo \u201cpulverizables\u201d, emisores de feromonas, la aplicaci\u00f3n de insecticidas espec\u00edficos<\/strong> y de bajo impacto ambiental mediante pulverizaciones a\u00e9reas y terrestres, de acuerdo con el estado de situaci\u00f3n de la plaga y la particularidad de cada zona geogr\u00e1fica a trabajar. Adem\u00e1s, incluye acciones de control preventivo y monitoreo de la din\u00e1mica poblacional del insecto.&nbsp;<\/p>\n\n\n\n<p>Las acciones de control activo planificadas por el Gobierno provincial, a trav\u00e9s del Iscamen, son complementarias a los tratamientos intrafinca que debe realizar cada productor, aspecto fundamental para un control \u00f3ptimo de la plaga.<\/p>\n\n\n\n<p>En el proyectado servicio de tratamientos a\u00e9reos para al menos 80.000 hect\u00e1reas de cultivos en los oasis Norte y Este de la Provincia se emplear\u00e1n productos insecticidas espec\u00edficos y de bajo impacto ambiental, para el control de la primera generaci\u00f3n de la plaga.<\/p>\n\n\n\n<p>Est\u00e1 previsto implementar la TCS en 40.000 hect\u00e1reas de vid, mediante feromonas pulverizables y colocaci\u00f3n de emisores. Se incluir\u00e1n en esta t\u00e9cnica, 1.000 ha destinadas a la producci\u00f3n de uva de mesa, a fin de favorecer el cumplimiento de las exigencias sanitarias que establecen los protocolos de comercializaci\u00f3n para este tipo de producci\u00f3n.&nbsp;<\/p>\n\n\n\n<p>En el oasis Sur, considerado pr\u00e1cticamente libre de la plaga, se realizar\u00e1n acciones de control preventivo mediante la implementaci\u00f3n de la TCS en 1.000 hect\u00e1reas de vid.&nbsp;<\/p>\n\n\n\n<p>Adem\u00e1s, se prev\u00e9 la adquisici\u00f3n de productos para la aplicaci\u00f3n terrestre destinados al control de la primera generaci\u00f3n del insecto, en una superficie estimada de 30.000 hect\u00e1reas, destinada a productores del Valle de Uco.&nbsp;<\/p>\n\n\n\n<p>El combate contra la plaga se inici\u00f3 en 2016, con la premisa del Manejo Integrado, que supone la combinaci\u00f3n de procedimientos, t\u00e9cnicas y herramientas para lograr resultados \u00f3ptimos con el menor impacto en el ambiente. El programa ha permitido sostener un control de la plaga por debajo del umbral de da\u00f1o econ\u00f3mico, es decir que no implique una merma que genere riesgo en la producci\u00f3n.<\/p>\n\n\n\n<p>Para ello, se emplearon herramientas de control activo, biol\u00f3gico, legal y de acci\u00f3n preventiva en los diversos oasis productivos de Mendoza. En la actual campa\u00f1a, las acciones de control se desarrollar\u00e1n en el marco de la Ley Nacional 27.227, que declara de inter\u00e9s nacional el control de la plaga; la Ley Provincial 9 076, que declara de inter\u00e9s provincial el control del insecto y la Resoluci\u00f3n 449\/2018 de la Secretar\u00eda de Ambiente y Ordenamiento Territorial, que establece las recomendaciones y consideraciones generales para llevar adelante estas acciones de control de la plaga.<\/p>\n\n\n\n<div style=\"height:30px\" aria-hidden=\"true\" class=\"wp-block-spacer\"><\/div>\n","protected":false},"excerpt":{"rendered":"<p>Seg\u00fan se public\u00f3 en el Bolet\u00edn Oficial del Gobierno de Mendoza el lunes 2\/9\/24, el&hellip;<\/p>\n","protected":false},"author":3,"featured_media":123544,"comment_status":"open","ping_status":"open","sticky":false,"template":"","format":"standard","meta":{"footnotes":""},"categories":[14],"tags":[],"class_list":["post-123542","post","type-post","status-publish","format-standard","has-post-thumbnail","hentry","category-news"],"_links":{"self":[{"href":"https:\/\/enolife.com.ar\/es\/wp-json\/wp\/v2\/posts\/123542","targetHints":{"allow":["GET"]}}],"collection":[{"href":"https:\/\/enolife.com.ar\/es\/wp-json\/wp\/v2\/posts"}],"about":[{"href":"https:\/\/enolife.com.ar\/es\/wp-json\/wp\/v2\/types\/post"}],"author":[{"embeddable":true,"href":"https:\/\/enolife.com.ar\/es\/wp-json\/wp\/v2\/users\/3"}],"replies":[{"embeddable":true,"href":"https:\/\/enolife.com.ar\/es\/wp-json\/wp\/v2\/comments?post=123542"}],"version-history":[{"count":0,"href":"https:\/\/enolife.com.ar\/es\/wp-json\/wp\/v2\/posts\/123542\/revisions"}],"wp:featuredmedia":[{"embeddable":true,"href":"https:\/\/enolife.com.ar\/es\/wp-json\/wp\/v2\/media\/123544"}],"wp:attachment":[{"href":"https:\/\/enolife.com.ar\/es\/wp-json\/wp\/v2\/media?parent=123542"}],"wp:term":[{"taxonomy":"category","embeddable":true,"href":"https:\/\/enolife.com.ar\/es\/wp-json\/wp\/v2\/categories?post=123542"},{"taxonomy":"post_tag","embeddable":true,"href":"https:\/\/enolife.com.ar\/es\/wp-json\/wp\/v2\/tags?post=123542"}],"curies":[{"name":"wp","href":"https:\/\/api.w.org\/{rel}","templated":true}]}}