{"id":123480,"date":"2024-09-03T15:14:06","date_gmt":"2024-09-03T15:14:06","guid":{"rendered":"https:\/\/enolife.com.ar\/es\/?p=123480"},"modified":"2024-09-06T12:12:46","modified_gmt":"2024-09-06T12:12:46","slug":"cine-y-humor-poderosas-herramientas-de-mendoza-y-cataluna-para-comunicar-el-vino-a-los-jovenes","status":"publish","type":"post","link":"https:\/\/enolife.com.ar\/es\/cine-y-humor-poderosas-herramientas-de-mendoza-y-cataluna-para-comunicar-el-vino-a-los-jovenes\/","title":{"rendered":"Cine y humor, poderosas herramientas de Mendoza y Catalu\u00f1a para comunicar el vino a los j\u00f3venes"},"content":{"rendered":"\n<h4 class=\"wp-block-heading\"><em><strong>Los cl\u00fasters audiovisuales de la regi\u00f3n de Catalu\u00f1a y de la provincia de Mendoza unen fuerzas para promover la cultura del vino. Tanto en aquella comunidad aut\u00f3noma espa\u00f1ola como en este Estado argentino, instituciones y entidades vitivin\u00edcolas acuerdan desarrollar proyectos de comunicaci\u00f3n mediante piezas de cine, video, documentales y campa\u00f1as audiovisuales con el paisaje, los j\u00f3venes, el deporte y el humor como ingredientes principales, como por ejemplo en Catalu\u00f1a el proyecto Sinavi, y en Mendoza la campa\u00f1a \u00abEl vino nos une\u00bb del Fondo Vitivin\u00edcola (en la foto principal, un momento del spot \u00abTe quiero tanto\u00bb durante el Mundial de F\u00fatbol de Qatar, con el reconocido maestro de en\u00f3logos \u00c1ngel Mendoza como protagonista, junto a un doble de \u00c1ngel \u00abFideo\u00bb Di Mar\u00eda). El acercamiento y el desarrollo de estrategias conjuntas se acrecienta cada a\u00f1o en el marco de los festivales de cine Most.<\/strong><\/em> <\/h4>\n\n\n\n<div style=\"height:35px\" aria-hidden=\"true\" class=\"wp-block-spacer\"><\/div>\n\n\n<a href=\"https:\/\/instagram.com\/labelsolutions?igshid=YmMyMTA2M2Y=\" aria-label=\"Banner Palero 1700&#215;500\"><img loading=\"lazy\" decoding=\"async\" src=\"https:\/\/enolife.com.ar\/es\/wp-content\/uploads\/2021\/09\/Banner-Palero-1700x500-1.gif\" alt=\"\"  width=\"1700\" height=\"500\"   \/><\/a>\n\n\n<div style=\"height:45px\" aria-hidden=\"true\" class=\"wp-block-spacer\"><\/div>\n\n\n\n<p>El proyecto <strong>Sinavi<\/strong>, que busca la creaci\u00f3n de sinergias entre los cl\u00fasters audiovisuales de Catalu\u00f1a, y la organizaci\u00f3n <strong>Innovi<\/strong>, han generado un intercambio valioso con instituciones mendocinas como el <strong>Fondo Vitivin\u00edcola<\/strong> y <strong>Filmandes<\/strong>. Desde 2023, ambas regiones han explorado colaboraciones para mejorar la comunicaci\u00f3n de la cultura del vino, con un enfoque particular en llegar a los j\u00f3venes a trav\u00e9s de medios audiovisuales innovadores.<\/p>\n\n\n\n<p>En 2023, en el marco del <strong>MOST Festival Internacional de Cine del Vino y el Cava<\/strong> en Espa\u00f1a, se llev\u00f3 a cabo una jornada intercl\u00faster donde representantes de <strong>Mendoza<\/strong> y <strong>Catalu\u00f1a<\/strong> tuvieron la oportunidad de compartir sus experiencias y buenas pr\u00e1cticas. Durante este evento, se discuti\u00f3 c\u00f3mo cada regi\u00f3n ha abordado la <strong>promoci\u00f3n de la cultura vitivin\u00edcola mediante estrategias audiovisuales.<\/strong> Un punto destacado fue la presentaci\u00f3n del Fondo Vitivin\u00edcola sobre su campa\u00f1a <strong>\u00abEl vino nos une\u00bb<\/strong>. Esta iniciativa, con dos d\u00e9cadas de trayectoria, ha sido fundamental en la creaci\u00f3n de una marca gen\u00e9rica que comunica de manera efectiva los atributos de toda la categor\u00eda vitivin\u00edcola en Mendoza.<\/p>\n\n\n\n<div style=\"height:30px\" aria-hidden=\"true\" class=\"wp-block-spacer\"><\/div>\n\n\n<div class=\"wp-block-image\">\n<figure class=\"aligncenter size-large is-resized\"><a href=\"https:\/\/enolife.com.ar\/es\/wp-content\/uploads\/2024\/09\/WhatsApp-Image-2022-04-19-at-09.43.56-768x512-1.jpeg\" data-rel=\"penci-gallery-image-content\" ><img loading=\"lazy\" decoding=\"async\" src=\"https:\/\/enolife.com.ar\/es\/wp-content\/uploads\/2024\/09\/WhatsApp-Image-2022-04-19-at-09.43.56-768x512-1-1024x440.jpeg\" alt=\"\" class=\"wp-image-123509\" width=\"714\" height=\"306\" srcset=\"https:\/\/enolife.com.ar\/es\/wp-content\/uploads\/2024\/09\/WhatsApp-Image-2022-04-19-at-09.43.56-768x512-1-1024x440.jpeg 1024w, https:\/\/enolife.com.ar\/es\/wp-content\/uploads\/2024\/09\/WhatsApp-Image-2022-04-19-at-09.43.56-768x512-1-300x129.jpeg 300w, https:\/\/enolife.com.ar\/es\/wp-content\/uploads\/2024\/09\/WhatsApp-Image-2022-04-19-at-09.43.56-768x512-1-768x330.jpeg 768w, https:\/\/enolife.com.ar\/es\/wp-content\/uploads\/2024\/09\/WhatsApp-Image-2022-04-19-at-09.43.56-768x512-1-1170x503.jpeg 1170w, https:\/\/enolife.com.ar\/es\/wp-content\/uploads\/2024\/09\/WhatsApp-Image-2022-04-19-at-09.43.56-768x512-1-585x251.jpeg 585w, https:\/\/enolife.com.ar\/es\/wp-content\/uploads\/2024\/09\/WhatsApp-Image-2022-04-19-at-09.43.56-768x512-1.jpeg 1280w\" sizes=\"auto, (max-width: 714px) 100vw, 714px\" \/><\/a><\/figure><\/div>\n\n\n<div style=\"height:30px\" aria-hidden=\"true\" class=\"wp-block-spacer\"><\/div>\n\n\n\n<p class=\"has-background\" style=\"background-color:#abb7c257\"><strong>El proyecto Sinavi tiene como objetivo utilizar la comunicaci\u00f3n audiovisual no s\u00f3lo para promover los productos de peque\u00f1as bodegas, sino tambi\u00e9n para resaltar la importancia de la cultura del vino en la identidad regional. Tanto Catalu\u00f1a como Mendoza comparten la necesidad de adaptar su mensaje a un p\u00fablico m\u00e1s joven, y el intercambio de ideas y experiencias ha sido visto como una oportunidad clave para lograrlo.<\/strong><\/p>\n\n\n\n<div style=\"height:16px\" aria-hidden=\"true\" class=\"wp-block-spacer\"><\/div>\n\n\n\n<p>A trav\u00e9s de este esfuerzo conjunto, se buscan encontrar nuevas maneras de conectar con el p\u00fablico y transmitir <strong>el valor cultural del vino.<\/strong> La colaboraci\u00f3n entre estos cl\u00fasters tambi\u00e9n se presenta como una oportunidad para explorar nuevas tecnolog\u00edas y formatos audiovisuales que puedan captar la atenci\u00f3n de las nuevas generaciones. El intercambio de conocimientos entre Catalu\u00f1a y Mendoza tiene el potencial de enriquecer las estrategias de comunicaci\u00f3n de ambas regiones, fortaleciendo sus respectivas culturas vitivin\u00edcolas y ampliando su alcance a nivel internacional.<\/p>\n\n\n\n<div style=\"height:35px\" aria-hidden=\"true\" class=\"wp-block-spacer\"><\/div>\n\n\n\n<p class=\"has-medium-font-size\"><strong>Most al Sur del Fondo Vitivin\u00edcola<\/strong><\/p>\n\n\n<div class=\"wp-block-image\">\n<figure class=\"alignleft size-full is-resized\"><a href=\"https:\/\/enolife.com.ar\/es\/wp-content\/uploads\/2024\/09\/Imagen1-1.jpg\" data-rel=\"penci-gallery-image-content\" ><img loading=\"lazy\" decoding=\"async\" src=\"https:\/\/enolife.com.ar\/es\/wp-content\/uploads\/2024\/09\/Imagen1-1.jpg\" alt=\"\" class=\"wp-image-123494\" width=\"302\" height=\"302\" srcset=\"https:\/\/enolife.com.ar\/es\/wp-content\/uploads\/2024\/09\/Imagen1-1.jpg 400w, https:\/\/enolife.com.ar\/es\/wp-content\/uploads\/2024\/09\/Imagen1-1-300x300.jpg 300w, https:\/\/enolife.com.ar\/es\/wp-content\/uploads\/2024\/09\/Imagen1-1-150x150.jpg 150w\" sizes=\"auto, (max-width: 302px) 100vw, 302px\" \/><\/a><\/figure><\/div>\n\n\n<p>El MOST (que significa <strong>\u201cmosto\u201d<\/strong> en catal\u00e1n) es uno de los m\u00e1s prestigiosos festivales de cine del vino en Europa e Hispanoam\u00e9rica; se realiza en la regi\u00f3n del Pened\u00e9s, Catalunya, y desde hace 10 a\u00f1os re\u00fane lo m\u00e1s destacado de la producci\u00f3n audiovisual documental y de ficci\u00f3n en torno a las culturas vitivin\u00edcolas. <strong>MOST Al Sur<\/strong> fue el primer desembarco del Festival en Mendoza en 2023  y <em>\u201ces el resultado de lazos de amistad y cooperaci\u00f3n entre los organizadores del Festival y el Fondo Vitivin\u00edcola; juntos trazamos una ruta de trabajo entre Catalunya y Mendoza con la cultura vitivin\u00edcola como puente. Este ciclo de cine ser\u00e1 la oportunidad de ver c\u00f3mo el vino puede contar historias de diferentes y maravillosas maneras\u201d<\/em>, coment\u00f3 <strong>Carmen P\u00e9rez<\/strong>, coordinadora de comunicaci\u00f3n del Fondo Vitivin\u00edcola.<\/p>\n\n\n\n<p>El Fondo Vitivin\u00edcola particip\u00f3 en las ediciones 2019 y 2020 del MOST Festival con los cortos <strong>\u00abLas voces del vino\u00bb. <\/strong><\/p>\n\n\n\n<p>En 2023 con dos spots, uno producido para celebrar el 24 de noviembre, d\u00eda del vino argentino como Bebida Nacional, <strong>\u00abUva Uva Uva\u00bb<\/strong>, que reuni\u00f3 a la banda mendocina&nbsp;<strong>Gauchito Club&nbsp;<\/strong>y a&nbsp;<strong>Agust\u00edn&nbsp;\u201cSoy Rada\u201d&nbsp;Aristar\u00e1n<\/strong>, quienes crearon una versi\u00f3n del cl\u00e1sico del rock nacional: <strong>Uva Uva. <\/strong><\/p>\n\n\n\n<p>El otro fue <strong>\u201cTe quiero tanto\u201d<\/strong>, un spot que re\u00fane dos pasiones argentinas: el vino y el f\u00fatbol y su difusi\u00f3n coincidi\u00f3 con la realizaci\u00f3n del mundial de f\u00fatbol Qatar 2022.<\/p>\n\n\n\n<div style=\"height:30px\" aria-hidden=\"true\" class=\"wp-block-spacer\"><\/div>\n\n\n<div class=\"wp-block-image\">\n<figure class=\"aligncenter size-full\"><a href=\"https:\/\/enolife.com.ar\/es\/wp-content\/uploads\/2024\/09\/Uva-Uva-Soy-Rada-Gauchito-Club-Vino-Argentino-Bebida-Nacional.jpg\" data-rel=\"penci-gallery-image-content\" ><img loading=\"lazy\" decoding=\"async\" width=\"631\" height=\"386\" src=\"https:\/\/enolife.com.ar\/es\/wp-content\/uploads\/2024\/09\/Uva-Uva-Soy-Rada-Gauchito-Club-Vino-Argentino-Bebida-Nacional.jpg\" alt=\"\" class=\"wp-image-123525\" srcset=\"https:\/\/enolife.com.ar\/es\/wp-content\/uploads\/2024\/09\/Uva-Uva-Soy-Rada-Gauchito-Club-Vino-Argentino-Bebida-Nacional.jpg 631w, https:\/\/enolife.com.ar\/es\/wp-content\/uploads\/2024\/09\/Uva-Uva-Soy-Rada-Gauchito-Club-Vino-Argentino-Bebida-Nacional-300x184.jpg 300w, https:\/\/enolife.com.ar\/es\/wp-content\/uploads\/2024\/09\/Uva-Uva-Soy-Rada-Gauchito-Club-Vino-Argentino-Bebida-Nacional-585x358.jpg 585w\" sizes=\"auto, (max-width: 631px) 100vw, 631px\" \/><\/a><figcaption class=\"wp-element-caption\"><strong><em>Spot \u00abUva, uva, uva\u00bb<\/em><\/strong><\/figcaption><\/figure><\/div>\n\n\n<div style=\"height:41px\" aria-hidden=\"true\" class=\"wp-block-spacer\"><\/div>\n\n\n\n<p class=\"has-medium-font-size\"><strong>Qu\u00e9 es el proyecto Sinavi<\/strong> <\/p>\n\n\n\n<p>La iniciativa <strong>Sinergia entre las cadenas Audiovisual y Vitivin\u00edcola (Sinavi)<\/strong> es un proyecto catal\u00e1n que une dos sectores importantes para la econom\u00eda y la cultura: la aportaci\u00f3n econ\u00f3mica, hist\u00f3rica, cultural y de tradici\u00f3n del vitivin\u00edcola se suma a la vertiente estrat\u00e9gica de futuro del audiovisual. Su finalidad es crear sinergias entre las cadenas de valor del audiovisual y el vitivin\u00edcola para acercar la cultura del vino catal\u00e1n a la ciudadan\u00eda y, de manera especial, a los j\u00f3venes, dando protagonismo a un proyecto liderado por una mujer, con el fin de generar nuevos referentes.<\/p>\n\n\n\n<p>Pretende responder a desaf\u00edos que se han identificado gracias a un trabajo previo del sector vitivin\u00edcola:<\/p>\n\n\n\n<ul class=\"wp-block-list\">\n<li>Comunicar los productos y la cultura del vino, especialmente en el caso de los micro y peque\u00f1os bodegas, con una trayectoria y posibilidades limitadas en cuanto a marketing.<\/li>\n\n\n\n<li>Visibilizar a la mujer en el mundo rural y crear nuevos referentes que reduzcan la brecha de g\u00e9nero actual.<\/li>\n\n\n\n<li>Dar a conocer el producto y la cultura del vino entre la poblaci\u00f3n m\u00e1s joven.<\/li>\n\n\n\n<li>Subrayar la importancia del territorio como elaborador de vinos y tambi\u00e9n como pionero en pr\u00e1cticas innovadoras, ecol\u00f3gicas y sostenibles.<\/li>\n<\/ul>\n\n\n\n<div style=\"height:35px\" aria-hidden=\"true\" class=\"wp-block-spacer\"><\/div>\n\n\n\n<figure class=\"wp-block-embed aligncenter is-type-video is-provider-youtube wp-block-embed-youtube wp-embed-aspect-16-9 wp-has-aspect-ratio\"><div class=\"wp-block-embed__wrapper\">\n<iframe loading=\"lazy\" title=\"Aut\u00e8nticament vinya\" width=\"1170\" height=\"658\" src=\"https:\/\/www.youtube.com\/embed\/9wdEjoRru34?feature=oembed\" frameborder=\"0\" allow=\"accelerometer; autoplay; clipboard-write; encrypted-media; gyroscope; picture-in-picture; web-share\" referrerpolicy=\"strict-origin-when-cross-origin\" allowfullscreen><\/iframe>\n<\/div><\/figure>\n\n\n\n<div style=\"height:35px\" aria-hidden=\"true\" class=\"wp-block-spacer\"><\/div>\n\n\n\n<p>Este trabajo previo identifica qu\u00e9 comunicar y el proyecto quiere responder a c\u00f3mo hacerlo.<\/p>\n\n\n\n<p>Tambi\u00e9n responde a desaf\u00edos y objetivos vertebradores para el audiovisual, de manera espec\u00edfica para aquel segmento vinculado con la publicidad y la comunicaci\u00f3n corporativa:<\/p>\n\n\n\n<ul class=\"wp-block-list\">\n<li>Detectar potenciales espacios de crecimiento del negocio audiovisual y generar proyectos.<\/li>\n\n\n\n<li>Fomentar la colaboraci\u00f3n intersectorial para mostrar el audiovisual como un servicio transversal.<\/li>\n\n\n\n<li>Identificar perfiles de consumidor y usuario para, a trav\u00e9s de proyectos, reforzar los mecanismos de su participaci\u00f3n y mejorar su experiencia.<\/li>\n\n\n\n<li>Proporcionar conocimiento y herramientas que faciliten la expansi\u00f3n internacional de las empresas y promover la creaci\u00f3n de redes y la cooperaci\u00f3n mediante proyectos a nivel internacional.<\/li>\n<\/ul>\n\n\n\n<div style=\"height:30px\" aria-hidden=\"true\" class=\"wp-block-spacer\"><\/div>\n\n\n\n<p class=\"has-small-font-size\"><em><strong>Fuentes: Vinetur, Innovi y Fondo Vitivin\u00edcola<\/strong><\/em><\/p>\n\n\n\n<div style=\"height:30px\" aria-hidden=\"true\" class=\"wp-block-spacer\"><\/div>\n\n\n\n<div style=\"height:30px\" aria-hidden=\"true\" class=\"wp-block-spacer\"><\/div>\n","protected":false},"excerpt":{"rendered":"<p>Los cl\u00fasters audiovisuales de la regi\u00f3n de Catalu\u00f1a y de la provincia de Mendoza unen&hellip;<\/p>\n","protected":false},"author":3,"featured_media":123524,"comment_status":"open","ping_status":"open","sticky":false,"template":"","format":"standard","meta":{"footnotes":""},"categories":[14],"tags":[],"class_list":["post-123480","post","type-post","status-publish","format-standard","has-post-thumbnail","hentry","category-news"],"_links":{"self":[{"href":"https:\/\/enolife.com.ar\/es\/wp-json\/wp\/v2\/posts\/123480","targetHints":{"allow":["GET"]}}],"collection":[{"href":"https:\/\/enolife.com.ar\/es\/wp-json\/wp\/v2\/posts"}],"about":[{"href":"https:\/\/enolife.com.ar\/es\/wp-json\/wp\/v2\/types\/post"}],"author":[{"embeddable":true,"href":"https:\/\/enolife.com.ar\/es\/wp-json\/wp\/v2\/users\/3"}],"replies":[{"embeddable":true,"href":"https:\/\/enolife.com.ar\/es\/wp-json\/wp\/v2\/comments?post=123480"}],"version-history":[{"count":0,"href":"https:\/\/enolife.com.ar\/es\/wp-json\/wp\/v2\/posts\/123480\/revisions"}],"wp:featuredmedia":[{"embeddable":true,"href":"https:\/\/enolife.com.ar\/es\/wp-json\/wp\/v2\/media\/123524"}],"wp:attachment":[{"href":"https:\/\/enolife.com.ar\/es\/wp-json\/wp\/v2\/media?parent=123480"}],"wp:term":[{"taxonomy":"category","embeddable":true,"href":"https:\/\/enolife.com.ar\/es\/wp-json\/wp\/v2\/categories?post=123480"},{"taxonomy":"post_tag","embeddable":true,"href":"https:\/\/enolife.com.ar\/es\/wp-json\/wp\/v2\/tags?post=123480"}],"curies":[{"name":"wp","href":"https:\/\/api.w.org\/{rel}","templated":true}]}}