{"id":123421,"date":"2024-09-02T13:41:36","date_gmt":"2024-09-02T13:41:36","guid":{"rendered":"https:\/\/enolife.com.ar\/es\/?p=123421"},"modified":"2024-09-03T23:28:50","modified_gmt":"2024-09-03T23:28:50","slug":"el-gobierno-y-coviar-firmaron-un-convenio-para-consolidar-el-turismo-del-vino-en-argentina","status":"publish","type":"post","link":"https:\/\/enolife.com.ar\/es\/el-gobierno-y-coviar-firmaron-un-convenio-para-consolidar-el-turismo-del-vino-en-argentina\/","title":{"rendered":"El gobierno y Coviar firmaron un convenio para consolidar el turismo del vino en Argentina"},"content":{"rendered":"\n<h4 class=\"wp-block-heading\"><em><strong>El ministro de Turismo de la Naci\u00f3n, Daniel Scioli, rubric\u00f3 con la Corporaci\u00f3n Vitivin\u00edcola Argentina (Coviar) un acuerdo para realizar acciones de promoci\u00f3n del enoturismo en 16 provincias del pa\u00eds. Tambi\u00e9n coordinaron el apoyo conjunto a la Feria Internacional de Turismo en setiembre y a las IV Jornadas Nacionales e Internacionales de Turismo del Vino en Mendoza en noviembre. <\/strong><\/em><\/h4>\n\n\n\n<div style=\"height:35px\" aria-hidden=\"true\" class=\"wp-block-spacer\"><\/div>\n\n\n\n\n\n<div style=\"height:45px\" aria-hidden=\"true\" class=\"wp-block-spacer\"><\/div>\n\n\n\n<p>Con el objetivo de continuar el trabajo articulado iniciado en 2023 entre la&nbsp;<strong>Secretar\u00eda de Turismo, Ambiente y Deportes de la Naci\u00f3n<\/strong>&nbsp;y la&nbsp;<strong>Corporaci\u00f3n Vitivin\u00edcola Argentina (Coviar)&nbsp;<\/strong>para la realizaci\u00f3n de acciones de promoci\u00f3n, posicionamiento y consolidaci\u00f3n del <strong>turismo del vino en Argentina<\/strong>, en el marco del&nbsp;<strong>Plan \u201cArgentina Tierra de Vinos\u201d<\/strong>, ambas partes firmaron un convenio para la realizaci\u00f3n de acciones de capacitaci\u00f3n y promoci\u00f3n en las provincias vitivin\u00edcolas; la participaci\u00f3n en la <strong>Feria Internacional del Turismo<\/strong> en setiembre; y la organizaci\u00f3n en octubre de las <strong>IV Jornadas Nacionales e Internacionales de Turismo del Vino<\/strong> en Mendoza, en alianza con el <strong>Ente Mendoza Turismo (Emetur).<\/strong><\/p>\n\n\n\n<div style=\"height:30px\" aria-hidden=\"true\" class=\"wp-block-spacer\"><\/div>\n\n\n\n<h3 class=\"wp-block-heading has-vivid-red-color has-text-color\">Las IV Jornadas Nacionales de Turismo del Vino se realizar\u00e1n en el Centro de Congresos y Exposiciones Dr. Emilio Civit, en la Ciudad de Mendoza, el 31 de octubre y el 1 de noviembre de 2024.<\/h3>\n\n\n\n<div style=\"height:30px\" aria-hidden=\"true\" class=\"wp-block-spacer\"><\/div>\n\n\n\n<p>El acuerdo se firm\u00f3 el 29\/8\/24 en el marco del <strong>Encuentro Anual de la Hoteler\u00eda y Gastronom\u00eda (Hotelga)<\/strong>, en el <strong>Predio Ferial<\/strong> de <strong>Palermo<\/strong>, en <strong>Buenos Aires<\/strong>, y cont\u00f3 con la participaci\u00f3n del secretario de Turismo, Ambiente y Deportes de la Naci\u00f3n,&nbsp;<strong>Daniel Scioli<\/strong>; y el vicepresidente de Coviar y director a cargo de la unidad Turismo del Vino,&nbsp;<strong>Pablo Asens.<\/strong><\/p>\n\n\n\n<div style=\"height:30px\" aria-hidden=\"true\" class=\"wp-block-spacer\"><\/div>\n\n\n<div class=\"wp-block-image\">\n<figure class=\"aligncenter size-full is-resized\"><a href=\"https:\/\/enolife.com.ar\/es\/wp-content\/uploads\/2024\/09\/Imagen1.jpg\" data-rel=\"penci-gallery-image-content\" ><img loading=\"lazy\" decoding=\"async\" src=\"https:\/\/enolife.com.ar\/es\/wp-content\/uploads\/2024\/09\/Imagen1.jpg\" alt=\"\" class=\"wp-image-123437\" width=\"620\" height=\"398\" srcset=\"https:\/\/enolife.com.ar\/es\/wp-content\/uploads\/2024\/09\/Imagen1.jpg 910w, https:\/\/enolife.com.ar\/es\/wp-content\/uploads\/2024\/09\/Imagen1-300x193.jpg 300w, https:\/\/enolife.com.ar\/es\/wp-content\/uploads\/2024\/09\/Imagen1-768x494.jpg 768w, https:\/\/enolife.com.ar\/es\/wp-content\/uploads\/2024\/09\/Imagen1-585x376.jpg 585w\" sizes=\"auto, (max-width: 620px) 100vw, 620px\" \/><\/a><figcaption class=\"wp-element-caption\"><strong><em>Daniel Scioli visitando los stands de las Bodegas en Hotelga 2024<\/em><\/strong><\/figcaption><\/figure><\/div>\n\n\n<div style=\"height:30px\" aria-hidden=\"true\" class=\"wp-block-spacer\"><\/div>\n\n\n\n<p><em>\u201cEste convenio es el resultado del trabajo conjunto de muchos a\u00f1os con la Coviar, mediante el que hemos obtenido grandes resultados y avances. Y es por eso que despu\u00e9s del acuerdo que firmamos en el marco de la fiesta de la Vendimia este a\u00f1o, estamos avanzando en el pr\u00f3ximo objetivo de este acuerdo\u201d,&nbsp;<\/em>sostuvo el secretario de Turismo, Ambiente y Deportes,&nbsp;<strong>Daniel Scioli<\/strong>. <\/p>\n\n\n\n<div style=\"height:30px\" aria-hidden=\"true\" class=\"wp-block-spacer\"><\/div>\n\n\n\n<blockquote class=\"wp-block-quote is-layout-flow wp-block-quote-is-layout-flow\">\n<p>En este pa\u00eds, sabemos que el turismo tiene la respuesta para el principal problema argentino: generar divisas, bajar la pobreza y generar puestos de trabajo. Si lo hacemos juntos, nos vamos a potenciar m\u00e1s\u201d.<\/p>\n<cite>Daniel Scioli, secretario de Turismo, Ambiente y Deportes del Gobierno de Argentina<\/cite><\/blockquote>\n\n\n\n<div style=\"height:30px\" aria-hidden=\"true\" class=\"wp-block-spacer\"><\/div>\n\n\n\n<p><em>&nbsp;<\/em>Por su parte, Pablo Asens, vicepresidente de Coviar, afirm\u00f3: <em>\u201cPara Coviar la firma de este acuerdo es un ejemplo m\u00e1s de lo exitosa que es la articulaci\u00f3n p\u00fablico-privada, y una muestra de que el desarrollo del enoturismo en la Argentina debe ser una pol\u00edtica de Estado, que trascienda a todos los gobiernos y que contribuya al posicionamiento de la vitivinicultura argentina en el pa\u00eds y el mundo\u201d<\/em>. <\/p>\n\n\n\n<div style=\"height:30px\" aria-hidden=\"true\" class=\"wp-block-spacer\"><\/div>\n\n\n\n<blockquote class=\"wp-block-quote is-layout-flow wp-block-quote-is-layout-flow\">\n<p>Desde 2013 Coviar viene trabajando con los distintos ministerios y secretar\u00edas de turismo de la naci\u00f3n y de las provincias vitivin\u00edcolas en este plan que ideamos que es Argentina Tierra de Vinos, y que se suma a un plan a nivel internacional de promoci\u00f3n del vino argentino, a trav\u00e9s del Inprotur\u201d.<\/p>\n<cite>Pablo Asens, vicepresidente de la Coviar<\/cite><\/blockquote>\n\n\n\n<div style=\"height:35px\" aria-hidden=\"true\" class=\"wp-block-spacer\"><\/div>\n\n\n\n<p class=\"has-medium-font-size\"><strong>Trabajo coordinado entre privados y gobierno<\/strong><\/p>\n\n\n\n<p>La Coviar es un organismo p\u00fablico-privado que gestiona y articula las acciones necesarias para cumplir con los objetivos del <strong>Plan Estrat\u00e9gico Argentina Vitivin\u00edcola (PEVI) 2030<\/strong>,  asumiendo el desaf\u00edo de transformar el sector vitivin\u00edcola y potenciar su desarrollo. La integran 13 c\u00e1maras empresarias y productivas de todo el pa\u00eds, el <strong>Instituto Nacional de Tecnolog\u00eda Agropecuaria (INTA)<\/strong> y el <strong>Instituto Nacional de Vitivinicultura (INV)<\/strong> en representaci\u00f3n del Gobierno Nacional y los gobiernos de las provincias vitivin\u00edcolas.<\/p>\n\n\n\n<p>En este sentido, y teniendo en cuenta que la <strong>Ley Nacional de Turismo 25.997<\/strong> declar\u00f3 de inter\u00e9s nacional al turismo como actividad socioecon\u00f3mica, estrat\u00e9gica y esencial para el desarrollo del pa\u00eds; y que el enoturismo es uno de los ejes centrales del PEVI 2030 sobre los que se viene trabajando desde Coviar de manera articulada con los gobiernos provinciales y nacional, la firma de este acuerdo significa un avance m\u00e1s para el desarrollo de turismo del vino, pero tambi\u00e9n para todo el sector vitivin\u00edcola y tur\u00edstico argentino.<\/p>\n\n\n\n<div style=\"height:35px\" aria-hidden=\"true\" class=\"wp-block-spacer\"><\/div>\n\n\n\n<p class=\"has-medium-font-size\"><strong>IV Jornadas Nacionales e Internacionales de Turismo del Vino en Mendoza<\/strong><\/p>\n\n\n\n<p>Considerando la buena repercusi\u00f3n que tuvieron las Jornadas <strong>Nacionales e Internacionales del Turismo del Vino<\/strong>, que se realizaron en el a\u00f1o 2021 en la provincia de <strong>San Juan<\/strong>, en el a\u00f1o 2022 en la provincia norte\u00f1a de <strong>Salta<\/strong> y en el 2023 en <strong>La Rioja<\/strong>; se prev\u00e9 para el a\u00f1o 2024 la realizaci\u00f3n de una nueva edici\u00f3n de estas fruct\u00edferas Jornadas que convocan tanto a profesionales, especialistas, comunicadores del enoturismo como a prensa especializada y autoridades, tanto nacionales como internacionales.<\/p>\n\n\n\n<div style=\"height:30px\" aria-hidden=\"true\" class=\"wp-block-spacer\"><\/div>\n\n\n<div class=\"wp-block-image\">\n<figure class=\"aligncenter size-large is-resized\"><a href=\"https:\/\/enolife.com.ar\/es\/wp-content\/uploads\/2024\/09\/whatsapp_image_2021-11-25_at_13.03.13_1.jpeg\" data-rel=\"penci-gallery-image-content\" ><img loading=\"lazy\" decoding=\"async\" src=\"https:\/\/enolife.com.ar\/es\/wp-content\/uploads\/2024\/09\/whatsapp_image_2021-11-25_at_13.03.13_1-1024x665.jpeg\" alt=\"\" class=\"wp-image-123435\" width=\"630\" height=\"409\" srcset=\"https:\/\/enolife.com.ar\/es\/wp-content\/uploads\/2024\/09\/whatsapp_image_2021-11-25_at_13.03.13_1-1024x665.jpeg 1024w, https:\/\/enolife.com.ar\/es\/wp-content\/uploads\/2024\/09\/whatsapp_image_2021-11-25_at_13.03.13_1-300x195.jpeg 300w, https:\/\/enolife.com.ar\/es\/wp-content\/uploads\/2024\/09\/whatsapp_image_2021-11-25_at_13.03.13_1-768x499.jpeg 768w, https:\/\/enolife.com.ar\/es\/wp-content\/uploads\/2024\/09\/whatsapp_image_2021-11-25_at_13.03.13_1-1170x760.jpeg 1170w, https:\/\/enolife.com.ar\/es\/wp-content\/uploads\/2024\/09\/whatsapp_image_2021-11-25_at_13.03.13_1-585x380.jpeg 585w, https:\/\/enolife.com.ar\/es\/wp-content\/uploads\/2024\/09\/whatsapp_image_2021-11-25_at_13.03.13_1.jpeg 1203w\" sizes=\"auto, (max-width: 630px) 100vw, 630px\" \/><\/a><figcaption class=\"wp-element-caption\"><strong><em>Jornadas Nacionales e Internacionales del Turismo del Vino, a\u00f1o 2021, Provincia de San Juan<\/em><\/strong><\/figcaption><\/figure><\/div>\n\n\n<div style=\"height:30px\" aria-hidden=\"true\" class=\"wp-block-spacer\"><\/div>\n\n\n\n<p>Organizadas en forma conjunta por la Secretar\u00eda de Turismo, Ambiente y Deportes de la Naci\u00f3n (Sectur), el gobierno de la Provincia de Mendoza -a trav\u00e9s del Ente Mendoza Turismo (Emetur)-, y la Corporaci\u00f3n Vitivin\u00edcola Argentina (Coviar), las IV Jornadas Nacionales de Turismo del Vino se realizar\u00e1n en el Centro de Congresos y Exposiciones Dr. Emilio Civit, en la Ciudad de Mendoza, el 31 de octubre y el 1 de noviembre.<\/p>\n\n\n\n<p>Este encuentro federal, que busca fortalecer el enoturismo en las 16 provincias que hoy tienen proyectos vitivin\u00edcolas abiertos al turismo, est\u00e1n destinadas a profesionales de la actividad vin\u00edcola, emprendedores y p\u00fablico en general. Contar\u00e1n con la presencia de referentes y expositores nacionales e internacionales del sector e incluir\u00e1n visitas t\u00e9cnicas a distintas bodegas de la regi\u00f3n.<\/p>\n\n\n\n<p>Con el acompa\u00f1amiento de <strong>Consejo Federal del Turismo (CFT)<\/strong>, el <strong>Instituto de Promoci\u00f3n Tur\u00edstica (Inprotur)<\/strong>, la <strong>C\u00e1mara Argentina de Turismo<\/strong>, <strong>Aerol\u00edneas Argentinas<\/strong> y la <strong>Federaci\u00f3n Argentina de Asociaciones de Empresas de Viajes y Turismo (Faevyt)<\/strong>, las jornadas se presentan como un espacio de di\u00e1logo, intercambio, capacitaci\u00f3n y formaci\u00f3n a fin de seguir impulsando el desarrollo del sector tur\u00edstico, la gastronom\u00eda y su relaci\u00f3n con la producci\u00f3n de vinos en Argentina.<\/p>\n\n\n\n<div style=\"height:19px\" aria-hidden=\"true\" class=\"wp-block-spacer\"><\/div>\n\n\n\n<p class=\"has-small-font-size\"><em><strong>Fuente: Coviar<\/strong><\/em><\/p>\n\n\n\n<div style=\"height:30px\" aria-hidden=\"true\" class=\"wp-block-spacer\"><\/div>\n","protected":false},"excerpt":{"rendered":"<p>El ministro de Turismo de la Naci\u00f3n, Daniel Scioli, rubric\u00f3 con la Corporaci\u00f3n Vitivin\u00edcola Argentina&hellip;<\/p>\n","protected":false},"author":3,"featured_media":123439,"comment_status":"open","ping_status":"open","sticky":false,"template":"","format":"standard","meta":{"footnotes":""},"categories":[14],"tags":[],"class_list":["post-123421","post","type-post","status-publish","format-standard","has-post-thumbnail","hentry","category-news"],"_links":{"self":[{"href":"https:\/\/enolife.com.ar\/es\/wp-json\/wp\/v2\/posts\/123421","targetHints":{"allow":["GET"]}}],"collection":[{"href":"https:\/\/enolife.com.ar\/es\/wp-json\/wp\/v2\/posts"}],"about":[{"href":"https:\/\/enolife.com.ar\/es\/wp-json\/wp\/v2\/types\/post"}],"author":[{"embeddable":true,"href":"https:\/\/enolife.com.ar\/es\/wp-json\/wp\/v2\/users\/3"}],"replies":[{"embeddable":true,"href":"https:\/\/enolife.com.ar\/es\/wp-json\/wp\/v2\/comments?post=123421"}],"version-history":[{"count":0,"href":"https:\/\/enolife.com.ar\/es\/wp-json\/wp\/v2\/posts\/123421\/revisions"}],"wp:featuredmedia":[{"embeddable":true,"href":"https:\/\/enolife.com.ar\/es\/wp-json\/wp\/v2\/media\/123439"}],"wp:attachment":[{"href":"https:\/\/enolife.com.ar\/es\/wp-json\/wp\/v2\/media?parent=123421"}],"wp:term":[{"taxonomy":"category","embeddable":true,"href":"https:\/\/enolife.com.ar\/es\/wp-json\/wp\/v2\/categories?post=123421"},{"taxonomy":"post_tag","embeddable":true,"href":"https:\/\/enolife.com.ar\/es\/wp-json\/wp\/v2\/tags?post=123421"}],"curies":[{"name":"wp","href":"https:\/\/api.w.org\/{rel}","templated":true}]}}