{"id":123294,"date":"2024-09-01T23:08:57","date_gmt":"2024-09-01T23:08:57","guid":{"rendered":"https:\/\/enolife.com.ar\/es\/?p=123294"},"modified":"2024-09-02T19:05:22","modified_gmt":"2024-09-02T19:05:22","slug":"feria-de-chocolateros-entre-vinas-con-musica-y-gastronomia-el-8-9-en-la-municipalidad-de-junin","status":"publish","type":"post","link":"https:\/\/enolife.com.ar\/es\/feria-de-chocolateros-entre-vinas-con-musica-y-gastronomia-el-8-9-en-la-municipalidad-de-junin\/","title":{"rendered":"Feria de chocolateros entre vi\u00f1as, con m\u00fasica y gastronom\u00eda, el 8\/9 en la Municipalidad de Jun\u00edn"},"content":{"rendered":"\n<h4 class=\"wp-block-heading\"><em><strong>Vuelve a Jun\u00edn el ya tradicional encuentro Chocolate entre Vi\u00f1as, dise\u00f1ado con el doble objetivo de ofrecer a los chocolateros y emprendedores de esta ciudad del Este mendocino una vidriera para sus productos artesanales, y tambi\u00e9n como atractivo para los lugare\u00f1os y turistas que visitan la provincia.<\/strong><\/em><\/h4>\n\n\n\n<div style=\"height:25px\" aria-hidden=\"true\" class=\"wp-block-spacer\"><\/div>\n\n\n<a href=\"https:\/\/instagram.com\/labelsolutions?igshid=YmMyMTA2M2Y=\" aria-label=\"Banner Palero 1700&#215;500\"><img loading=\"lazy\" decoding=\"async\" src=\"https:\/\/enolife.com.ar\/es\/wp-content\/uploads\/2021\/09\/Banner-Palero-1700x500-1.gif\" alt=\"\"  width=\"1700\" height=\"500\"   \/><\/a>\n\n\n<div style=\"height:45px\" aria-hidden=\"true\" class=\"wp-block-spacer\"><\/div>\n\n\n\n<p>Con la organizaci\u00f3n de la <strong>Municipalidad de Jun\u00edn <\/strong>y <strong>Alma Retamo<\/strong>, el pr\u00f3ximo domingo 8 de setiembre, desde las 11 hs, en la explanada del edificio comunal de ese departamento del Este de Mendoza, se llevar\u00e1 a cabo una nueva edici\u00f3n del encuentro cultural y gastron\u00f3mico <strong>Chocolate entre Vi\u00f1as<\/strong>.<\/p>\n\n\n<div class=\"wp-block-image\">\n<figure class=\"alignleft size-full is-resized\"><a href=\"https:\/\/enolife.com.ar\/es\/wp-content\/uploads\/2024\/08\/WhatsApp-Image-2024-08-31-at-17.39.58.jpeg\" data-rel=\"penci-gallery-image-content\" ><img loading=\"lazy\" decoding=\"async\" src=\"https:\/\/enolife.com.ar\/es\/wp-content\/uploads\/2024\/08\/WhatsApp-Image-2024-08-31-at-17.39.58.jpeg\" alt=\"\" class=\"wp-image-123298\" width=\"293\" height=\"293\" srcset=\"https:\/\/enolife.com.ar\/es\/wp-content\/uploads\/2024\/08\/WhatsApp-Image-2024-08-31-at-17.39.58.jpeg 400w, https:\/\/enolife.com.ar\/es\/wp-content\/uploads\/2024\/08\/WhatsApp-Image-2024-08-31-at-17.39.58-300x300.jpeg 300w, https:\/\/enolife.com.ar\/es\/wp-content\/uploads\/2024\/08\/WhatsApp-Image-2024-08-31-at-17.39.58-150x150.jpeg 150w\" sizes=\"auto, (max-width: 293px) 100vw, 293px\" \/><\/a><\/figure><\/div>\n\n\n<p>La feria propone una plataforma para emprendedores del rubro gastron\u00f3mico y chocolatero, ofreciendo una oportunidad para mostrar sus productos y conectarse con vecinos y visitantes. La presencia de chocolateros de toda la provincia mostrar\u00e1 la riqueza y diversidad del sector, promoviendo la innovaci\u00f3n y la creatividad.<\/p>\n\n\n\n<p>Chocolate entre Vi\u00f1as es una experiencia sensorial que invita a los visitantes a disfrutar de una amplia gama de actividades, desde combinaciones de chocolateen maridaje con otros productos gastron\u00f3micos, hasta degustaciones y clases de gastronom\u00eda con reconocidos chefs, adem\u00e1s de sorteos, una muestra de arte y un show en vivo de los m\u00fasicos <strong>Cecilia Cabrillana<\/strong> y <strong>Karim Sar Sar<\/strong>.<\/p>\n\n\n\n<p>La propuesta apunta a atraer a turistas y convertir a Jun\u00edn en un destino de referencia para los amantes del chocolate y la cultura. Se trata de un emprendimiento que busca ampliar el desarrollo econ\u00f3mico local, incentivando la participaci\u00f3n de emprendedores y artesanos, promoviendo el turismo en la regi\u00f3n.<\/p>\n\n\n\n<div style=\"height:30px\" aria-hidden=\"true\" class=\"wp-block-spacer\"><\/div>\n","protected":false},"excerpt":{"rendered":"<p>Vuelve a Jun\u00edn el ya tradicional encuentro Chocolate entre Vi\u00f1as, dise\u00f1ado con el doble objetivo&hellip;<\/p>\n","protected":false},"author":3,"featured_media":123301,"comment_status":"open","ping_status":"open","sticky":false,"template":"","format":"standard","meta":{"footnotes":""},"categories":[11],"tags":[],"class_list":["post-123294","post","type-post","status-publish","format-standard","has-post-thumbnail","hentry","category-enoturismo"],"_links":{"self":[{"href":"https:\/\/enolife.com.ar\/es\/wp-json\/wp\/v2\/posts\/123294","targetHints":{"allow":["GET"]}}],"collection":[{"href":"https:\/\/enolife.com.ar\/es\/wp-json\/wp\/v2\/posts"}],"about":[{"href":"https:\/\/enolife.com.ar\/es\/wp-json\/wp\/v2\/types\/post"}],"author":[{"embeddable":true,"href":"https:\/\/enolife.com.ar\/es\/wp-json\/wp\/v2\/users\/3"}],"replies":[{"embeddable":true,"href":"https:\/\/enolife.com.ar\/es\/wp-json\/wp\/v2\/comments?post=123294"}],"version-history":[{"count":0,"href":"https:\/\/enolife.com.ar\/es\/wp-json\/wp\/v2\/posts\/123294\/revisions"}],"wp:featuredmedia":[{"embeddable":true,"href":"https:\/\/enolife.com.ar\/es\/wp-json\/wp\/v2\/media\/123301"}],"wp:attachment":[{"href":"https:\/\/enolife.com.ar\/es\/wp-json\/wp\/v2\/media?parent=123294"}],"wp:term":[{"taxonomy":"category","embeddable":true,"href":"https:\/\/enolife.com.ar\/es\/wp-json\/wp\/v2\/categories?post=123294"},{"taxonomy":"post_tag","embeddable":true,"href":"https:\/\/enolife.com.ar\/es\/wp-json\/wp\/v2\/tags?post=123294"}],"curies":[{"name":"wp","href":"https:\/\/api.w.org\/{rel}","templated":true}]}}