{"id":123234,"date":"2024-08-30T21:47:55","date_gmt":"2024-08-30T21:47:55","guid":{"rendered":"https:\/\/enolife.com.ar\/es\/?p=123234"},"modified":"2024-09-02T13:41:59","modified_gmt":"2024-09-02T13:41:59","slug":"una-minera-sanjuanina-compro-el-historico-predio-de-la-ex-bodega-cinzano-para-hacer-un-barrio","status":"publish","type":"post","link":"https:\/\/enolife.com.ar\/es\/una-minera-sanjuanina-compro-el-historico-predio-de-la-ex-bodega-cinzano-para-hacer-un-barrio\/","title":{"rendered":"Una minera sanjuanina compr\u00f3 el hist\u00f3rico predio de la ex bodega Cinzano para hacer un barrio"},"content":{"rendered":"\n<h4 class=\"wp-block-heading\"><em><strong>La compa\u00f1\u00eda Eris LLC -uno de cuyos inversores ser\u00eda Juan Jos\u00e9 Retamero, el empresario espa\u00f1ol de la firma Iberte que mantiene un conflicto judicial con Fecovita<\/strong><\/em>&#8211;<em><strong> inform\u00f3 que compr\u00f3 el hist\u00f3rico predio de la ex bodega, una propiedad de fuerte valor simb\u00f3lico para la comunidad sanjuanina y la vitivinicultura nacional, ubicada en una zona de alta cotizaci\u00f3n inmobiliaria.<\/strong><\/em><\/h4>\n\n\n\n<div style=\"height:35px\" aria-hidden=\"true\" class=\"wp-block-spacer\"><\/div>\n\n\n\n\n\n<div style=\"height:45px\" aria-hidden=\"true\" class=\"wp-block-spacer\"><\/div>\n\n\n\n<p>En los \u00faltimos d\u00edas tom\u00f3 estado p\u00fablico que los propietarios de la mina&nbsp;<strong>Gualcamayo<\/strong>, ubicada en <strong>J\u00e1chal, <\/strong>provincia de <strong>San Juan<\/strong>, adquirieron el hist\u00f3rico predio de la ex&nbsp;<strong>Bodega<\/strong> <strong>Cinzano, <\/strong>abandonado hace a\u00f1os,<strong>&nbsp;<\/strong>para hacer un mega desarrollo urban\u00edstico. Seg\u00fan report\u00f3 el diario Tiempo de San Juan, la empresa adquirente es <strong>Eris LLC<\/strong>, detr\u00e1s de cuyo fondo estar\u00eda el espa\u00f1ol<strong>&nbsp;Juan Jos\u00e9 Retamero<\/strong>, quien mantiene una larga pelea judicial con la <strong>Federaci\u00f3n de Cooperativas Vitivin\u00edcolas Argentinas (Fecovita)<\/strong>, con sede en <strong>Mendoza.<\/strong><\/p>\n\n\n\n<p>Con esta adquisici\u00f3n, los due\u00f1os de la mina Gualcamayo suman una propiedad de alto valor simb\u00f3lico e inmobiliario de San Juan<em>.<\/em><\/p>\n\n\n\n<p>El predio de ex Cinzano tiene casi <strong>7 hect\u00e1reas de superficie. Est\u00e1 localizado en la Avenida Ignacio de la Roza<\/strong>, en una zona cotizada de San Juan, con \u00e1giles v\u00edas de acceso y a poca distancia de la Avenida de Circunvalaci\u00f3n. All\u00ed, seg\u00fan averigu\u00f3 el diario <strong>Tiempo de San Juan<\/strong>, proyectan la construcci\u00f3n de entre <strong>160 y 200 viviendas de categor\u00eda premium, un centro comercial con m\u00e1s de 70 locales, un hotel, un sector gastron\u00f3mico y dependencias para oficinas y desarrollo de negocios.<\/strong><\/p>\n\n\n\n<p>Acerca de la vinculaci\u00f3n con el empresario inversor Retamero, las fuentes de Gualcamayo consultadas por el medio sanjuanino no confirmaron ni descartaron si esa persona est\u00e1 vinculada a la minera. <em>\u00abS\u00f3lo indicaron que se trata de un fondo inversor, con varios accionistas\u00bb<\/em> -consigna el diario. Y agrega: <em>\u00abEl empresario lidera la espa\u00f1ola Iberte que, como ex socia de Fecovita, una de las grandes compradoras y elaboradoras de uva en San Juan y Mendoza, est\u00e1n en pleno pleito judicial, lo que tiene en alerta a los trabajadores vitivin\u00edcolas, pedido de quiebra incluido\u00bb.<\/em><\/p>\n\n\n\n<p>La empresa minera tambi\u00e9n anunci\u00f3 la reciente adquisici\u00f3n del paquete accionario de <strong>Chelsea SA<\/strong>, compa\u00f1\u00eda titular de Cinzano. Y comunic\u00f3 que sus arquitectos ya est\u00e1n trabajando en el dise\u00f1o de la obra inmobiliaria.<\/p>\n\n\n\n<div style=\"height:30px\" aria-hidden=\"true\" class=\"wp-block-spacer\"><\/div>\n\n\n<div class=\"wp-block-image\">\n<figure class=\"aligncenter size-full is-resized\"><a href=\"https:\/\/enolife.com.ar\/es\/wp-content\/uploads\/2024\/08\/masterplan.jpg\" data-rel=\"penci-gallery-image-content\" ><img loading=\"lazy\" decoding=\"async\" src=\"https:\/\/enolife.com.ar\/es\/wp-content\/uploads\/2024\/08\/masterplan.jpg\" alt=\"\" class=\"wp-image-123261\" width=\"684\" height=\"363\" srcset=\"https:\/\/enolife.com.ar\/es\/wp-content\/uploads\/2024\/08\/masterplan.jpg 712w, https:\/\/enolife.com.ar\/es\/wp-content\/uploads\/2024\/08\/masterplan-300x159.jpg 300w, https:\/\/enolife.com.ar\/es\/wp-content\/uploads\/2024\/08\/masterplan-585x311.jpg 585w\" sizes=\"auto, (max-width: 684px) 100vw, 684px\" \/><\/a><figcaption class=\"wp-element-caption\"><strong><em>Imagen del proyecto. Fuente: El Zonda<\/em><\/strong><\/figcaption><\/figure><\/div>\n\n\n<div style=\"height:30px\" aria-hidden=\"true\" class=\"wp-block-spacer\"><\/div>\n\n\n\n<p><em>\u00abEn setiembre pasado<\/em> -detalla el medio sanjuanino- <em>la firma adquiri\u00f3 Minas Argentinas SA, operadora de la mina Gualcamayo, ubicada en el norte de J\u00e1chal. Luego de un proceso de reestructuraci\u00f3n y recapitalizaci\u00f3n, realizado a fines de 2023 y comienzos de este a\u00f1o, Minas Argentinas anunci\u00f3 su saneamiento financiero, suspendi\u00f3 su proceso de cierre y ahora sostiene que est\u00e1 enfocada en su producci\u00f3n y en la exploraci\u00f3n para el desarrollo del proyecto Carbonatos Profundos, que prev\u00e9 otorgar\u00e1 al yacimiento al menos otras dos d\u00e9cadas de trabajo. No sin atravesar momentos de convulsi\u00f3n interna, relacionados con su&nbsp;management&nbsp;sanjuanino en cabeza de Ricardo Mart\u00ednez y Mario Ju\u00e1rez. Tambi\u00e9n con un profundo proceso de reducci\u00f3n de personal y actividad, que llev\u00f3 a quejarse al propio intendente jachallero, Mat\u00edas Espejo\u00bb.<\/em><\/p>\n\n\n\n<div style=\"height:35px\" aria-hidden=\"true\" class=\"wp-block-spacer\"><\/div>\n\n\n\n<p class=\"has-medium-font-size\"><strong>Prometen respetar los edificios patrimoniales<\/strong><\/p>\n\n\n\n<p>Seg\u00fan asegur\u00f3 la empresa adquirente, en vista de que algunas \u00e1reas de la ex bodega poseen valor hist\u00f3rico patrimonial, empezando por el vistoso logo con letras gigantes de \u201cCinzano\u201d, <em>\u00abla obra nueva respetar\u00e1 esos edificios y, adem\u00e1s, se construir\u00e1 un museo que revalorice esa marca emblem\u00e1tica a nivel mundial y destaque la historia vitivin\u00edcola de San Juan\u00bb.<\/em><\/p>\n\n\n\n<div style=\"height:30px\" aria-hidden=\"true\" class=\"wp-block-spacer\"><\/div>\n\n\n\n<div class=\"wp-block-group is-content-justification-center is-nowrap is-layout-flex wp-container-core-group-is-layout-94bc23d7 wp-block-group-is-layout-flex\">\n<figure class=\"wp-block-image size-full is-resized\"><a href=\"https:\/\/enolife.com.ar\/es\/wp-content\/uploads\/2024\/08\/Imagen3-22.jpg\" data-rel=\"penci-gallery-image-content\" ><img loading=\"lazy\" decoding=\"async\" src=\"https:\/\/enolife.com.ar\/es\/wp-content\/uploads\/2024\/08\/Imagen3-22.jpg\" alt=\"\" class=\"wp-image-123263\" width=\"517\" height=\"344\" srcset=\"https:\/\/enolife.com.ar\/es\/wp-content\/uploads\/2024\/08\/Imagen3-22.jpg 790w, https:\/\/enolife.com.ar\/es\/wp-content\/uploads\/2024\/08\/Imagen3-22-300x200.jpg 300w, https:\/\/enolife.com.ar\/es\/wp-content\/uploads\/2024\/08\/Imagen3-22-768x511.jpg 768w, https:\/\/enolife.com.ar\/es\/wp-content\/uploads\/2024\/08\/Imagen3-22-585x390.jpg 585w\" sizes=\"auto, (max-width: 517px) 100vw, 517px\" \/><\/a><\/figure>\n\n\n\n<figure class=\"wp-block-image size-full is-resized\"><a href=\"https:\/\/enolife.com.ar\/es\/wp-content\/uploads\/2024\/08\/Imagen5-16.jpg\" data-rel=\"penci-gallery-image-content\" ><img loading=\"lazy\" decoding=\"async\" src=\"https:\/\/enolife.com.ar\/es\/wp-content\/uploads\/2024\/08\/Imagen5-16.jpg\" alt=\"\" class=\"wp-image-123264\" width=\"514\" height=\"343\" srcset=\"https:\/\/enolife.com.ar\/es\/wp-content\/uploads\/2024\/08\/Imagen5-16.jpg 768w, https:\/\/enolife.com.ar\/es\/wp-content\/uploads\/2024\/08\/Imagen5-16-300x200.jpg 300w, https:\/\/enolife.com.ar\/es\/wp-content\/uploads\/2024\/08\/Imagen5-16-585x390.jpg 585w\" sizes=\"auto, (max-width: 514px) 100vw, 514px\" \/><\/a><\/figure>\n<\/div>\n\n\n\n<div style=\"height:30px\" aria-hidden=\"true\" class=\"wp-block-spacer\"><\/div>\n\n\n\n<p>En primer lugar, se encarar\u00e1 la refacci\u00f3n de uno de los edificios ubicado sobre Ignacio de la Roza. All\u00ed se instalar\u00e1n las oficinas corporativas de<strong> Minas Argentinas<\/strong>. Los trabajos comenzar\u00edan antes de fin de a\u00f1o.<\/p>\n\n\n\n<p>Seg\u00fan ampli\u00f3 Tiempo de San Juan, <em>\u00abjunto con esta compra, el grupo est\u00e1 trabajando en distintas unidades productivas en la provincia. El modelo de negocios anunciado consiste en la reinversi\u00f3n constante de las ganancias que genera un emprendimiento para financiar a otro. As\u00ed, los dividendos que produzca la operaci\u00f3n minera podr\u00e1n impulsar, por ejemplo, el proyecto inmobiliario. El objetivo es que la renta se reinvierta siempre, generando empleo y oportunidades de manera permanente&#8230;<\/em> <em>Un prestigioso estudio del arquitectura local ya est\u00e1 trabajando en el proyecto. Un grupo de profesionales europeos se unir\u00e1n a los expertos sanjuaninos con la meta de dotarlo &#8216;de un estilo \u00fanico, destacando la funcionalidad y el buen gusto en toda la obra<\/em>&#8216;\u00bb.<\/p>\n\n\n\n<div style=\"height:29px\" aria-hidden=\"true\" class=\"wp-block-spacer\"><\/div>\n\n\n\n<p class=\"has-small-font-size\"><em><strong>Fuente: Tiempo de San Juan<\/strong><\/em><\/p>\n\n\n\n<div style=\"height:42px\" aria-hidden=\"true\" class=\"wp-block-spacer\"><\/div>\n","protected":false},"excerpt":{"rendered":"<p>La compa\u00f1\u00eda Eris LLC -uno de cuyos inversores ser\u00eda Juan Jos\u00e9 Retamero, el empresario espa\u00f1ol&hellip;<\/p>\n","protected":false},"author":3,"featured_media":123267,"comment_status":"open","ping_status":"open","sticky":false,"template":"","format":"standard","meta":{"footnotes":""},"categories":[14],"tags":[],"class_list":["post-123234","post","type-post","status-publish","format-standard","has-post-thumbnail","hentry","category-news"],"_links":{"self":[{"href":"https:\/\/enolife.com.ar\/es\/wp-json\/wp\/v2\/posts\/123234","targetHints":{"allow":["GET"]}}],"collection":[{"href":"https:\/\/enolife.com.ar\/es\/wp-json\/wp\/v2\/posts"}],"about":[{"href":"https:\/\/enolife.com.ar\/es\/wp-json\/wp\/v2\/types\/post"}],"author":[{"embeddable":true,"href":"https:\/\/enolife.com.ar\/es\/wp-json\/wp\/v2\/users\/3"}],"replies":[{"embeddable":true,"href":"https:\/\/enolife.com.ar\/es\/wp-json\/wp\/v2\/comments?post=123234"}],"version-history":[{"count":0,"href":"https:\/\/enolife.com.ar\/es\/wp-json\/wp\/v2\/posts\/123234\/revisions"}],"wp:featuredmedia":[{"embeddable":true,"href":"https:\/\/enolife.com.ar\/es\/wp-json\/wp\/v2\/media\/123267"}],"wp:attachment":[{"href":"https:\/\/enolife.com.ar\/es\/wp-json\/wp\/v2\/media?parent=123234"}],"wp:term":[{"taxonomy":"category","embeddable":true,"href":"https:\/\/enolife.com.ar\/es\/wp-json\/wp\/v2\/categories?post=123234"},{"taxonomy":"post_tag","embeddable":true,"href":"https:\/\/enolife.com.ar\/es\/wp-json\/wp\/v2\/tags?post=123234"}],"curies":[{"name":"wp","href":"https:\/\/api.w.org\/{rel}","templated":true}]}}