{"id":123125,"date":"2024-08-29T14:59:49","date_gmt":"2024-08-29T14:59:49","guid":{"rendered":"https:\/\/enolife.com.ar\/es\/?p=123125"},"modified":"2024-09-01T00:38:31","modified_gmt":"2024-09-01T00:38:31","slug":"en-2024-se-cosecho-264-de-uva-cabernet-sauvignon-que-en-2023-pero-la-venta-de-vino-cayo-253","status":"publish","type":"post","link":"https:\/\/enolife.com.ar\/es\/en-2024-se-cosecho-264-de-uva-cabernet-sauvignon-que-en-2023-pero-la-venta-de-vino-cayo-253\/","title":{"rendered":"En 2024 se cosech\u00f3 +26,4% de uva Cabernet Sauvignon que en 2023 pero la venta de vino cay\u00f3 25,3%"},"content":{"rendered":"\n<h4 class=\"wp-block-heading\"><em><strong>El \u00faltimo jueves de agosto de cada a\u00f1o se celebra esta jornada para homenajear a la variedad de uva tinta m\u00e1s plantada del mundo y protagonista del vino m\u00e1s global, que tambi\u00e9n se da muy bien en distintas regiones de Argentina, aunque s\u00f3lo representa el 6,4% de la superficie implantada de vid en el pa\u00eds. En ocasi\u00f3n de la fecha, el Instituto Nacional de Vitivinicultura (INV) public\u00f3 un completo informe de la variedad en Argentina, el cual reproducimos aqu\u00ed.<\/strong><\/em><\/h4>\n\n\n\n<div style=\"height:35px\" aria-hidden=\"true\" class=\"wp-block-spacer\"><\/div>\n\n\n\n\n\n<div style=\"height:45px\" aria-hidden=\"true\" class=\"wp-block-spacer\"><\/div>\n\n\n\n<p>La variedad de <strong>uva Cabernet Sauvignon<\/strong> es una de las variedades tintas m\u00e1s prestigiosas en el mundo. Originaria de <strong>Burdeos (Bordeaux), Francia<\/strong>, es la base de los grandes vinos de esa regi\u00f3n, cultiv\u00e1ndose adem\u00e1s en ese pa\u00eds en el <strong>Valle del Loira (Loire)<\/strong>, en el sudoeste, la <strong>Provenza<\/strong> y en la zona meridional del <strong>Languedoc-Rousillon<\/strong>. Ha mostrado muy buena adaptaci\u00f3n en diferentes regiones vit\u00edcolas como zonas de <strong>California, Argentina, Chile, Espa\u00f1a, Portugal, Italia, Sud\u00e1frica, Nueva Zelanda y Australia.<\/strong><\/p>\n\n\n\n<p>Estudios gen\u00e9ticos muestran que esta variedad proviene del cruzamiento natural entre <strong>Cabernet Franc<\/strong> y <strong>Sauvignon Blanc<\/strong>. Se desarrolla mejor en climas templados y secos. Los racimos de esta cepa son peque\u00f1os a medianos, al igual que sus granos. Posee bayas esf\u00e9ricas, muy jugosas, con la piel gruesa de intenso color negro y rica en taninos.<\/p>\n\n\n\n<div style=\"height:30px\" aria-hidden=\"true\" class=\"wp-block-spacer\"><\/div>\n\n\n<div class=\"wp-block-image\">\n<figure class=\"aligncenter size-full is-resized\"><a href=\"https:\/\/enolife.com.ar\/es\/wp-content\/uploads\/2024\/08\/image-106.png\" data-rel=\"penci-gallery-image-content\" ><img loading=\"lazy\" decoding=\"async\" src=\"https:\/\/enolife.com.ar\/es\/wp-content\/uploads\/2024\/08\/image-106.png\" alt=\"\" class=\"wp-image-123138\" width=\"632\" height=\"367\" srcset=\"https:\/\/enolife.com.ar\/es\/wp-content\/uploads\/2024\/08\/image-106.png 915w, https:\/\/enolife.com.ar\/es\/wp-content\/uploads\/2024\/08\/image-106-300x174.png 300w, https:\/\/enolife.com.ar\/es\/wp-content\/uploads\/2024\/08\/image-106-768x447.png 768w, https:\/\/enolife.com.ar\/es\/wp-content\/uploads\/2024\/08\/image-106-585x340.png 585w\" sizes=\"auto, (max-width: 632px) 100vw, 632px\" \/><\/a><\/figure><\/div>\n\n\n<div style=\"height:30px\" aria-hidden=\"true\" class=\"wp-block-spacer\"><\/div>\n\n\n\n<p>Se caracteriza por expresar frutos rojos y ciruela, y aromas piraz\u00ednicos como el pimiento rojo y verde, junto a la presencia de especias como la pimienta blanca, negra, paprika -o piment\u00f3n-, y otros aromas especiados, adem\u00e1s de los resinosos.<\/p>\n\n\n\n<p>Da origen a vinos con buena estructura y muy frutados, intensos, t\u00e1nicos y muy adecuados para la guarda, exalt\u00e1ndose durante la crianza su intenso aroma, sabor y complejidad. Los vinos de Cabernet Sauvignon son parte de cortes tradicionales con <strong>Merlot, Malbec y Cabernet Franc.<\/strong><\/p>\n\n\n\n<div style=\"height:35px\" aria-hidden=\"true\" class=\"wp-block-spacer\"><\/div>\n\n\n\n<p class=\"has-medium-font-size\"><strong>Superficie<\/strong> <strong>de cultivo<\/strong><\/p>\n\n\n\n<p>Esta variedad est\u00e1 presente en 17 provincias vitivin\u00edcolas de Argentina, registrando en el a\u00f1o 2024 un total de <strong>13.006 ha <\/strong>cultivadas, lo cual representa el 6,4% del total de vid del pa\u00eds. Es la <strong>cuarta variedad con mayor superficie de Argentina<\/strong> luego de <strong>Malbec, Cereza y Bonarda.<\/strong><\/p>\n\n\n\n<p>La cantidad de hect\u00e1reas de Cabernet Sauvignon contin\u00faa disminuyendo. La ca\u00edda en superficie es del 16,4% en el per\u00edodo 2015-2024. En Mendoza cay\u00f3 un 16,1%, en San Juan un 28,2% y en el resto del pa\u00eds un 9,3%.<\/p>\n\n\n\n<p>La provincia de Mendoza tiene la mayor cantidad de Cabernet Sauvignon del pa\u00eds, alcanzando en 2024 las 9.988 ha (76,8%), seguida por San Juan con 1.146 ha (8,8%) y el resto de las provincias con 1.872 ha (14,4%).<\/p>\n\n\n\n<div style=\"height:30px\" aria-hidden=\"true\" class=\"wp-block-spacer\"><\/div>\n\n\n<div class=\"wp-block-image\">\n<figure class=\"aligncenter size-full is-resized\"><a href=\"https:\/\/enolife.com.ar\/es\/wp-content\/uploads\/2024\/08\/image-107.png\" data-rel=\"penci-gallery-image-content\" ><img loading=\"lazy\" decoding=\"async\" src=\"https:\/\/enolife.com.ar\/es\/wp-content\/uploads\/2024\/08\/image-107.png\" alt=\"\" class=\"wp-image-123140\" width=\"618\" height=\"345\" srcset=\"https:\/\/enolife.com.ar\/es\/wp-content\/uploads\/2024\/08\/image-107.png 826w, https:\/\/enolife.com.ar\/es\/wp-content\/uploads\/2024\/08\/image-107-300x167.png 300w, https:\/\/enolife.com.ar\/es\/wp-content\/uploads\/2024\/08\/image-107-768x429.png 768w, https:\/\/enolife.com.ar\/es\/wp-content\/uploads\/2024\/08\/image-107-585x326.png 585w\" sizes=\"auto, (max-width: 618px) 100vw, 618px\" \/><\/a><\/figure><\/div>\n\n\n<div style=\"height:30px\" aria-hidden=\"true\" class=\"wp-block-spacer\"><\/div>\n\n\n<div class=\"wp-block-image\">\n<figure class=\"aligncenter size-full is-resized\"><a href=\"https:\/\/enolife.com.ar\/es\/wp-content\/uploads\/2024\/08\/Imagen1-31.jpg\" data-rel=\"penci-gallery-image-content\" ><img loading=\"lazy\" decoding=\"async\" src=\"https:\/\/enolife.com.ar\/es\/wp-content\/uploads\/2024\/08\/Imagen1-31.jpg\" alt=\"\" class=\"wp-image-123144\" width=\"541\" height=\"471\" srcset=\"https:\/\/enolife.com.ar\/es\/wp-content\/uploads\/2024\/08\/Imagen1-31.jpg 653w, https:\/\/enolife.com.ar\/es\/wp-content\/uploads\/2024\/08\/Imagen1-31-300x261.jpg 300w, https:\/\/enolife.com.ar\/es\/wp-content\/uploads\/2024\/08\/Imagen1-31-585x510.jpg 585w\" sizes=\"auto, (max-width: 541px) 100vw, 541px\" \/><\/a><\/figure><\/div>\n\n\n<div style=\"height:30px\" aria-hidden=\"true\" class=\"wp-block-spacer\"><\/div>\n\n\n<div class=\"wp-block-image\">\n<figure class=\"aligncenter size-full is-resized\"><a href=\"https:\/\/enolife.com.ar\/es\/wp-content\/uploads\/2024\/08\/image-108.png\" data-rel=\"penci-gallery-image-content\" ><img loading=\"lazy\" decoding=\"async\" src=\"https:\/\/enolife.com.ar\/es\/wp-content\/uploads\/2024\/08\/image-108.png\" alt=\"\" class=\"wp-image-123142\" width=\"480\" height=\"419\" srcset=\"https:\/\/enolife.com.ar\/es\/wp-content\/uploads\/2024\/08\/image-108.png 594w, https:\/\/enolife.com.ar\/es\/wp-content\/uploads\/2024\/08\/image-108-300x262.png 300w, https:\/\/enolife.com.ar\/es\/wp-content\/uploads\/2024\/08\/image-108-585x511.png 585w\" sizes=\"auto, (max-width: 480px) 100vw, 480px\" \/><\/a><\/figure><\/div>\n\n\n<div style=\"height:30px\" aria-hidden=\"true\" class=\"wp-block-spacer\"><\/div>\n\n\n\n<p>En la provincia de Mendoza la mayor superficie de Cabernet Sauvignon se encuentra en los departamentos de Luj\u00e1n de Cuyo (19,9%) y Maip\u00fa (12,5%), seguidos por Tunuy\u00e1n, San Rafael y Tupungato.<\/p>\n\n\n\n<p>Los tres departamentos del Valle de Uco (Tupungato, Tunuy\u00e1n y San Carlos) concentran el 29,7% del Cabernet Sauvignon de la provincia. En San Juan los departamentos que m\u00e1s superficie registran de esta variedad son Sarmiento (42,6%) y Veinticinco de Mayo (14,8%), seguidos por Caucete, Nueve de Julio y San Mart\u00edn.<\/p>\n\n\n\n<div style=\"height:30px\" aria-hidden=\"true\" class=\"wp-block-spacer\"><\/div>\n\n\n\n<div class=\"wp-block-group is-content-justification-center is-nowrap is-layout-flex wp-container-core-group-is-layout-94bc23d7 wp-block-group-is-layout-flex\"><div class=\"wp-block-image\">\n<figure class=\"aligncenter size-full is-resized\"><a href=\"https:\/\/enolife.com.ar\/es\/wp-content\/uploads\/2024\/08\/Imagen2-26.jpg\" data-rel=\"penci-gallery-image-content\" ><img loading=\"lazy\" decoding=\"async\" src=\"https:\/\/enolife.com.ar\/es\/wp-content\/uploads\/2024\/08\/Imagen2-26.jpg\" alt=\"\" class=\"wp-image-123146\" width=\"584\" height=\"440\" srcset=\"https:\/\/enolife.com.ar\/es\/wp-content\/uploads\/2024\/08\/Imagen2-26.jpg 714w, https:\/\/enolife.com.ar\/es\/wp-content\/uploads\/2024\/08\/Imagen2-26-300x226.jpg 300w, https:\/\/enolife.com.ar\/es\/wp-content\/uploads\/2024\/08\/Imagen2-26-585x441.jpg 585w\" sizes=\"auto, (max-width: 584px) 100vw, 584px\" \/><\/a><\/figure><\/div>\n\n<div class=\"wp-block-image\">\n<figure class=\"aligncenter size-full is-resized\"><a href=\"https:\/\/enolife.com.ar\/es\/wp-content\/uploads\/2024\/08\/image-109.png\" data-rel=\"penci-gallery-image-content\" ><img loading=\"lazy\" decoding=\"async\" src=\"https:\/\/enolife.com.ar\/es\/wp-content\/uploads\/2024\/08\/image-109.png\" alt=\"\" class=\"wp-image-123150\" width=\"419\" height=\"345\" srcset=\"https:\/\/enolife.com.ar\/es\/wp-content\/uploads\/2024\/08\/image-109.png 501w, https:\/\/enolife.com.ar\/es\/wp-content\/uploads\/2024\/08\/image-109-300x247.png 300w\" sizes=\"auto, (max-width: 419px) 100vw, 419px\" \/><\/a><\/figure><\/div><\/div>\n\n\n\n<div style=\"height:38px\" aria-hidden=\"true\" class=\"wp-block-spacer\"><\/div>\n\n\n\n<div class=\"wp-block-group is-content-justification-center is-nowrap is-layout-flex wp-container-core-group-is-layout-94bc23d7 wp-block-group-is-layout-flex\"><div class=\"wp-block-image\">\n<figure class=\"aligncenter size-full is-resized\"><a href=\"https:\/\/enolife.com.ar\/es\/wp-content\/uploads\/2024\/08\/Imagen3-19.jpg\" data-rel=\"penci-gallery-image-content\" ><img loading=\"lazy\" decoding=\"async\" src=\"https:\/\/enolife.com.ar\/es\/wp-content\/uploads\/2024\/08\/Imagen3-19.jpg\" alt=\"\" class=\"wp-image-123153\" width=\"618\" height=\"464\" srcset=\"https:\/\/enolife.com.ar\/es\/wp-content\/uploads\/2024\/08\/Imagen3-19.jpg 716w, https:\/\/enolife.com.ar\/es\/wp-content\/uploads\/2024\/08\/Imagen3-19-300x225.jpg 300w, https:\/\/enolife.com.ar\/es\/wp-content\/uploads\/2024\/08\/Imagen3-19-585x440.jpg 585w\" sizes=\"auto, (max-width: 618px) 100vw, 618px\" \/><\/a><\/figure><\/div>\n\n<div class=\"wp-block-image\">\n<figure class=\"aligncenter size-full is-resized\"><a href=\"https:\/\/enolife.com.ar\/es\/wp-content\/uploads\/2024\/08\/image-110.png\" data-rel=\"penci-gallery-image-content\" ><img loading=\"lazy\" decoding=\"async\" src=\"https:\/\/enolife.com.ar\/es\/wp-content\/uploads\/2024\/08\/image-110.png\" alt=\"\" class=\"wp-image-123152\" width=\"439\" height=\"362\" srcset=\"https:\/\/enolife.com.ar\/es\/wp-content\/uploads\/2024\/08\/image-110.png 501w, https:\/\/enolife.com.ar\/es\/wp-content\/uploads\/2024\/08\/image-110-300x247.png 300w\" sizes=\"auto, (max-width: 439px) 100vw, 439px\" \/><\/a><\/figure><\/div><\/div>\n\n\n\n<div style=\"height:35px\" aria-hidden=\"true\" class=\"wp-block-spacer\"><\/div>\n\n\n\n<p class=\"has-medium-font-size\"><strong>Producci\u00f3n<\/strong><\/p>\n\n\n\n<p>En 2024 la producci\u00f3n total en el pa\u00eds de la variedad Cabernet Sauvignon fue de <strong>795.366 quintales<\/strong>. Como se puede observar en el gr\u00e1fico, la tendencia ha sido decreciente en los \u00faltimos diez a\u00f1os, con un repunte en 2018, 2019 y 2024. <strong>En 2024<\/strong> la producci\u00f3n de la variedad Cabernet Sauvignon <strong>aument\u00f3 un 26,4% respecto al a\u00f1o anterior<\/strong>. <\/p>\n\n\n\n<div style=\"height:30px\" aria-hidden=\"true\" class=\"wp-block-spacer\"><\/div>\n\n\n<div class=\"wp-block-image\">\n<figure class=\"aligncenter size-full is-resized\"><a href=\"https:\/\/enolife.com.ar\/es\/wp-content\/uploads\/2024\/08\/graf.jpg\" data-rel=\"penci-gallery-image-content\" ><img loading=\"lazy\" decoding=\"async\" src=\"https:\/\/enolife.com.ar\/es\/wp-content\/uploads\/2024\/08\/graf.jpg\" alt=\"\" class=\"wp-image-123184\" width=\"760\" height=\"411\" srcset=\"https:\/\/enolife.com.ar\/es\/wp-content\/uploads\/2024\/08\/graf.jpg 818w, https:\/\/enolife.com.ar\/es\/wp-content\/uploads\/2024\/08\/graf-300x162.jpg 300w, https:\/\/enolife.com.ar\/es\/wp-content\/uploads\/2024\/08\/graf-768x416.jpg 768w, https:\/\/enolife.com.ar\/es\/wp-content\/uploads\/2024\/08\/graf-585x317.jpg 585w\" sizes=\"auto, (max-width: 760px) 100vw, 760px\" \/><\/a><\/figure><\/div>\n\n\n<div style=\"height:30px\" aria-hidden=\"true\" class=\"wp-block-spacer\"><\/div>\n\n\n<div class=\"wp-block-image\">\n<figure class=\"aligncenter size-full is-resized\"><a href=\"https:\/\/enolife.com.ar\/es\/wp-content\/uploads\/2024\/08\/image-111.png\" data-rel=\"penci-gallery-image-content\" ><img loading=\"lazy\" decoding=\"async\" src=\"https:\/\/enolife.com.ar\/es\/wp-content\/uploads\/2024\/08\/image-111.png\" alt=\"\" class=\"wp-image-123156\" width=\"547\" height=\"327\" srcset=\"https:\/\/enolife.com.ar\/es\/wp-content\/uploads\/2024\/08\/image-111.png 731w, https:\/\/enolife.com.ar\/es\/wp-content\/uploads\/2024\/08\/image-111-300x179.png 300w, https:\/\/enolife.com.ar\/es\/wp-content\/uploads\/2024\/08\/image-111-585x350.png 585w\" sizes=\"auto, (max-width: 547px) 100vw, 547px\" \/><\/a><\/figure><\/div>\n\n\n<div style=\"height:30px\" aria-hidden=\"true\" class=\"wp-block-spacer\"><\/div>\n\n\n\n<p>La producci\u00f3n de Cabernet Sauvignon 2024 por departamento de origen en cada provincia se muestra en las siguientes tablas. En la provincia de Mendoza los departamentos que m\u00e1s quintales de Cabernet Sauvignon cosecharon en 2024 fueron Luj\u00e1n de Cuyo y Tunuy\u00e1n. En San Juan se cosech\u00f3 m\u00e1s Cabernet Sauvignon en Sarmiento y Veinticinco de Mayo.<\/p>\n\n\n\n<div style=\"height:30px\" aria-hidden=\"true\" class=\"wp-block-spacer\"><\/div>\n\n\n<div class=\"wp-block-image\">\n<figure class=\"aligncenter size-full is-resized\"><a href=\"https:\/\/enolife.com.ar\/es\/wp-content\/uploads\/2024\/08\/Imagen5-13.jpg\" data-rel=\"penci-gallery-image-content\" ><img loading=\"lazy\" decoding=\"async\" src=\"https:\/\/enolife.com.ar\/es\/wp-content\/uploads\/2024\/08\/Imagen5-13.jpg\" alt=\"\" class=\"wp-image-123158\" width=\"506\" height=\"361\" srcset=\"https:\/\/enolife.com.ar\/es\/wp-content\/uploads\/2024\/08\/Imagen5-13.jpg 689w, https:\/\/enolife.com.ar\/es\/wp-content\/uploads\/2024\/08\/Imagen5-13-300x214.jpg 300w, https:\/\/enolife.com.ar\/es\/wp-content\/uploads\/2024\/08\/Imagen5-13-585x418.jpg 585w\" sizes=\"auto, (max-width: 506px) 100vw, 506px\" \/><\/a><\/figure><\/div>\n\n\n<div style=\"height:30px\" aria-hidden=\"true\" class=\"wp-block-spacer\"><\/div>\n\n\n<div class=\"wp-block-image\">\n<figure class=\"aligncenter size-full is-resized\"><a href=\"https:\/\/enolife.com.ar\/es\/wp-content\/uploads\/2024\/08\/Imagen6-6.jpg\" data-rel=\"penci-gallery-image-content\" ><img loading=\"lazy\" decoding=\"async\" src=\"https:\/\/enolife.com.ar\/es\/wp-content\/uploads\/2024\/08\/Imagen6-6.jpg\" alt=\"\" class=\"wp-image-123159\" width=\"514\" height=\"371\" srcset=\"https:\/\/enolife.com.ar\/es\/wp-content\/uploads\/2024\/08\/Imagen6-6.jpg 693w, https:\/\/enolife.com.ar\/es\/wp-content\/uploads\/2024\/08\/Imagen6-6-300x216.jpg 300w, https:\/\/enolife.com.ar\/es\/wp-content\/uploads\/2024\/08\/Imagen6-6-585x422.jpg 585w\" sizes=\"auto, (max-width: 514px) 100vw, 514px\" \/><\/a><\/figure><\/div>\n\n\n<div style=\"height:35px\" aria-hidden=\"true\" class=\"wp-block-spacer\"><\/div>\n\n\n\n<p class=\"has-medium-font-size\"><strong>Comercializaci\u00f3n total<\/strong><\/p>\n\n\n\n<p>En el 2023<strong> se comercializaron 368.259 hl <\/strong>de vino <strong>varietal puro<\/strong> de Cabernet Sauvignon y <strong>69.288 hl <\/strong>de Cabernet Sauvignon <strong>en corte <\/strong>con alguna otra variedad. La comercializaci\u00f3n total del pa\u00eds de vinos varietales en 2023 fue de 4.020.273 hl, por lo que las ventas de varietales con presencia de Cabernet Sauvignon representaron el 10,9%. Este varietal es el segundo m\u00e1s exportado luego del Malbec.<\/p>\n\n\n\n<p>En el 2023 el 59% de los vinos varietales elaborados con Cabernet Sauvignon se comercializ\u00f3 en el mercado interno y el 41% se export\u00f3. La comercializaci\u00f3n total de vinos elaborados con Cabernet Sauvignon ha disminuido en la \u00faltima d\u00e9cada un 41,2%, y un 25,3% en el \u00faltimo a\u00f1o. En el \u00faltimo a\u00f1o ha disminuido un 21,2% la exportaci\u00f3n de Cabernet Sauvignon (puro + cortes). En el mercado local, se observa una disminuci\u00f3n del 28% con respecto al a\u00f1o anterior.<\/p>\n\n\n\n<div style=\"height:30px\" aria-hidden=\"true\" class=\"wp-block-spacer\"><\/div>\n\n\n<div class=\"wp-block-image\">\n<figure class=\"aligncenter size-large is-resized\"><a href=\"https:\/\/enolife.com.ar\/es\/wp-content\/uploads\/2024\/08\/Imagen7-8.jpg\" data-rel=\"penci-gallery-image-content\" ><img loading=\"lazy\" decoding=\"async\" src=\"https:\/\/enolife.com.ar\/es\/wp-content\/uploads\/2024\/08\/Imagen7-8-1024x507.jpg\" alt=\"\" class=\"wp-image-123162\" width=\"756\" height=\"373\" srcset=\"https:\/\/enolife.com.ar\/es\/wp-content\/uploads\/2024\/08\/Imagen7-8-1024x507.jpg 1024w, https:\/\/enolife.com.ar\/es\/wp-content\/uploads\/2024\/08\/Imagen7-8-300x149.jpg 300w, https:\/\/enolife.com.ar\/es\/wp-content\/uploads\/2024\/08\/Imagen7-8-768x380.jpg 768w, https:\/\/enolife.com.ar\/es\/wp-content\/uploads\/2024\/08\/Imagen7-8-585x290.jpg 585w, https:\/\/enolife.com.ar\/es\/wp-content\/uploads\/2024\/08\/Imagen7-8.jpg 1070w\" sizes=\"auto, (max-width: 756px) 100vw, 756px\" \/><\/a><\/figure><\/div>\n\n\n<div style=\"height:30px\" aria-hidden=\"true\" class=\"wp-block-spacer\"><\/div>\n\n\n<div class=\"wp-block-image\">\n<figure class=\"aligncenter size-full is-resized\"><a href=\"https:\/\/enolife.com.ar\/es\/wp-content\/uploads\/2024\/08\/image-112.png\" data-rel=\"penci-gallery-image-content\" ><img loading=\"lazy\" decoding=\"async\" src=\"https:\/\/enolife.com.ar\/es\/wp-content\/uploads\/2024\/08\/image-112.png\" alt=\"\" class=\"wp-image-123161\" width=\"816\" height=\"353\" srcset=\"https:\/\/enolife.com.ar\/es\/wp-content\/uploads\/2024\/08\/image-112.png 990w, https:\/\/enolife.com.ar\/es\/wp-content\/uploads\/2024\/08\/image-112-300x130.png 300w, https:\/\/enolife.com.ar\/es\/wp-content\/uploads\/2024\/08\/image-112-768x332.png 768w, https:\/\/enolife.com.ar\/es\/wp-content\/uploads\/2024\/08\/image-112-585x253.png 585w\" sizes=\"auto, (max-width: 816px) 100vw, 816px\" \/><\/a><\/figure><\/div>\n\n\n<div style=\"height:35px\" aria-hidden=\"true\" class=\"wp-block-spacer\"><\/div>\n\n\n\n<p class=\"has-medium-font-size\"><strong>Mercado interno<\/strong><\/p>\n\n\n\n<p>En el a\u00f1o <strong>2023 se comercializaron 258.046 hl <\/strong>de vinos varietales elaborados con Cabernet Sauvignon. El 80% corresponde a varietal puro y el 20% a cortes con otra variedad. Las ventas al mercado interno de vinos con Cabernet Sauvignon son un 39,4% menores a las del a\u00f1o 2014 y un 28% menores a las del a\u00f1o anterior. En 2023 el total de Cabernet Sauvignon puro disminuy\u00f3 un 27,1% respecto al a\u00f1o anterior, y tambi\u00e9n cay\u00f3 un 31,2% en sus cortes con otras variedades.<\/p>\n\n\n\n<p>El Cabernet Sauvignon (puro y cortes) como vinos varietales tienen una participaci\u00f3n del 11,4% en el total de varietales comercializados en el pa\u00eds en el a\u00f1o 2023. Esta participaci\u00f3n es menor a la registrada en el 2014, a\u00f1o en el cual esta variedad participaba con el 21,4% en el total de varietales.<\/p>\n\n\n\n<div style=\"height:30px\" aria-hidden=\"true\" class=\"wp-block-spacer\"><\/div>\n\n\n<div class=\"wp-block-image\">\n<figure class=\"aligncenter size-full is-resized\"><a href=\"https:\/\/enolife.com.ar\/es\/wp-content\/uploads\/2024\/08\/Imagen8-8.jpg\" data-rel=\"penci-gallery-image-content\" ><img loading=\"lazy\" decoding=\"async\" src=\"https:\/\/enolife.com.ar\/es\/wp-content\/uploads\/2024\/08\/Imagen8-8.jpg\" alt=\"\" class=\"wp-image-123166\" width=\"680\" height=\"365\" srcset=\"https:\/\/enolife.com.ar\/es\/wp-content\/uploads\/2024\/08\/Imagen8-8.jpg 867w, https:\/\/enolife.com.ar\/es\/wp-content\/uploads\/2024\/08\/Imagen8-8-300x161.jpg 300w, https:\/\/enolife.com.ar\/es\/wp-content\/uploads\/2024\/08\/Imagen8-8-768x413.jpg 768w, https:\/\/enolife.com.ar\/es\/wp-content\/uploads\/2024\/08\/Imagen8-8-585x314.jpg 585w\" sizes=\"auto, (max-width: 680px) 100vw, 680px\" \/><\/a><\/figure><\/div>\n\n\n<div style=\"height:30px\" aria-hidden=\"true\" class=\"wp-block-spacer\"><\/div>\n\n\n<div class=\"wp-block-image\">\n<figure class=\"aligncenter size-full is-resized\"><a href=\"https:\/\/enolife.com.ar\/es\/wp-content\/uploads\/2024\/08\/image-113.png\" data-rel=\"penci-gallery-image-content\" ><img loading=\"lazy\" decoding=\"async\" src=\"https:\/\/enolife.com.ar\/es\/wp-content\/uploads\/2024\/08\/image-113.png\" alt=\"\" class=\"wp-image-123165\" width=\"529\" height=\"382\" srcset=\"https:\/\/enolife.com.ar\/es\/wp-content\/uploads\/2024\/08\/image-113.png 573w, https:\/\/enolife.com.ar\/es\/wp-content\/uploads\/2024\/08\/image-113-300x217.png 300w\" sizes=\"auto, (max-width: 529px) 100vw, 529px\" \/><\/a><\/figure><\/div>\n\n\n<div style=\"height:35px\" aria-hidden=\"true\" class=\"wp-block-spacer\"><\/div>\n\n\n\n<p class=\"has-medium-font-size\"><strong>Principales cortes de vino Cabernet Sauvignon &#8211; mercado interno<\/strong><\/p>\n\n\n\n<p>El <strong>principal corte<\/strong> elaborado con Cabernet Sauvignon como primer varietal que se despach\u00f3 al mercado interno en 2023 fue <strong>Cabernet Sauvignon-Malbec<\/strong>, el cual concentra el 70,6% del total de los cortes. Le siguen Cabernet Sauvignon-Syrah (7,6%) y en tercer lugar se ubica el Cabernet Sauvignon- Malbec-Petit Verdot (7,1%).<\/p>\n\n\n\n<p>Respecto al tipo de envase de los vinos varietales Cabernet Sauvignon puro comercializados en el 2023 en el mercado interno, se observa que el <strong>96,8% corresponde a botellas<\/strong>, el 2,4% a damajuana y el 0,7% a bag in box. Han disminuido las ventas en botella un 27% en el \u00faltimo a\u00f1o y las de damajuanas un 43,6%, mientras que las ventas en bag in box aumentaron 408,1%.<\/p>\n\n\n\n<div style=\"height:30px\" aria-hidden=\"true\" class=\"wp-block-spacer\"><\/div>\n\n\n<div class=\"wp-block-image\">\n<figure class=\"aligncenter size-full is-resized\"><a href=\"https:\/\/enolife.com.ar\/es\/wp-content\/uploads\/2024\/08\/image-114.png\" data-rel=\"penci-gallery-image-content\" ><img loading=\"lazy\" decoding=\"async\" src=\"https:\/\/enolife.com.ar\/es\/wp-content\/uploads\/2024\/08\/image-114.png\" alt=\"\" class=\"wp-image-123168\" width=\"513\" height=\"370\" srcset=\"https:\/\/enolife.com.ar\/es\/wp-content\/uploads\/2024\/08\/image-114.png 573w, https:\/\/enolife.com.ar\/es\/wp-content\/uploads\/2024\/08\/image-114-300x217.png 300w\" sizes=\"auto, (max-width: 513px) 100vw, 513px\" \/><\/a><\/figure><\/div>\n\n\n<div style=\"height:35px\" aria-hidden=\"true\" class=\"wp-block-spacer\"><\/div>\n\n\n\n<p class=\"has-medium-font-size\"><strong>Mercado externo<\/strong><\/p>\n\n\n\n<p>Durante el a\u00f1o 2023 las exportaciones de vinos varietales elaborados con la variedad Cabernet Sauvignon alcanzaron un total de <strong>179.502 hl, por un valor FOB de 69.434.000 d\u00f3lares.<\/strong> Las exportaciones de este varietal han crecido desde el a\u00f1o 2019, aunque a partir del 2021 han disminuido.<\/p>\n\n\n\n<p>El <strong>90% del total exportado de varietales de Cabernet Sauvignon corresponde a varietal puro <\/strong>y 10% a cortes con otras variedades. La participaci\u00f3n de vinos Cabernet Sauvignon y sus cortes en el volumen total de varietales exportados ha disminuido desde 2014. Ese a\u00f1o este varietal concentraba el 14,4% del total, mientras que en 2023 alcanz\u00f3 el 10,3%.Tanto los varietales puros de Cabernet Sauvignon como sus cortes han disminuido en el mercado externo respecto al a\u00f1o 2014 un 42,8% y 50,6% respectivamente.<\/p>\n\n\n\n<p>El precio medio obtenido por el Cabernet Sauvignon (puro+cortes) en las exportaciones de 2023 fue de 3,87 d\u00f3lares por litro, un 2,4% mayor al del a\u00f1o anterior.<\/p>\n\n\n\n<p>El principal destino de los vinos varietales puros Cabernet Sauvignon en 2023 fue Estados Unidos, seguido por Brasil, luego figuran Canad\u00e1 y M\u00e9xico. En tanto que, para el Cabernet Sauvignon con cortes los principales destinatarios fueron: Brasil, Estados Unidos, Suecia y M\u00e9xico.<\/p>\n\n\n\n<div style=\"height:30px\" aria-hidden=\"true\" class=\"wp-block-spacer\"><\/div>\n\n\n<div class=\"wp-block-image\">\n<figure class=\"aligncenter size-full is-resized\"><a href=\"https:\/\/enolife.com.ar\/es\/wp-content\/uploads\/2024\/08\/Imagen10-7.jpg\" data-rel=\"penci-gallery-image-content\" ><img loading=\"lazy\" decoding=\"async\" src=\"https:\/\/enolife.com.ar\/es\/wp-content\/uploads\/2024\/08\/Imagen10-7.jpg\" alt=\"\" class=\"wp-image-123172\" width=\"673\" height=\"450\" srcset=\"https:\/\/enolife.com.ar\/es\/wp-content\/uploads\/2024\/08\/Imagen10-7.jpg 805w, https:\/\/enolife.com.ar\/es\/wp-content\/uploads\/2024\/08\/Imagen10-7-300x200.jpg 300w, https:\/\/enolife.com.ar\/es\/wp-content\/uploads\/2024\/08\/Imagen10-7-768x513.jpg 768w, https:\/\/enolife.com.ar\/es\/wp-content\/uploads\/2024\/08\/Imagen10-7-585x391.jpg 585w\" sizes=\"auto, (max-width: 673px) 100vw, 673px\" \/><\/a><\/figure><\/div>\n\n\n<div style=\"height:30px\" aria-hidden=\"true\" class=\"wp-block-spacer\"><\/div>\n\n\n<div class=\"wp-block-image\">\n<figure class=\"aligncenter size-full is-resized\"><a href=\"https:\/\/enolife.com.ar\/es\/wp-content\/uploads\/2024\/08\/image-115.png\" data-rel=\"penci-gallery-image-content\" ><img loading=\"lazy\" decoding=\"async\" src=\"https:\/\/enolife.com.ar\/es\/wp-content\/uploads\/2024\/08\/image-115.png\" alt=\"\" class=\"wp-image-123170\" width=\"512\" height=\"326\" srcset=\"https:\/\/enolife.com.ar\/es\/wp-content\/uploads\/2024\/08\/image-115.png 603w, https:\/\/enolife.com.ar\/es\/wp-content\/uploads\/2024\/08\/image-115-300x191.png 300w, https:\/\/enolife.com.ar\/es\/wp-content\/uploads\/2024\/08\/image-115-585x373.png 585w\" sizes=\"auto, (max-width: 512px) 100vw, 512px\" \/><\/a><\/figure><\/div>\n\n\n<div style=\"height:30px\" aria-hidden=\"true\" class=\"wp-block-spacer\"><\/div>\n\n\n<div class=\"wp-block-image\">\n<figure class=\"aligncenter size-full is-resized\"><a href=\"https:\/\/enolife.com.ar\/es\/wp-content\/uploads\/2024\/08\/image-116.png\" data-rel=\"penci-gallery-image-content\" ><img loading=\"lazy\" decoding=\"async\" src=\"https:\/\/enolife.com.ar\/es\/wp-content\/uploads\/2024\/08\/image-116.png\" alt=\"\" class=\"wp-image-123171\" width=\"638\" height=\"373\" srcset=\"https:\/\/enolife.com.ar\/es\/wp-content\/uploads\/2024\/08\/image-116.png 746w, https:\/\/enolife.com.ar\/es\/wp-content\/uploads\/2024\/08\/image-116-300x175.png 300w, https:\/\/enolife.com.ar\/es\/wp-content\/uploads\/2024\/08\/image-116-585x342.png 585w\" sizes=\"auto, (max-width: 638px) 100vw, 638px\" \/><\/a><\/figure><\/div>\n\n\n<div style=\"height:30px\" aria-hidden=\"true\" class=\"wp-block-spacer\"><\/div>\n\n\n\n<div class=\"wp-block-group is-content-justification-center is-nowrap is-layout-flex wp-container-core-group-is-layout-94bc23d7 wp-block-group-is-layout-flex\">\n<figure class=\"wp-block-image size-full is-resized\"><a href=\"https:\/\/enolife.com.ar\/es\/wp-content\/uploads\/2024\/08\/image-117.png\" data-rel=\"penci-gallery-image-content\" ><img loading=\"lazy\" decoding=\"async\" src=\"https:\/\/enolife.com.ar\/es\/wp-content\/uploads\/2024\/08\/image-117.png\" alt=\"\" class=\"wp-image-123174\" width=\"433\" height=\"417\" srcset=\"https:\/\/enolife.com.ar\/es\/wp-content\/uploads\/2024\/08\/image-117.png 608w, https:\/\/enolife.com.ar\/es\/wp-content\/uploads\/2024\/08\/image-117-300x289.png 300w, https:\/\/enolife.com.ar\/es\/wp-content\/uploads\/2024\/08\/image-117-585x563.png 585w\" sizes=\"auto, (max-width: 433px) 100vw, 433px\" \/><\/a><\/figure>\n\n\n\n<figure class=\"wp-block-image size-full is-resized\"><a href=\"https:\/\/enolife.com.ar\/es\/wp-content\/uploads\/2024\/08\/image-118.png\" data-rel=\"penci-gallery-image-content\" ><img loading=\"lazy\" decoding=\"async\" src=\"https:\/\/enolife.com.ar\/es\/wp-content\/uploads\/2024\/08\/image-118.png\" alt=\"\" class=\"wp-image-123175\" width=\"431\" height=\"427\" srcset=\"https:\/\/enolife.com.ar\/es\/wp-content\/uploads\/2024\/08\/image-118.png 590w, https:\/\/enolife.com.ar\/es\/wp-content\/uploads\/2024\/08\/image-118-300x297.png 300w, https:\/\/enolife.com.ar\/es\/wp-content\/uploads\/2024\/08\/image-118-150x150.png 150w, https:\/\/enolife.com.ar\/es\/wp-content\/uploads\/2024\/08\/image-118-585x580.png 585w\" sizes=\"auto, (max-width: 431px) 100vw, 431px\" \/><\/a><\/figure>\n<\/div>\n\n\n\n<div style=\"height:35px\" aria-hidden=\"true\" class=\"wp-block-spacer\"><\/div>\n\n\n\n<p class=\"has-medium-font-size\"><strong>Principales cortes de vino Cabernet Sauvignon &#8211; mercado externo<\/strong><\/p>\n\n\n\n<p>El <strong>principal corte exportado<\/strong> en 2023 de Cabernet Sauvignon como primer varietal es <strong>Cabernet Sauvignon-Malbec<\/strong> (62,9% del volumen y 59,7% del valor), seguido por Cabernet Sauvignon-Bonarda-Malbec (9% volumen y 1,5% valor) y el Cabernet Sauvignon-Syrah (9% volumen y 8,6% valor).<\/p>\n\n\n\n<p>En cuanto a la modalidad de env\u00edo de los vinos varietales elaborados con la variedad Cabernet Sauvignon, predominan los env\u00edos fraccionados respecto al granel. <strong>El 96%<\/strong> del total de vinos varietales exportados en 2023 de Cabernet Sauvignon (puro+cortes) fueron <strong>fraccionados<\/strong>.<\/p>\n\n\n\n<p>El fraccionado viene aumentando sus ventas desde el a\u00f1o 2019, aunque cay\u00f3 un 20,2% en el \u00faltimo a\u00f1o respecto al a\u00f1o anterior. El vino Cabernet Sauvignon (puro+cortes) fraccionado, cay\u00f3 un 23,6% en relaci\u00f3n a lo exportado en 2014 y el valor FOB disminuy\u00f3 26%.<\/p>\n\n\n\n<div style=\"height:30px\" aria-hidden=\"true\" class=\"wp-block-spacer\"><\/div>\n\n\n<div class=\"wp-block-image\">\n<figure class=\"aligncenter size-large is-resized\"><a href=\"https:\/\/enolife.com.ar\/es\/wp-content\/uploads\/2024\/08\/Imagen11-6.jpg\" data-rel=\"penci-gallery-image-content\" ><img loading=\"lazy\" decoding=\"async\" src=\"https:\/\/enolife.com.ar\/es\/wp-content\/uploads\/2024\/08\/Imagen11-6-1024x1019.jpg\" alt=\"\" class=\"wp-image-123178\" width=\"766\" height=\"761\" srcset=\"https:\/\/enolife.com.ar\/es\/wp-content\/uploads\/2024\/08\/Imagen11-6-1024x1019.jpg 1024w, https:\/\/enolife.com.ar\/es\/wp-content\/uploads\/2024\/08\/Imagen11-6-150x150.jpg 150w, https:\/\/enolife.com.ar\/es\/wp-content\/uploads\/2024\/08\/Imagen11-6-768x764.jpg 768w, https:\/\/enolife.com.ar\/es\/wp-content\/uploads\/2024\/08\/Imagen11-6-585x582.jpg 585w, https:\/\/enolife.com.ar\/es\/wp-content\/uploads\/2024\/08\/Imagen11-6.jpg 1088w\" sizes=\"auto, (max-width: 766px) 100vw, 766px\" \/><\/a><\/figure><\/div>\n\n\n<div style=\"height:30px\" aria-hidden=\"true\" class=\"wp-block-spacer\"><\/div>\n\n\n<div class=\"wp-block-image\">\n<figure class=\"aligncenter size-large is-resized\"><a href=\"https:\/\/enolife.com.ar\/es\/wp-content\/uploads\/2024\/08\/Imagen12-6.jpg\" data-rel=\"penci-gallery-image-content\" ><img loading=\"lazy\" decoding=\"async\" src=\"https:\/\/enolife.com.ar\/es\/wp-content\/uploads\/2024\/08\/Imagen12-6-1024x607.jpg\" alt=\"\" class=\"wp-image-123179\" width=\"730\" height=\"432\" srcset=\"https:\/\/enolife.com.ar\/es\/wp-content\/uploads\/2024\/08\/Imagen12-6-1024x607.jpg 1024w, https:\/\/enolife.com.ar\/es\/wp-content\/uploads\/2024\/08\/Imagen12-6-300x178.jpg 300w, https:\/\/enolife.com.ar\/es\/wp-content\/uploads\/2024\/08\/Imagen12-6-768x455.jpg 768w, https:\/\/enolife.com.ar\/es\/wp-content\/uploads\/2024\/08\/Imagen12-6-585x347.jpg 585w, https:\/\/enolife.com.ar\/es\/wp-content\/uploads\/2024\/08\/Imagen12-6.jpg 1049w\" sizes=\"auto, (max-width: 730px) 100vw, 730px\" \/><\/a><\/figure><\/div>\n\n\n<div style=\"height:30px\" aria-hidden=\"true\" class=\"wp-block-spacer\"><\/div>\n\n\n<div class=\"wp-block-image\">\n<figure class=\"aligncenter size-full is-resized\"><a href=\"https:\/\/enolife.com.ar\/es\/wp-content\/uploads\/2024\/08\/image-120.png\" data-rel=\"penci-gallery-image-content\" ><img loading=\"lazy\" decoding=\"async\" src=\"https:\/\/enolife.com.ar\/es\/wp-content\/uploads\/2024\/08\/image-120.png\" alt=\"\" class=\"wp-image-123180\" width=\"559\" height=\"374\" srcset=\"https:\/\/enolife.com.ar\/es\/wp-content\/uploads\/2024\/08\/image-120.png 741w, https:\/\/enolife.com.ar\/es\/wp-content\/uploads\/2024\/08\/image-120-300x201.png 300w, https:\/\/enolife.com.ar\/es\/wp-content\/uploads\/2024\/08\/image-120-585x392.png 585w\" sizes=\"auto, (max-width: 559px) 100vw, 559px\" \/><\/a><\/figure><\/div>\n\n\n<div style=\"height:30px\" aria-hidden=\"true\" class=\"wp-block-spacer\"><\/div>\n","protected":false},"excerpt":{"rendered":"<p>El \u00faltimo jueves de agosto de cada a\u00f1o se celebra esta jornada para homenajear a&hellip;<\/p>\n","protected":false},"author":3,"featured_media":123193,"comment_status":"open","ping_status":"open","sticky":false,"template":"","format":"standard","meta":{"footnotes":""},"categories":[56,9],"tags":[],"class_list":["post-123125","post","type-post","status-publish","format-standard","has-post-thumbnail","hentry","category-destacado","category-negocios"],"_links":{"self":[{"href":"https:\/\/enolife.com.ar\/es\/wp-json\/wp\/v2\/posts\/123125","targetHints":{"allow":["GET"]}}],"collection":[{"href":"https:\/\/enolife.com.ar\/es\/wp-json\/wp\/v2\/posts"}],"about":[{"href":"https:\/\/enolife.com.ar\/es\/wp-json\/wp\/v2\/types\/post"}],"author":[{"embeddable":true,"href":"https:\/\/enolife.com.ar\/es\/wp-json\/wp\/v2\/users\/3"}],"replies":[{"embeddable":true,"href":"https:\/\/enolife.com.ar\/es\/wp-json\/wp\/v2\/comments?post=123125"}],"version-history":[{"count":0,"href":"https:\/\/enolife.com.ar\/es\/wp-json\/wp\/v2\/posts\/123125\/revisions"}],"wp:featuredmedia":[{"embeddable":true,"href":"https:\/\/enolife.com.ar\/es\/wp-json\/wp\/v2\/media\/123193"}],"wp:attachment":[{"href":"https:\/\/enolife.com.ar\/es\/wp-json\/wp\/v2\/media?parent=123125"}],"wp:term":[{"taxonomy":"category","embeddable":true,"href":"https:\/\/enolife.com.ar\/es\/wp-json\/wp\/v2\/categories?post=123125"},{"taxonomy":"post_tag","embeddable":true,"href":"https:\/\/enolife.com.ar\/es\/wp-json\/wp\/v2\/tags?post=123125"}],"curies":[{"name":"wp","href":"https:\/\/api.w.org\/{rel}","templated":true}]}}