{"id":123089,"date":"2024-08-28T15:29:11","date_gmt":"2024-08-28T15:29:11","guid":{"rendered":"https:\/\/enolife.com.ar\/es\/?p=123089"},"modified":"2024-08-30T22:34:40","modified_gmt":"2024-08-30T22:34:40","slug":"dubai-se-interesa-por-invertir-en-mendoza-e-importar-tecnologia-alimentos-y-vinos","status":"publish","type":"post","link":"https:\/\/enolife.com.ar\/es\/dubai-se-interesa-por-invertir-en-mendoza-e-importar-tecnologia-alimentos-y-vinos\/","title":{"rendered":"Dubai se interesa por invertir en Mendoza e importar tecnolog\u00eda, alimentos y vinos"},"content":{"rendered":"\n<h4 class=\"wp-block-heading\"><em><strong>El 26\/8\/24, Mohammad Al Kasim, director regional para Am\u00e9rica y Europa de la empresa importadora Dubai Chambers, visit\u00f3 Mendoza con el objetivo de conocer la oferta exportable de la provincia, particularmente productos tecnol\u00f3gicos, agr\u00edcolas y vitivin\u00edcolas. Con 5 millones de habitantes de alto poder adquisitivo y un movimiento anual de millones de turistas de todo el mundo, la ciudad-emirato de Dubai -uno de los 7 emiratos de los Emiratos \u00c1rabes Unidos- necesita proveerse de alimentos y otros insumos que no produce, por lo que ha puesto la mira en regiones productoras como Mendoza.<\/strong><\/em><strong><em> <\/em><\/strong><\/h4>\n\n\n\n<div style=\"height:35px\" aria-hidden=\"true\" class=\"wp-block-spacer\"><\/div>\n\n\n<a href=\"https:\/\/instagram.com\/labelsolutions?igshid=YmMyMTA2M2Y=\" aria-label=\"Banner Palero 1700&#215;500\"><img loading=\"lazy\" decoding=\"async\" src=\"https:\/\/enolife.com.ar\/es\/wp-content\/uploads\/2021\/09\/Banner-Palero-1700x500-1.gif\" alt=\"\"  width=\"1700\" height=\"500\"   \/><\/a>\n\n\n<div style=\"height:47px\" aria-hidden=\"true\" class=\"wp-block-spacer\"><\/div>\n\n\n\n<p>El pasado lunes 26 de agosto visitaron las oficinas de <strong>ProMendoza<\/strong> -la entidad gubernamental encargada de promover los productos mendocinos en el mundo- <strong>Mohammad Al Kassim<\/strong>, director regional para <strong>Am\u00e9rica<\/strong> y <strong>Europa<\/strong> de <strong>Dubai Chambers<\/strong>, y <strong>Mart\u00edn Ridley<\/strong>, representante en <strong>Argentina<\/strong> de esa empresa importadora. El objetivo de los visitantes fue conocer a <strong>Mendoza<\/strong> como destino de inversiones y conocer a representantes de pymes locales de los rubros de alimentos y tecnolog\u00eda.<\/p>\n\n\n\n<div style=\"height:34px\" aria-hidden=\"true\" class=\"wp-block-spacer\"><\/div>\n\n\n<div class=\"wp-block-image\">\n<figure class=\"aligncenter size-full is-resized\"><a href=\"https:\/\/enolife.com.ar\/es\/wp-content\/uploads\/2024\/08\/ddef0fa0-c981-2370-43f7-f0c3e918856b2.jpg\" data-rel=\"penci-gallery-image-content\" ><img loading=\"lazy\" decoding=\"async\" src=\"https:\/\/enolife.com.ar\/es\/wp-content\/uploads\/2024\/08\/ddef0fa0-c981-2370-43f7-f0c3e918856b2.jpg\" alt=\"\" class=\"wp-image-123110\" width=\"326\" height=\"228\" srcset=\"https:\/\/enolife.com.ar\/es\/wp-content\/uploads\/2024\/08\/ddef0fa0-c981-2370-43f7-f0c3e918856b2.jpg 573w, https:\/\/enolife.com.ar\/es\/wp-content\/uploads\/2024\/08\/ddef0fa0-c981-2370-43f7-f0c3e918856b2-300x210.jpg 300w\" sizes=\"auto, (max-width: 326px) 100vw, 326px\" \/><\/a><\/figure><\/div>\n\n\n<div style=\"height:37px\" aria-hidden=\"true\" class=\"wp-block-spacer\"><\/div>\n\n\n\n<p>En representaci\u00f3n de ProMendoza estuvieron presentes <strong>Santiago Laugero<\/strong>, vicepresidente 2\u00ba de la Fundaci\u00f3n; <strong>Fernando Urdaniz<\/strong>, coordinador de Promoci\u00f3n Comercial; <strong>Gerardo Arribas<\/strong>, responsable del sector Frescos; <strong>Nicol\u00e1s Piazza<\/strong>, titular de Negociaciones Internacionales y <strong>Luciano Romero<\/strong>, quien tuvo a cargo la presentaci\u00f3n.<\/p>\n\n\n\n<p>Asistieron, adem\u00e1s, <strong>Magdalena Pesce<\/strong>, gerente de <strong>Wines of Argentina<\/strong> y empresarios de la provincia interesados en hacer negocios en el mercado de Emiratos \u00c1rabes Unidos, vendiendo sus productos o servicios. Asistieron <strong>Roberto Ag\u00fcero<\/strong> de <strong>Bianco y Nero<\/strong>; <strong>Pablo Ingrassia<\/strong> de <strong>Aconcagua Software Factory<\/strong>; <strong>Daniel Camacho<\/strong> de <strong>Nevada Argentina<\/strong> y de la <strong>C\u00e1mara de Comercio Exterior de Cuyo<\/strong>; <strong>Marcos Barroud<\/strong> de <strong>Presidente<\/strong>; <strong>Daniel Barbadillo<\/strong> de <strong>Pietrelli<\/strong>; <strong>Alejandro Rodr\u00edguez<\/strong> de <strong>Bioagil<\/strong>; <strong>Pablo Micelli<\/strong> de <strong>S\u00edntesis<\/strong> y <strong>Juan Pablo Moldero<\/strong> de <strong>Itiers<\/strong>.<\/p>\n\n\n\n<div style=\"height:40px\" aria-hidden=\"true\" class=\"wp-block-spacer\"><\/div>\n\n\n<div class=\"wp-block-image\">\n<figure class=\"aligncenter size-full is-resized\"><a href=\"https:\/\/enolife.com.ar\/es\/wp-content\/uploads\/2024\/08\/bd120bec-dae3-755b-c9c5-9e4eb3c79978.jpg\" data-rel=\"penci-gallery-image-content\" ><img loading=\"lazy\" decoding=\"async\" src=\"https:\/\/enolife.com.ar\/es\/wp-content\/uploads\/2024\/08\/bd120bec-dae3-755b-c9c5-9e4eb3c79978.jpg\" alt=\"\" class=\"wp-image-123109\" width=\"323\" height=\"216\" srcset=\"https:\/\/enolife.com.ar\/es\/wp-content\/uploads\/2024\/08\/bd120bec-dae3-755b-c9c5-9e4eb3c79978.jpg 600w, https:\/\/enolife.com.ar\/es\/wp-content\/uploads\/2024\/08\/bd120bec-dae3-755b-c9c5-9e4eb3c79978-300x201.jpg 300w, https:\/\/enolife.com.ar\/es\/wp-content\/uploads\/2024\/08\/bd120bec-dae3-755b-c9c5-9e4eb3c79978-585x391.jpg 585w\" sizes=\"auto, (max-width: 323px) 100vw, 323px\" \/><\/a><\/figure><\/div>\n\n\n<div style=\"height:37px\" aria-hidden=\"true\" class=\"wp-block-spacer\"><\/div>\n\n\n\n<p>Al culminar la reuni\u00f3n, Ridley coment\u00f3: <em>\u00abPara nosotros, Mendoza es una provincia de mucho inter\u00e9s, vemos potencial de negocios en compa\u00f1\u00edas con las que estuvimos reunidos hoy, que pueden exportar productos, servicios y tecnolog\u00edas. Queremos invitar a todas las empresas y empresarios a que se animen a pensar en Dubai como parte de su plan de expansi\u00f3n internacional, tanto para vender en los Emiratos o como destino de reexportaci\u00f3n a la Regi\u00f3n\u00bb.<\/em><\/p>\n\n\n\n<div style=\"height:21px\" aria-hidden=\"true\" class=\"wp-block-spacer\"><\/div>\n\n\n\n<blockquote class=\"wp-block-quote is-layout-flow wp-block-quote-is-layout-flow\">\n<p>Dubai est\u00e1 a cuatro horas de casi dos terceras partes de la poblaci\u00f3n mundial, de cuatro mil millones de personas, ese es el mercado que gira en torno a nosotros. Es por eso que hay que pensar en Dubai como un hub para hacer negocios desde y a trav\u00e9s de \u00e9l\u00bb.<\/p>\n<cite>Mart\u00edn Ridley, representante en Argentina de Dubai Chambers.<\/cite><\/blockquote>\n\n\n\n<div style=\"height:24px\" aria-hidden=\"true\" class=\"wp-block-spacer\"><\/div>\n\n\n\n<p>Por su parte, Fernando Urdaniz, expres\u00f3:<em> \u00abVemos posibilidades de cooperaci\u00f3n y alianza estrat\u00e9gica con algunos socios locales; hoy presentamos a Mendoza como destino de inversi\u00f3n y tambi\u00e9n mostramos nuestra oferta exportable con la presencia de pymes que tienen productos muy requeridos en los Emiratos. Estamos conversando sobre una posible agenda para febrero, cuando visitemos la <strong>Gulfood<\/strong> en Dubai y retomemos el proyecto de abrir un hub log\u00edstico en la zona franca en Dubai\u00bb.<\/em><\/p>\n\n\n\n<div style=\"height:21px\" aria-hidden=\"true\" class=\"wp-block-spacer\"><\/div>\n\n\n\n<p class=\"has-cyan-bluish-gray-background-color has-background\">Es importante aclarar que Mendoza vende anualmente a Dubai un total de 5 millones de d\u00f3lares, lo que representa 1,5 millones de kilos de productos mendocinos. Se destacan, dentro de los productos primarios, las frutas de carozo y las peras. Dentro de los productos de origen agropecuario se destacan el vino y las frutas secas.<\/p>\n\n\n\n<div style=\"height:22px\" aria-hidden=\"true\" class=\"wp-block-spacer\"><\/div>\n\n\n\n<p>Vale destacar que actualmente Mohammad Al Kassim se desempe\u00f1a como director regional para Am\u00e9rica y Europa en C\u00e1maras de Dubai. En este rol, apoya a empresas de Europa, Estados Unidos y Latinoam\u00e9rica mediante su amplia red y las vincula con instituciones financieras, inversores, clientes, proveedores, socios y varios organismos gubernamentales emirat\u00edes. Sus esfuerzos se centran en facilitar el mercado de entrada y expansi\u00f3n de estas empresas en \u00c1frica, Asia y Medio Oriente a trav\u00e9s de Dubai como plataforma central estrat\u00e9gica.<\/p>\n\n\n\n<div style=\"height:31px\" aria-hidden=\"true\" class=\"wp-block-spacer\"><\/div>\n","protected":false},"excerpt":{"rendered":"<p>El 26\/8\/24, Mohammad Al Kasim, director regional para Am\u00e9rica y Europa de la empresa importadora&hellip;<\/p>\n","protected":false},"author":3,"featured_media":123106,"comment_status":"open","ping_status":"open","sticky":false,"template":"","format":"standard","meta":{"footnotes":""},"categories":[14],"tags":[],"class_list":["post-123089","post","type-post","status-publish","format-standard","has-post-thumbnail","hentry","category-news"],"_links":{"self":[{"href":"https:\/\/enolife.com.ar\/es\/wp-json\/wp\/v2\/posts\/123089","targetHints":{"allow":["GET"]}}],"collection":[{"href":"https:\/\/enolife.com.ar\/es\/wp-json\/wp\/v2\/posts"}],"about":[{"href":"https:\/\/enolife.com.ar\/es\/wp-json\/wp\/v2\/types\/post"}],"author":[{"embeddable":true,"href":"https:\/\/enolife.com.ar\/es\/wp-json\/wp\/v2\/users\/3"}],"replies":[{"embeddable":true,"href":"https:\/\/enolife.com.ar\/es\/wp-json\/wp\/v2\/comments?post=123089"}],"version-history":[{"count":0,"href":"https:\/\/enolife.com.ar\/es\/wp-json\/wp\/v2\/posts\/123089\/revisions"}],"wp:featuredmedia":[{"embeddable":true,"href":"https:\/\/enolife.com.ar\/es\/wp-json\/wp\/v2\/media\/123106"}],"wp:attachment":[{"href":"https:\/\/enolife.com.ar\/es\/wp-json\/wp\/v2\/media?parent=123089"}],"wp:term":[{"taxonomy":"category","embeddable":true,"href":"https:\/\/enolife.com.ar\/es\/wp-json\/wp\/v2\/categories?post=123089"},{"taxonomy":"post_tag","embeddable":true,"href":"https:\/\/enolife.com.ar\/es\/wp-json\/wp\/v2\/tags?post=123089"}],"curies":[{"name":"wp","href":"https:\/\/api.w.org\/{rel}","templated":true}]}}