{"id":123039,"date":"2024-08-27T23:43:27","date_gmt":"2024-08-27T23:43:27","guid":{"rendered":"https:\/\/enolife.com.ar\/es\/?p=123039"},"modified":"2024-08-28T15:54:01","modified_gmt":"2024-08-28T15:54:01","slug":"como-calibrar-un-equipo-pulverizador-capacitacion-gratuita-del-iscamen-en-rivadavia-el-28-8-24","status":"publish","type":"post","link":"https:\/\/enolife.com.ar\/es\/como-calibrar-un-equipo-pulverizador-capacitacion-gratuita-del-iscamen-en-rivadavia-el-28-8-24\/","title":{"rendered":"C\u00f3mo calibrar un equipo pulverizador: capacitaci\u00f3n gratuita del Iscamen en Rivadavia el 28\/8\/24"},"content":{"rendered":"\n<h4 class=\"wp-block-heading\"><em><strong>Los d\u00edas 27\/8 en Luj\u00e1n de Cuyo, y ma\u00f1ana 28\/8 en Bodega Titarelli de Rivadavia, se est\u00e1n realizando dos talleres te\u00f3rico-pr\u00e1cticos gratuitos impartido por t\u00e9cnicos del Instituto de Sanidad y Calidad Agropecuaria Mendoza (Iscamen). Una tarea clave para el control de plagas.<\/strong><\/em><\/h4>\n\n\n\n<div style=\"height:35px\" aria-hidden=\"true\" class=\"wp-block-spacer\"><\/div>\n\n\n<a href=\"http:\/\/www.quiminsa.com.ar\/\" aria-label=\"banner quiminsa b 1700&#215;500\"><img loading=\"lazy\" decoding=\"async\" src=\"https:\/\/enolife.com.ar\/es\/wp-content\/uploads\/2022\/04\/banner-quiminsa-b-1700x500-1.jpg\" alt=\"\"  srcset=\"https:\/\/enolife.com.ar\/es\/wp-content\/uploads\/2022\/04\/banner-quiminsa-b-1700x500-1.jpg 1700w, https:\/\/enolife.com.ar\/es\/wp-content\/uploads\/2022\/04\/banner-quiminsa-b-1700x500-1-300x88.jpg 300w, https:\/\/enolife.com.ar\/es\/wp-content\/uploads\/2022\/04\/banner-quiminsa-b-1700x500-1-1024x301.jpg 1024w, https:\/\/enolife.com.ar\/es\/wp-content\/uploads\/2022\/04\/banner-quiminsa-b-1700x500-1-768x226.jpg 768w, https:\/\/enolife.com.ar\/es\/wp-content\/uploads\/2022\/04\/banner-quiminsa-b-1700x500-1-1536x452.jpg 1536w, https:\/\/enolife.com.ar\/es\/wp-content\/uploads\/2022\/04\/banner-quiminsa-b-1700x500-1-1170x344.jpg 1170w, https:\/\/enolife.com.ar\/es\/wp-content\/uploads\/2022\/04\/banner-quiminsa-b-1700x500-1-585x172.jpg 585w\" sizes=\"auto, (max-width: 1700px) 100vw, 1700px\" width=\"1700\" height=\"500\"   \/><\/a>\n\n\n<div style=\"height:45px\" aria-hidden=\"true\" class=\"wp-block-spacer\"><\/div>\n\n\n\n<p>El <strong>Instituto de Sanidad y Calidad Agropecuaria Mendoza (Iscamen)<\/strong> informa que el martes 27 y el mi\u00e9rcoles 28 de agosto, sus t\u00e9cnicos dictar\u00e1n dos capacitaciones gratuitas sobre calibraci\u00f3n de equipo pulverizador, dirigidas a tractoristas, encargados, productores vit\u00edcolas, t\u00e9cnicos y personas interesadas.<\/p>\n\n\n\n<p>La primera jornada se desarroll\u00f3 hoy 27\/8 en la <strong>Finca Agrelo<\/strong>, ubicada en la Ruta Provincial 86, Km 7,2, Alto Agrelo, Luj\u00e1n de Cuyo, e incluy\u00f3 dos momentos: de 9 a 10.30 hs, la parte te\u00f3rica, y de 11 a 13 hs, la instancia pr\u00e1ctica sobre el equipo pulverizador.<\/p>\n\n\n\n<p>Asimismo, ma\u00f1ana jueves 28\/8, esta capacitaci\u00f3n se replicar\u00e1 en la <strong>Bodega Tittarelli<\/strong> de calle Florida s\/n, La Forestal, Rivadavia, de igual manera. Es decir, de 8.30 hs a 10.30 hs la parte te\u00f3rica, y la pr\u00e1ctica sobre el equipo pulverizador, de 11 hs a 13 hs.<\/p>\n\n\n\n<p>La calibraci\u00f3n de la maquinaria es la <strong>puesta a punto de todos los elemento<\/strong>s comprometidos en la pulverizaci\u00f3n, siendo de fundamental importancia para la eficiencia t\u00e9cnica y econ\u00f3mica de los tratamientos de <strong>control de plagas.<\/strong><\/p>\n\n\n\n<div style=\"height:21px\" aria-hidden=\"true\" class=\"wp-block-spacer\"><\/div>\n\n\n\n<p class=\"has-background\" style=\"background-color:#abb7c261\"><strong>Inscripciones para el taller de Luj\u00e1n de Cuyo: <a href=\"https:\/\/docs.google.com\/forms\/d\/e\/1FAIpQLScgKiPR9AicYR-EtFCjqT1CUb6lagMasn_KEbfMgQCfW_znqg\/viewform\" title=\"\">AQU\u00cd <\/a>&#8211; Inscripciones para el taller en Rivadavia <a href=\"https:\/\/docs.google.com\/forms\/d\/10oc-vR37aTusHVAXQlagJWH3a4CKpsAZExI2EyYK8ls\/viewform?edit_requested=true\" title=\"\">AQU\u00cd <\/a><\/strong><\/p>\n\n\n\n<div style=\"height:30px\" aria-hidden=\"true\" class=\"wp-block-spacer\"><\/div>\n","protected":false},"excerpt":{"rendered":"<p>Los d\u00edas 27\/8 en Luj\u00e1n de Cuyo, y ma\u00f1ana 28\/8 en Bodega Titarelli de Rivadavia,&hellip;<\/p>\n","protected":false},"author":3,"featured_media":123045,"comment_status":"open","ping_status":"open","sticky":false,"template":"","format":"standard","meta":{"footnotes":""},"categories":[47],"tags":[],"class_list":["post-123039","post","type-post","status-publish","format-standard","has-post-thumbnail","hentry","category-agenda"],"_links":{"self":[{"href":"https:\/\/enolife.com.ar\/es\/wp-json\/wp\/v2\/posts\/123039","targetHints":{"allow":["GET"]}}],"collection":[{"href":"https:\/\/enolife.com.ar\/es\/wp-json\/wp\/v2\/posts"}],"about":[{"href":"https:\/\/enolife.com.ar\/es\/wp-json\/wp\/v2\/types\/post"}],"author":[{"embeddable":true,"href":"https:\/\/enolife.com.ar\/es\/wp-json\/wp\/v2\/users\/3"}],"replies":[{"embeddable":true,"href":"https:\/\/enolife.com.ar\/es\/wp-json\/wp\/v2\/comments?post=123039"}],"version-history":[{"count":0,"href":"https:\/\/enolife.com.ar\/es\/wp-json\/wp\/v2\/posts\/123039\/revisions"}],"wp:featuredmedia":[{"embeddable":true,"href":"https:\/\/enolife.com.ar\/es\/wp-json\/wp\/v2\/media\/123045"}],"wp:attachment":[{"href":"https:\/\/enolife.com.ar\/es\/wp-json\/wp\/v2\/media?parent=123039"}],"wp:term":[{"taxonomy":"category","embeddable":true,"href":"https:\/\/enolife.com.ar\/es\/wp-json\/wp\/v2\/categories?post=123039"},{"taxonomy":"post_tag","embeddable":true,"href":"https:\/\/enolife.com.ar\/es\/wp-json\/wp\/v2\/tags?post=123039"}],"curies":[{"name":"wp","href":"https:\/\/api.w.org\/{rel}","templated":true}]}}