{"id":123017,"date":"2024-08-26T16:07:13","date_gmt":"2024-08-26T16:07:13","guid":{"rendered":"https:\/\/enolife.com.ar\/es\/?p=123017"},"modified":"2024-08-27T13:48:44","modified_gmt":"2024-08-27T13:48:44","slug":"hasta-el-28-8-debaten-en-chilecito-lideres-de-59-cooperativas-agricolas-de-10-provincias-argentinas","status":"publish","type":"post","link":"https:\/\/enolife.com.ar\/es\/hasta-el-28-8-debaten-en-chilecito-lideres-de-59-cooperativas-agricolas-de-10-provincias-argentinas\/","title":{"rendered":"Hasta el 28\/8 debaten en Chilecito l\u00edderes de 59 cooperativas agr\u00edcolas de 10 provincias argentinas"},"content":{"rendered":"\n<h4 class=\"wp-block-heading\"><em><strong>Desde el lunes 26 de agosto y hasta el jueves 28 de agosto se lleva a cabo en Chilecito, La Rioja, la reuni\u00f3n de Consejo de Administraci\u00f3n de la Federaci\u00f3n de Cooperativas Federadas (Fecofe) de Argentina. All\u00ed se debaten los temas relacionados con la actividad cooperativa y adem\u00e1s se realiza un recorrido por empresas del medio, con la posibilidad de dialogar con diferentes representantes de los gobiernos de las 10 provincias que integran Fecofe.<\/strong><\/em><\/h4>\n\n\n\n<div style=\"height:35px\" aria-hidden=\"true\" class=\"wp-block-spacer\"><\/div>\n\n\n<a href=\"https:\/\/www.linkedin.com\/company\/agrinet-sa\/?originalSubdomain=ar\" aria-label=\"1700X500\"><img loading=\"lazy\" decoding=\"async\" src=\"https:\/\/enolife.com.ar\/es\/wp-content\/uploads\/2021\/11\/1700X500.gif\" alt=\"\"  width=\"1700\" height=\"500\"   \/><\/a>\n\n\n<div style=\"height:45px\" aria-hidden=\"true\" class=\"wp-block-spacer\"><\/div>\n\n\n\n<p>Fecofe es una cooperativa de cooperativas. Representa a <strong>cooperativas agr\u00edcolas ganaderas tradicionales y a cooperativas productoras de alimentos elaborados.<\/strong> Hoy cuenta con <strong>59 cooperativas asociadas<\/strong> en <strong>10 provincias (Buenos Aires, C\u00f3rdoba, La Pampa, Santa Fe, Salta, Chubut, La Rioja, Entre R\u00edos, Misiones y Mendoza<\/strong>), y muchas otras en proceso de asociaci\u00f3n, cubriendo un amplio espectro de<br>realidades socioecon\u00f3micas y productivas. <\/p>\n\n\n\n<p>Su raz\u00f3n de ser son las cooperativas y los peque\u00f1os y medianos productores asociados, comprometidos en pr\u00e1cticas de intercooperaci\u00f3n orientadas al agregado de valor en origen y contextualizadas en procesos de desarrollo territorial rural con industrializaci\u00f3n. Desempe\u00f1an acciones para financiar capital de trabajo e inversi\u00f3n productiva, para comercializaci\u00f3n, equipamiento, infraestructura y proyectos de valor agregado.&nbsp;Vinculan comercialmente a las cooperativas productoras de alimentos a trav\u00e9s de canales de comercializaci\u00f3n, que minimizan la intermediaci\u00f3n, acercando los productos cooperativos con los consumidores. Priorizan el progreso de los peque\u00f1os y medianos&nbsp; productores, as\u00ed como el acceso de los consumidores a una alimentaci\u00f3n sana a precios justos.<\/p>\n\n\n\n<div style=\"height:35px\" aria-hidden=\"true\" class=\"wp-block-spacer\"><\/div>\n\n\n\n<p class=\"has-medium-font-size\"><strong>La C\u00e1mara Riojana de Productores Agropecuarios cumpli\u00f3 51 a\u00f1os<\/strong><\/p>\n\n\n\n<p>La <strong>C\u00e1mara Riojana de Productores Agropecuarios (Carpa)<\/strong> festej\u00f3 el pasado domingo <strong>25 de agosto de 2024 sus 51 a\u00f1os de vida<\/strong>, un hecho m\u00e1s que importante para la comunidad riojana considerando que siempre resulta muy dif\u00edcil el trabajo en las instituciones y m\u00e1s a\u00fan en las gremiales empresariales.<\/p>\n\n\n\n<p>El <strong>25 de agosto de 1973<\/strong> se reunieron en el local de <strong>Cofilar<\/strong> un nutrido grupo de empresarios, productores y agricultores, quienes vieron la conveniencia y la posibilidad de agruparse en una entidad que los representara y defiendiera. Naci\u00f3 as\u00ed Carpa, la C\u00e1mara Riojana de Productores Agr\u00edcolas, que posteriormente pas\u00f3 a llamarse C\u00e1mara Riojana de Productores Agropecuarios a los efectos de poder albergar en su seno tambi\u00e9n a los productores pecuarios, como cabriteros, can\u00edculas, apicultores, etc\u00e9tera. En esa reuni\u00f3n se design\u00f3 como presidente de la novel instituci\u00f3n a Roberto Cohn y a los dem\u00e1s  miembros del consejo directivo, quienes se encargaron de establecer sus bases y objetivos. <\/p>\n\n\n\n<div style=\"height:30px\" aria-hidden=\"true\" class=\"wp-block-spacer\"><\/div>\n\n\n<div class=\"wp-block-image\">\n<figure class=\"aligncenter size-full is-resized\"><a href=\"https:\/\/enolife.com.ar\/es\/wp-content\/uploads\/2024\/08\/306534983.jpg\" data-rel=\"penci-gallery-image-content\" ><img loading=\"lazy\" decoding=\"async\" src=\"https:\/\/enolife.com.ar\/es\/wp-content\/uploads\/2024\/08\/306534983.jpg\" alt=\"\" class=\"wp-image-123026\" width=\"491\" height=\"312\" srcset=\"https:\/\/enolife.com.ar\/es\/wp-content\/uploads\/2024\/08\/306534983.jpg 629w, https:\/\/enolife.com.ar\/es\/wp-content\/uploads\/2024\/08\/306534983-300x191.jpg 300w, https:\/\/enolife.com.ar\/es\/wp-content\/uploads\/2024\/08\/306534983-585x372.jpg 585w\" sizes=\"auto, (max-width: 491px) 100vw, 491px\" \/><\/a><\/figure><\/div>\n\n\n<div style=\"height:30px\" aria-hidden=\"true\" class=\"wp-block-spacer\"><\/div>\n\n\n\n<p>La misi\u00f3n principal de la naciente Carpa fue \u201cagrupar a los productores de Chilecito y de toda la provincia de La Rioja en general\u201d. Esta entidad permite hoy una mayor vinculaci\u00f3n de los viticultores, fruticultores, olivicultores, horticultores, nogalicultores y productores en general y el conocimiento rec\u00edproco de sus necesidades y problemas, as\u00ed como la procuraci\u00f3n de las soluciones m\u00e1s adecuadas. <\/p>\n\n\n\n<p>La fuerza dada por sus primeros integrantes, el convencimiento de que en la uni\u00f3n est\u00e1 la fuerza, y la permanente lucha por solucionar las necesidades comunes, hicieron que esta entidad fuera ganando prestigio e importancia. <\/p>\n\n\n\n<p>Desde su nacimiento la C\u00e1mara Riojana de Productores Agropecuarios mantiene la convicci\u00f3n de la necesidad de trabajar por la superaci\u00f3n y jerarquizaci\u00f3n permanente de los productores agropecuarios, procurando conseguir la concreci\u00f3n de leyes, decretos, disposiciones y medidas oficiales necesarias para asegurar ese objetivo. Sus integrantes se apoyan en el convencimiento de que un sector no se salva solo, sino que es necesario el crecimiento conjunto de las diferentes actividades, y gestionar por mejorar la calidad de vida de todos los habitantes de la provincia de La Rioja.<\/p>\n\n\n\n<div style=\"height:32px\" aria-hidden=\"true\" class=\"wp-block-spacer\"><\/div>\n","protected":false},"excerpt":{"rendered":"<p>Desde el lunes 26 de agosto y hasta el jueves 28 de agosto se lleva&hellip;<\/p>\n","protected":false},"author":3,"featured_media":123028,"comment_status":"open","ping_status":"open","sticky":false,"template":"","format":"standard","meta":{"footnotes":""},"categories":[14],"tags":[],"class_list":["post-123017","post","type-post","status-publish","format-standard","has-post-thumbnail","hentry","category-news"],"_links":{"self":[{"href":"https:\/\/enolife.com.ar\/es\/wp-json\/wp\/v2\/posts\/123017","targetHints":{"allow":["GET"]}}],"collection":[{"href":"https:\/\/enolife.com.ar\/es\/wp-json\/wp\/v2\/posts"}],"about":[{"href":"https:\/\/enolife.com.ar\/es\/wp-json\/wp\/v2\/types\/post"}],"author":[{"embeddable":true,"href":"https:\/\/enolife.com.ar\/es\/wp-json\/wp\/v2\/users\/3"}],"replies":[{"embeddable":true,"href":"https:\/\/enolife.com.ar\/es\/wp-json\/wp\/v2\/comments?post=123017"}],"version-history":[{"count":0,"href":"https:\/\/enolife.com.ar\/es\/wp-json\/wp\/v2\/posts\/123017\/revisions"}],"wp:featuredmedia":[{"embeddable":true,"href":"https:\/\/enolife.com.ar\/es\/wp-json\/wp\/v2\/media\/123028"}],"wp:attachment":[{"href":"https:\/\/enolife.com.ar\/es\/wp-json\/wp\/v2\/media?parent=123017"}],"wp:term":[{"taxonomy":"category","embeddable":true,"href":"https:\/\/enolife.com.ar\/es\/wp-json\/wp\/v2\/categories?post=123017"},{"taxonomy":"post_tag","embeddable":true,"href":"https:\/\/enolife.com.ar\/es\/wp-json\/wp\/v2\/tags?post=123017"}],"curies":[{"name":"wp","href":"https:\/\/api.w.org\/{rel}","templated":true}]}}