{"id":122965,"date":"2024-10-30T17:53:55","date_gmt":"2024-10-30T17:53:55","guid":{"rendered":"https:\/\/enolife.com.ar\/es\/?p=122965"},"modified":"2024-11-01T06:47:15","modified_gmt":"2024-11-01T06:47:15","slug":"estudian-aplicar-en-vides-las-mismas-practicas-de-manipulacion-genetica-que-mejoran-el-tomate","status":"publish","type":"post","link":"https:\/\/enolife.com.ar\/es\/estudian-aplicar-en-vides-las-mismas-practicas-de-manipulacion-genetica-que-mejoran-el-tomate\/","title":{"rendered":"Estudian aplicar en vides las mismas pr\u00e1cticas de manipulaci\u00f3n gen\u00e9tica que mejoran el tomate"},"content":{"rendered":"\n<h4 class=\"wp-block-heading\"><em><strong>Un investigador de la Universidad de Valencia, Espa\u00f1a, propone trasladar a las vides las t\u00e9cnicas de modificaci\u00f3n gen\u00e9tica que se utilizan para obtener mejores tomates. Si bien la t\u00e9cnica investigada es una manipulaci\u00f3n de genes que altera el genoma de la vid, no se tratar\u00eda de una operaci\u00f3n transg\u00e9nica -prohibida en Europa- ya que no altera el organismo con la introducci\u00f3n de genes desde afuera.<\/strong><\/em><\/h4>\n\n\n\n<div style=\"height:35px\" aria-hidden=\"true\" class=\"wp-block-spacer\"><\/div>\n\n\n<a href=\"https:\/\/www.parsecsrl.net\/es\/extraccion-selectiva-tintos\/\" aria-label=\"banner1700x500-rev-9\"><img loading=\"lazy\" decoding=\"async\" src=\"https:\/\/enolife.com.ar\/es\/wp-content\/uploads\/2022\/04\/banner1700x500-rev-9.gif\" alt=\"\"  width=\"1700\" height=\"500\"   \/><\/a>\n\n\n<div style=\"height:45px\" aria-hidden=\"true\" class=\"wp-block-spacer\"><\/div>\n\n\n\n<p>El investigador <strong>Antonio Granell<\/strong>, del <strong>Instituto de Biolog\u00eda Molecular y Celular de Plantas de la Universidad Polit\u00e9cnica de Valencia (UPV)<\/strong>, en su estudio para el doctorado <strong>\u00abTomatoes and grapes: berry fruits with a biotech future (Tomates y uvas:  frutos rojos con futuro biotecnol\u00f3gico)\u00bb<\/strong>, ha propuesto una novedosa pero pol\u00e9mica t\u00e9cnica para tratar de mejorar la calidad de las uvas mediante manipulaci\u00f3n gen\u00e9tica.<\/p>\n\n\n\n<p>Granel explic\u00f3 que <em>\u201cel tomate es un fruto muy similar a la vid en algunos aspectos (los dos son bayas), lo que pasa es que el cultivo est\u00e1 muy lejos el uno del otro. Hay alg\u00fan proceso que es compartido y por lo tanto el conocimiento en un fruto se puede extrapolar al otro y aplicar lo al otro<\/em>\u201d.<\/p>\n\n\n\n<p>Su teor\u00eda se expuso en una de las conferencias de clausura de la <strong>Open International Conference on Grapevine Physiology and Biotechnology 2024 (Open-GPB2024<\/strong>)&nbsp;,&nbsp;organizada por el <strong>Instituto de Ciencias de la Vid y el Vino<\/strong> de <strong>Espa\u00f1a.<\/strong><\/p>\n\n\n\n<div style=\"height:17px\" aria-hidden=\"true\" class=\"wp-block-spacer\"><\/div>\n\n\n\n<h3 class=\"wp-block-heading has-white-background-color has-text-color has-background\" style=\"color:#43846c\">La Uni\u00f3n Europea (UE) tiene una legislaci\u00f3n prohibitiva que regula las pr\u00e1cticas biotecnol\u00f3gicas para obtener organismos transg\u00e9nicos. Sin embargo, en este caso no se tratar\u00eda de crear uvas transg\u00e9nicas, sino s\u00f3lo de modificar gen\u00e9ticamente vides pero sin introducir genes de otra planta.<\/h3>\n\n\n\n<div style=\"height:22px\" aria-hidden=\"true\" class=\"wp-block-spacer\"><\/div>\n\n\n\n<p>Sobre la similitud de las dos plantas, el profesor Granell detall\u00f3 que&nbsp;<em>\u201chay partes del metabolismo que son comunes, como la acumulaci\u00f3n de compuestos que van asociados a componentes del sabor y algunos otros que van asociados a algunos componentes de la salud, como, por ejemplo, los antocianos comparten rutas comunes\u201d.<\/em><\/p>\n\n\n\n<div style=\"height:30px\" aria-hidden=\"true\" class=\"wp-block-spacer\"><\/div>\n\n\n<div class=\"wp-block-image\">\n<figure class=\"aligncenter size-full is-resized\"><a href=\"https:\/\/enolife.com.ar\/es\/wp-content\/uploads\/2024\/08\/20240711\u2010ICVV\u2010Open\u2010GPB2024\u2010Unirioja-001.jpg\" data-rel=\"penci-gallery-image-content\" ><img loading=\"lazy\" decoding=\"async\" src=\"https:\/\/enolife.com.ar\/es\/wp-content\/uploads\/2024\/08\/20240711\u2010ICVV\u2010Open\u2010GPB2024\u2010Unirioja-001.jpg\" alt=\"\" class=\"wp-image-122968\" width=\"612\" height=\"397\" srcset=\"https:\/\/enolife.com.ar\/es\/wp-content\/uploads\/2024\/08\/20240711\u2010ICVV\u2010Open\u2010GPB2024\u2010Unirioja-001.jpg 770w, https:\/\/enolife.com.ar\/es\/wp-content\/uploads\/2024\/08\/20240711\u2010ICVV\u2010Open\u2010GPB2024\u2010Unirioja-001-300x195.jpg 300w, https:\/\/enolife.com.ar\/es\/wp-content\/uploads\/2024\/08\/20240711\u2010ICVV\u2010Open\u2010GPB2024\u2010Unirioja-001-768x499.jpg 768w, https:\/\/enolife.com.ar\/es\/wp-content\/uploads\/2024\/08\/20240711\u2010ICVV\u2010Open\u2010GPB2024\u2010Unirioja-001-585x380.jpg 585w\" sizes=\"auto, (max-width: 612px) 100vw, 612px\" \/><\/a><figcaption class=\"wp-element-caption\"><em><strong>Antonio Granell, profesor de Investigaci\u00f3n del Instituto de Biolog\u00eda Molecular y Celular de Plantas de la Universidad Polit\u00e9cnica de Valencia<\/strong><\/em>.<\/figcaption><\/figure><\/div>\n\n\n<div style=\"height:30px\" aria-hidden=\"true\" class=\"wp-block-spacer\"><\/div>\n\n\n\n<p>Por tanto,  seg\u00fan el experto, los estudios asociados al tomate podr\u00edan servir de modelo para el cultivo de la vid.&nbsp;<em>\u201cPor ejemplo<\/em> -puntualiz\u00f3-<em>, hacemos mejoras asistidas con marcadores para seleccionar los materiales que tienen las mejores caracter\u00edsticas.&nbsp;Hacemos cruces entre esos materiales y seleccionamos aquellos que tienen las mejores caracter\u00edsticas y, para ello, utilizamos marcadores moleculares\u201d<\/em>.<\/p>\n\n\n\n<div style=\"height:16px\" aria-hidden=\"true\" class=\"wp-block-spacer\"><\/div>\n\n\n\n<blockquote class=\"wp-block-quote is-layout-flow wp-block-quote-is-layout-flow\">\n<p>La biotecnolog\u00eda permite cultivar tomates con mejor sabor, con mejor contenido nutricional o m\u00e1s resistentes a las enfermedades; y estas pr\u00e1cticas se pueden extrapolar a la vid.\u00bb<\/p>\n<cite>Antonio Granell, investigador espa\u00f1ol<\/cite><\/blockquote>\n\n\n\n<div style=\"height:21px\" aria-hidden=\"true\" class=\"wp-block-spacer\"><\/div>\n\n\n\n<p>El investigador inform\u00f3 que tambi\u00e9n se utilizan t\u00e9cnicas de edici\u00f3n gen\u00e9tica, las que&nbsp;<em>\u201cdesde hace 12 a\u00f1os est\u00e1n revolucionando no s\u00f3lo la investigaci\u00f3n en plantas sino tambi\u00e9n en investigaci\u00f3n de todos los organismos. Se trata de ir a sitios espec\u00edficos del genoma de la planta, en este caso, del tomate, introducir variaciones y estas variaciones van asociadas a caracter\u00edsticas deseadas. Y eso lo podemos hacer ahora, antes no pod\u00edamos\u201d.<\/em><\/p>\n\n\n\n<p>Sin embargo, se\u00f1al\u00f3:&nbsp;<em>\u201cel problema que hay es que la Uni\u00f3n Europea tiene una legislaci\u00f3n para ese tipo de modificaciones, que son las mismas que tiene para los organismos modificados gen\u00e9ticamente, lo que llaman transg\u00e9nicos. Pero esto no es una t\u00e9cnica transg\u00e9nica&nbsp;-ha remarcado-,&nbsp;se trata de alterar el genoma del organismo sin introducir genes de fuera\u201d.<\/em><\/p>\n\n\n\n<p>No obstante, hay en marcha una nueva legislaci\u00f3n europea que permitir\u00eda a Espa\u00f1a estar en las mismas condiciones que otros pa\u00edses avanzados.<\/p>\n\n\n\n<p>En definitiva, la biotecnolog\u00eda aplicada a estos cultivos puede ofrecer&nbsp;<em>\u201ctomates que sepan mejor, cuyo contenido nutricional sea mejor y que sean m\u00e1s aptos para el consumo y m\u00e1s disfrutables<\/em><strong>\u201d.<\/strong><\/p>\n\n\n\n<p>Y, adem\u00e1s, ayudar en la resistencias del cultivo y la lucha contra las enfermedades de la planta, <em>\u201cintroduciendo genes de resistencia o mejorando la resistencia de las plantas eliminado genes de su infertilidad\u201d.<\/em><\/p>\n\n\n\n<div style=\"height:20px\" aria-hidden=\"true\" class=\"wp-block-spacer\"><\/div>\n\n\n\n<p class=\"has-small-font-size\"><em><strong>Fuente: Universidad de La Rioja (Espa\u00f1a)<\/strong><\/em><\/p>\n\n\n\n<div style=\"height:27px\" aria-hidden=\"true\" class=\"wp-block-spacer\"><\/div>\n\n\n\n<div style=\"height:30px\" aria-hidden=\"true\" class=\"wp-block-spacer\"><\/div>\n","protected":false},"excerpt":{"rendered":"<p>Un investigador de la Universidad de Valencia, Espa\u00f1a, propone trasladar a las vides las t\u00e9cnicas&hellip;<\/p>\n","protected":false},"author":3,"featured_media":122971,"comment_status":"open","ping_status":"open","sticky":false,"template":"","format":"standard","meta":{"footnotes":""},"categories":[56,5],"tags":[],"class_list":["post-122965","post","type-post","status-publish","format-standard","has-post-thumbnail","hentry","category-destacado","category-fincas"],"_links":{"self":[{"href":"https:\/\/enolife.com.ar\/es\/wp-json\/wp\/v2\/posts\/122965","targetHints":{"allow":["GET"]}}],"collection":[{"href":"https:\/\/enolife.com.ar\/es\/wp-json\/wp\/v2\/posts"}],"about":[{"href":"https:\/\/enolife.com.ar\/es\/wp-json\/wp\/v2\/types\/post"}],"author":[{"embeddable":true,"href":"https:\/\/enolife.com.ar\/es\/wp-json\/wp\/v2\/users\/3"}],"replies":[{"embeddable":true,"href":"https:\/\/enolife.com.ar\/es\/wp-json\/wp\/v2\/comments?post=122965"}],"version-history":[{"count":0,"href":"https:\/\/enolife.com.ar\/es\/wp-json\/wp\/v2\/posts\/122965\/revisions"}],"wp:featuredmedia":[{"embeddable":true,"href":"https:\/\/enolife.com.ar\/es\/wp-json\/wp\/v2\/media\/122971"}],"wp:attachment":[{"href":"https:\/\/enolife.com.ar\/es\/wp-json\/wp\/v2\/media?parent=122965"}],"wp:term":[{"taxonomy":"category","embeddable":true,"href":"https:\/\/enolife.com.ar\/es\/wp-json\/wp\/v2\/categories?post=122965"},{"taxonomy":"post_tag","embeddable":true,"href":"https:\/\/enolife.com.ar\/es\/wp-json\/wp\/v2\/tags?post=122965"}],"curies":[{"name":"wp","href":"https:\/\/api.w.org\/{rel}","templated":true}]}}