{"id":122953,"date":"2024-08-24T23:51:46","date_gmt":"2024-08-24T23:51:46","guid":{"rendered":"https:\/\/enolife.com.ar\/es\/?p=122953"},"modified":"2024-08-25T22:36:16","modified_gmt":"2024-08-25T22:36:16","slug":"empresarios-y-productores-debaten-con-irrigacion-sobre-un-plan-hidrico-integral-para-mendoza","status":"publish","type":"post","link":"https:\/\/enolife.com.ar\/es\/empresarios-y-productores-debaten-con-irrigacion-sobre-un-plan-hidrico-integral-para-mendoza\/","title":{"rendered":"Empresarios y productores debaten con Irrigaci\u00f3n sobre un plan h\u00eddrico integral para Mendoza"},"content":{"rendered":"\n<h4 class=\"wp-block-heading\"><em><strong>El mi\u00e9rcoles 21\/8\/24 se llev\u00f3 a cabo en la sede de la Asociaci\u00f3n de Coperativas Vitivin\u00edcolas en Mendoza (Acovi) una reuni\u00f3n entre los integrantes de la denominada Mesa de la Producci\u00f3n y el Empleo (MPyE) y funcionarios del Departamento General de Irrigaci\u00f3n (DGI), encabezados por el titular de la instituci\u00f3n, Sergio Marinelli. En el encuentro se discuti\u00f3 en profundidad la naturaleza y el alcance del anteproyecto de C\u00f3digo de Aguas que ha propuesto la DGI para Mendoza.<\/strong><\/em><\/h4>\n\n\n\n<div style=\"height:35px\" aria-hidden=\"true\" class=\"wp-block-spacer\"><\/div>\n\n\n\n\n\n<div style=\"height:45px\" aria-hidden=\"true\" class=\"wp-block-spacer\"><\/div>\n\n\n\n<p>Durante la reuni\u00f3n se abordaron tanto los aspectos generales del Anteproyecto como su potencial incidencia en los derechos que \u00e9ste modificar\u00eda, destac\u00e1ndose la especificidad de varios art\u00edculos que, seg\u00fan el an\u00e1lisis de la mesa, representan diversos cambios sustanciales respecto a las normativas vigentes.<\/p>\n\n\n\n<p>En esta l\u00ednea, los participantes subrayaron la necesidad urgente de contar con un <strong>plan h\u00eddrico integral<\/strong> que no s\u00f3lo defina directrices y acciones, sino que tambi\u00e9n contemple un plan de obras alineado con el marco normativo vigente y futuro. En este sentido, se consider\u00f3 fundamental que la normativa h\u00eddrica refleje y apoye adecuadamente ese plan integral, ya que, manifestaron en el comunicado de la MPyE, <em>\u00abmodificar las normas sin un conocimiento claro del plan h\u00eddrico (elaborado participativamente) a largo plazo podr\u00eda resultar inapropiado o contraproducente, comprometiendo la seguridad jur\u00eddica y la efectividad de la gesti\u00f3n del recurso m\u00e1s valioso de nuestra provincia\u00bb.<\/em><\/p>\n\n\n\n<div style=\"height:30px\" aria-hidden=\"true\" class=\"wp-block-spacer\"><\/div>\n\n\n<div class=\"wp-block-image\">\n<figure class=\"aligncenter size-full is-resized\"><a href=\"https:\/\/enolife.com.ar\/es\/wp-content\/uploads\/2024\/08\/IMG-20240823-WA0014-768x576-1.jpg\" data-rel=\"penci-gallery-image-content\" ><img loading=\"lazy\" decoding=\"async\" src=\"https:\/\/enolife.com.ar\/es\/wp-content\/uploads\/2024\/08\/IMG-20240823-WA0014-768x576-1.jpg\" alt=\"\" class=\"wp-image-122963\" width=\"644\" height=\"416\" srcset=\"https:\/\/enolife.com.ar\/es\/wp-content\/uploads\/2024\/08\/IMG-20240823-WA0014-768x576-1.jpg 748w, https:\/\/enolife.com.ar\/es\/wp-content\/uploads\/2024\/08\/IMG-20240823-WA0014-768x576-1-300x194.jpg 300w, https:\/\/enolife.com.ar\/es\/wp-content\/uploads\/2024\/08\/IMG-20240823-WA0014-768x576-1-585x378.jpg 585w\" sizes=\"auto, (max-width: 644px) 100vw, 644px\" \/><\/a><figcaption class=\"wp-element-caption\"><strong><em>Integrantes de la MPyE. Al centro, con lentes, el titular de Acovi, Edgardo Fabi\u00e1n Ruggeri.<\/em><\/strong><\/figcaption><\/figure><\/div>\n\n\n<div style=\"height:30px\" aria-hidden=\"true\" class=\"wp-block-spacer\"><\/div>\n\n\n\n<p>Durante el encuentro, los integrantes de la MPyE pusieron de manifiesto ante los funcionarios del DGI, su <em>\u00abpreocupaci\u00f3n por el impacto negativo que ciertas disposiciones del anteproyecto podr\u00edan tener en el desarrollo de Mendoza\u00bb<\/em>. Entre los temas abordados, que la gente de la MPyE consignaron textualmente en su comunicado, figuran los siguientes:<\/p>\n\n\n\n<ul class=\"wp-block-list\">\n<li><em>\u00ab<strong>Modificaci\u00f3n de Prioridades en el Uso del Agua: <\/strong>La propuesta de incluir el \u201carbolado p\u00fablico\u201d como uso prioritario por encima de otros, junto con la potestad otorgada al gobernador de la provincia para requerir el cambio de las prioridades a favor de usos de menor preferencia sobre otros con base en un supuesto \u201cbeneficio econ\u00f3mico-social notoriamente superior\u201d, genera una profunda incertidumbre. Estas decisiones podr\u00edan derivar en conflictos en la asignaci\u00f3n de recursos h\u00eddricos, afectando negativamente a sectores clave de la econom\u00eda provincial\u00bb.<\/em><br><\/li>\n\n\n\n<li><em>\u00ab<strong>Innecesaria Intervenci\u00f3n Legislativa en Concesiones de Agua Subterr\u00e1nea:<\/strong> Se cuestion\u00f3 la necesidad de que la concesi\u00f3n de agua subterr\u00e1nea sea tramitada a trav\u00e9s de la Legislatura, lo cual podr\u00eda burocratizar un proceso que requiere agilidad y criterio t\u00e9cnico\u00bb.<\/em><br><\/li>\n\n\n\n<li><em>\u00ab<strong>Inseguridad Jur\u00eddica: <\/strong>Algunas disposiciones del anteproyecto podr\u00edan generar inseguridad jur\u00eddica, especialmente en lo referente a la duraci\u00f3n de las concesiones de agua y la introducci\u00f3n de nuevas unidades de medida para su asignaci\u00f3n. Estas medidas podr\u00edan violar los principios de igualdad y de inherencia, generando asimetr\u00edas en el sector y desincentivando la inversi\u00f3n\u00bb.<\/em><br><\/li>\n\n\n\n<li><em>\u00ab<strong>Confusi\u00f3n en la Aplicaci\u00f3n de los Principios Rectores de la Pol\u00edtica H\u00eddrica Nacional: <\/strong>La inclusi\u00f3n de estos principios en el C\u00f3digo podr\u00eda generar&nbsp; divergencias en su interpretaci\u00f3n y, por ende, en su aplicaci\u00f3n, y complicar la administraci\u00f3n de las aguas interjurisdiccionales.\u00bb<\/em><\/li>\n<\/ul>\n\n\n\n<div style=\"height:15px\" aria-hidden=\"true\" class=\"wp-block-spacer\"><\/div>\n\n\n\n<p>El comunicado de la MPyE concluye de la siguiente manera <em>\u00abSi bien durante la reuni\u00f3n hubo apertura y una actitud receptiva por parte del superintendente Marinelli y su equipo t\u00e9cnico, se puso el foco en la necesidad de que este proceso se lleve a cabo con mayor participaci\u00f3n y reflexi\u00f3n, permitiendo un debate exhaustivo que garantice la solidez y la legitimidad de cualquier cambio en la legislaci\u00f3n h\u00eddrica, considerando que su vigencia se extender\u00e1 por las pr\u00f3ximas d\u00e9cadas.\u00bb<\/em><\/p>\n\n\n\n<div style=\"height:30px\" aria-hidden=\"true\" class=\"wp-block-spacer\"><\/div>\n\n\n\n<p><strong>La Mesa de la Producci\u00f3n y el Empleo (MPyE) est\u00e1n integrada por las siguientes personas e instituciones:<\/strong><\/p>\n\n\n\n<ul class=\"wp-block-list\">\n<li><strong>Marcelo Pieralisi<\/strong>, de la Asociaci\u00f3n Cristiana de Dirigentes de Empresas (ACDE)<\/li>\n\n\n\n<li>Fabi\u00e1n Ruggeri, de la Asociaci\u00f3n de Cooperativas Vitivin\u00edcolas de Mendoza (Acovi)<\/li>\n\n\n\n<li><strong>Jorge Mosso<\/strong>, de la Asociaci\u00f3n de Ejecutivos de Mendoza (AEM)<\/li>\n\n\n\n<li><strong>Mart\u00edn Clement<\/strong>, del Consejo Empresario Mendocino (CEM)<\/li>\n\n\n\n<li><strong>Santiago Laugero<\/strong>, de la Federaci\u00f3n Econ\u00f3mica de Mendoza (FEM)<\/li>\n\n\n\n<li><strong>Daniel Ariosto<\/strong>, de la Uni\u00f3n Comercial e Industrial de Mendoza (UCIM)<\/li>\n\n\n\n<li><strong>Mat\u00edas D\u00edaz Telli<\/strong>, de la Uni\u00f3n Industrial de Mendoza (UIM)<\/li>\n<\/ul>\n\n\n\n<div style=\"height:15px\" aria-hidden=\"true\" class=\"wp-block-spacer\"><\/div>\n\n\n\n<p class=\"has-background\" style=\"background-color:#abb7c23d\"><strong>Para ver el comunicado completo, los interesados pueden ingresar al siguiente link:&nbsp;<a href=\"https:\/\/acovi.com.ar\/wp-content\/uploads\/2024\/08\/Comunicado-reunion-MPyE-con-DGI-por-Cod-Aguas.pdf\">Comunicado reunion MPyE con DGI por Cod Aguas<\/a><\/strong><\/p>\n\n\n\n<div style=\"height:30px\" aria-hidden=\"true\" class=\"wp-block-spacer\"><\/div>\n\n\n\n<p><a href=\"https:\/\/www.facebook.com\/sharer.php?u=https%3A%2F%2Facovi.com.ar%2Findex.php%2F2024%2F08%2F23%2Fcomunicado-de-la-mpye-sobre-el-codigo-de-aguas-es-una-necesidad-urgente-contar-con-un-plan-hidrico-integral%2F\" target=\"_blank\" rel=\"noreferrer noopener\"><\/a><\/p>\n","protected":false},"excerpt":{"rendered":"<p>El mi\u00e9rcoles 21\/8\/24 se llev\u00f3 a cabo en la sede de la Asociaci\u00f3n de Coperativas&hellip;<\/p>\n","protected":false},"author":3,"featured_media":122961,"comment_status":"open","ping_status":"open","sticky":false,"template":"","format":"standard","meta":{"footnotes":""},"categories":[14],"tags":[],"class_list":["post-122953","post","type-post","status-publish","format-standard","has-post-thumbnail","hentry","category-news"],"_links":{"self":[{"href":"https:\/\/enolife.com.ar\/es\/wp-json\/wp\/v2\/posts\/122953","targetHints":{"allow":["GET"]}}],"collection":[{"href":"https:\/\/enolife.com.ar\/es\/wp-json\/wp\/v2\/posts"}],"about":[{"href":"https:\/\/enolife.com.ar\/es\/wp-json\/wp\/v2\/types\/post"}],"author":[{"embeddable":true,"href":"https:\/\/enolife.com.ar\/es\/wp-json\/wp\/v2\/users\/3"}],"replies":[{"embeddable":true,"href":"https:\/\/enolife.com.ar\/es\/wp-json\/wp\/v2\/comments?post=122953"}],"version-history":[{"count":0,"href":"https:\/\/enolife.com.ar\/es\/wp-json\/wp\/v2\/posts\/122953\/revisions"}],"wp:featuredmedia":[{"embeddable":true,"href":"https:\/\/enolife.com.ar\/es\/wp-json\/wp\/v2\/media\/122961"}],"wp:attachment":[{"href":"https:\/\/enolife.com.ar\/es\/wp-json\/wp\/v2\/media?parent=122953"}],"wp:term":[{"taxonomy":"category","embeddable":true,"href":"https:\/\/enolife.com.ar\/es\/wp-json\/wp\/v2\/categories?post=122953"},{"taxonomy":"post_tag","embeddable":true,"href":"https:\/\/enolife.com.ar\/es\/wp-json\/wp\/v2\/tags?post=122953"}],"curies":[{"name":"wp","href":"https:\/\/api.w.org\/{rel}","templated":true}]}}