{"id":122916,"date":"2024-08-23T19:19:28","date_gmt":"2024-08-23T19:19:28","guid":{"rendered":"https:\/\/enolife.com.ar\/es\/?p=122916"},"modified":"2024-08-24T23:51:23","modified_gmt":"2024-08-24T23:51:23","slug":"productos-saludables-artesanias-y-vinos-en-la-feria-natural-indi-del-parque-central-el-24-y-25-8","status":"publish","type":"post","link":"https:\/\/enolife.com.ar\/es\/productos-saludables-artesanias-y-vinos-en-la-feria-natural-indi-del-parque-central-el-24-y-25-8\/","title":{"rendered":"Productos saludables, artesan\u00edas y vinos en la Feria Natural INDI del Parque Central, el 24 y 25\/8"},"content":{"rendered":"\n<h4 class=\"wp-block-heading\"><em><strong>Despu\u00e9s de un receso en los d\u00edas de mayor fr\u00edo en Mendoza, vuelve a las plazas y parques de Mendoza la ya tradicional \u00abFeria Inclusiva y Natural de Arte y Dise\u00f1o\u00bb organizada por Encuentro Indi, con nuevos expositores, m\u00e1s variedad de regalos -entre ellos vinos, aceites de oliva virgen extra, cosm\u00e9ticos, pasteler\u00eda, frutos secos y otros productos saludables. Ser\u00e1 en el \u00e1rea del Reloj de Sol del Parque Central de la Capital mendocina, entre las calles Pellegrini y Parral.<\/strong><\/em><\/h4>\n\n\n\n<div style=\"height:35px\" aria-hidden=\"true\" class=\"wp-block-spacer\"><\/div>\n\n\n\n\n\n<div style=\"height:45px\" aria-hidden=\"true\" class=\"wp-block-spacer\"><\/div>\n\n\n<div class=\"wp-block-image\">\n<figure class=\"alignleft size-full is-resized\"><a href=\"https:\/\/enolife.com.ar\/es\/wp-content\/uploads\/2024\/08\/WhatsApp-Image-2024-08-23-at-15.35.32.jpeg\" data-rel=\"penci-gallery-image-content\" ><img loading=\"lazy\" decoding=\"async\" src=\"https:\/\/enolife.com.ar\/es\/wp-content\/uploads\/2024\/08\/WhatsApp-Image-2024-08-23-at-15.35.32.jpeg\" alt=\"\" class=\"wp-image-122929\" width=\"210\" height=\"288\" srcset=\"https:\/\/enolife.com.ar\/es\/wp-content\/uploads\/2024\/08\/WhatsApp-Image-2024-08-23-at-15.35.32.jpeg 400w, https:\/\/enolife.com.ar\/es\/wp-content\/uploads\/2024\/08\/WhatsApp-Image-2024-08-23-at-15.35.32-219x300.jpeg 219w\" sizes=\"auto, (max-width: 210px) 100vw, 210px\" \/><\/a><\/figure><\/div>\n\n\n<p>La <strong>Feria Inclusiva y Natural de Arte y Dise\u00f1o<\/strong>, organizada por <strong>Encuentro Indi<\/strong>, ofrecer\u00e1 productos saludables, este fin de semana, m\u00e1s precisamente los d\u00edas <strong>s\u00e1bado 24 y domingo 25 de agosto<\/strong> en el \u00e1rea del Reloj de Sol del <strong>Parque Central<\/strong> de la Capital mendocina.<\/p>\n\n\n\n<p>Este lugar de encuentro que ofrece a emprendedores y artesanos mendocinos la posibilidad de vender sus productos al p\u00fablico masivo a precios accesibles, lleva 15 a\u00f1os de actividad en Mendoza. Con acceso libre y gratuito, en horario de 10 a 20 horas durante las dos jornadas de fin de semana, quienes visiten ese tradicional mercado popular a cielo abierto podr\u00e1n elegir entre una diversidad de productos saludables y elaboraciones artesanales ofrecidas a precios razonables por emprendedores, artistas y dise\u00f1adores locales. Adem\u00e1s se podr\u00e1 asistir con mascotas.<\/p>\n\n\n\n<p>El abanico de ofertas de manufacturas netamente mendocinas abarcar\u00e1 desde combinaciones de frutos secos y cereales, chocolates artesanales, confituras, pasteler\u00eda y barras de cereal energ\u00e9ticas hasta aceites de oliva, vinos, destilados de hierbas, licores de lim\u00f3n y mandarina, verduras agroecol\u00f3gicas, panificados y caf\u00e9s especiales.<\/p>\n\n\n\n<p>Tambi\u00e9n habr\u00e1 cremas y emulsiones para el cuerpo, calzados, instrumentos y accesorios musicales para ni\u00f1os, libretas, anotadores, cuadros, pa\u00f1ales de tela reciclables, macetas, prendas de vestir, adornos, accesorios para el hogar, bolsos y mochilas de telas combinadas, as\u00ed como velas y aceites arom\u00e1ticos y plantas ornamentales.<\/p>\n\n\n\n<div style=\"height:30px\" aria-hidden=\"true\" class=\"wp-block-spacer\"><\/div>\n\n\n\n<figure class=\"wp-block-gallery has-nested-images columns-default is-cropped wp-block-gallery-1 is-layout-flex wp-block-gallery-is-layout-flex\">\n<figure class=\"wp-block-image size-full\"><a href=\"https:\/\/enolife.com.ar\/es\/wp-content\/uploads\/2024\/08\/WhatsApp-Image-2024-08-23-at-15.36.11-2.jpeg\" data-rel=\"penci-gallery-image-content\" ><img loading=\"lazy\" decoding=\"async\" width=\"400\" height=\"400\" data-id=\"122922\" src=\"https:\/\/enolife.com.ar\/es\/wp-content\/uploads\/2024\/08\/WhatsApp-Image-2024-08-23-at-15.36.11-2.jpeg\" alt=\"\" class=\"wp-image-122922\" srcset=\"https:\/\/enolife.com.ar\/es\/wp-content\/uploads\/2024\/08\/WhatsApp-Image-2024-08-23-at-15.36.11-2.jpeg 400w, https:\/\/enolife.com.ar\/es\/wp-content\/uploads\/2024\/08\/WhatsApp-Image-2024-08-23-at-15.36.11-2-300x300.jpeg 300w, https:\/\/enolife.com.ar\/es\/wp-content\/uploads\/2024\/08\/WhatsApp-Image-2024-08-23-at-15.36.11-2-150x150.jpeg 150w\" sizes=\"auto, (max-width: 400px) 100vw, 400px\" \/><\/a><\/figure>\n\n\n\n<figure class=\"wp-block-image size-full\"><a href=\"https:\/\/enolife.com.ar\/es\/wp-content\/uploads\/2024\/08\/WhatsApp-Image-2024-08-23-at-15.36.11.jpeg\" data-rel=\"penci-gallery-image-content\" ><img loading=\"lazy\" decoding=\"async\" width=\"400\" height=\"400\" data-id=\"122923\" src=\"https:\/\/enolife.com.ar\/es\/wp-content\/uploads\/2024\/08\/WhatsApp-Image-2024-08-23-at-15.36.11.jpeg\" alt=\"\" class=\"wp-image-122923\" srcset=\"https:\/\/enolife.com.ar\/es\/wp-content\/uploads\/2024\/08\/WhatsApp-Image-2024-08-23-at-15.36.11.jpeg 400w, https:\/\/enolife.com.ar\/es\/wp-content\/uploads\/2024\/08\/WhatsApp-Image-2024-08-23-at-15.36.11-300x300.jpeg 300w, https:\/\/enolife.com.ar\/es\/wp-content\/uploads\/2024\/08\/WhatsApp-Image-2024-08-23-at-15.36.11-150x150.jpeg 150w\" sizes=\"auto, (max-width: 400px) 100vw, 400px\" \/><\/a><\/figure>\n<\/figure>\n\n\n\n<div style=\"height:30px\" aria-hidden=\"true\" class=\"wp-block-spacer\"><\/div>\n\n\n\n<figure class=\"wp-block-gallery has-nested-images columns-default is-cropped wp-block-gallery-2 is-layout-flex wp-block-gallery-is-layout-flex\">\n<figure class=\"wp-block-image size-full\"><a href=\"https:\/\/enolife.com.ar\/es\/wp-content\/uploads\/2024\/08\/WhatsApp-Image-2024-08-23-at-15.36.12-2.jpeg\" data-rel=\"penci-gallery-image-content\" ><img loading=\"lazy\" decoding=\"async\" width=\"400\" height=\"400\" data-id=\"122925\" src=\"https:\/\/enolife.com.ar\/es\/wp-content\/uploads\/2024\/08\/WhatsApp-Image-2024-08-23-at-15.36.12-2.jpeg\" alt=\"\" class=\"wp-image-122925\" srcset=\"https:\/\/enolife.com.ar\/es\/wp-content\/uploads\/2024\/08\/WhatsApp-Image-2024-08-23-at-15.36.12-2.jpeg 400w, https:\/\/enolife.com.ar\/es\/wp-content\/uploads\/2024\/08\/WhatsApp-Image-2024-08-23-at-15.36.12-2-300x300.jpeg 300w, https:\/\/enolife.com.ar\/es\/wp-content\/uploads\/2024\/08\/WhatsApp-Image-2024-08-23-at-15.36.12-2-150x150.jpeg 150w\" sizes=\"auto, (max-width: 400px) 100vw, 400px\" \/><\/a><\/figure>\n\n\n\n<figure class=\"wp-block-image size-full\"><a href=\"https:\/\/enolife.com.ar\/es\/wp-content\/uploads\/2024\/08\/WhatsApp-Image-2024-08-23-at-15.36.12.jpeg\" data-rel=\"penci-gallery-image-content\" ><img loading=\"lazy\" decoding=\"async\" width=\"400\" height=\"400\" data-id=\"122926\" src=\"https:\/\/enolife.com.ar\/es\/wp-content\/uploads\/2024\/08\/WhatsApp-Image-2024-08-23-at-15.36.12.jpeg\" alt=\"\" class=\"wp-image-122926\" srcset=\"https:\/\/enolife.com.ar\/es\/wp-content\/uploads\/2024\/08\/WhatsApp-Image-2024-08-23-at-15.36.12.jpeg 400w, https:\/\/enolife.com.ar\/es\/wp-content\/uploads\/2024\/08\/WhatsApp-Image-2024-08-23-at-15.36.12-300x300.jpeg 300w, https:\/\/enolife.com.ar\/es\/wp-content\/uploads\/2024\/08\/WhatsApp-Image-2024-08-23-at-15.36.12-150x150.jpeg 150w\" sizes=\"auto, (max-width: 400px) 100vw, 400px\" \/><\/a><\/figure>\n<\/figure>\n\n\n\n<div style=\"height:30px\" aria-hidden=\"true\" class=\"wp-block-spacer\"><\/div>\n\n\n\n<p>La actividad del Encuentro INDI ha sido declarada de inter\u00e9s por el Ente Mendoza Turismo (Emetur), es apoyado por la Municipalidad de la Ciudad de Mendoza, y ha sido declarado de inter\u00e9s por la C\u00e1mara de Diputados de Mendoza (Resoluci\u00f3n N\u00ba863\/2022). <\/p>\n\n\n\n<div style=\"height:15px\" aria-hidden=\"true\" class=\"wp-block-spacer\"><\/div>\n\n\n\n<p class=\"has-background\" style=\"background-color:#abb7c278\"><strong>Links de las actividades:<br>Instagram: <a href=\"https:\/\/www.instagram.com\/encuentroindi\/?hl=es\" title=\"\">@encuentroindi<\/a><br>Facebook: <a href=\"https:\/\/www.facebook.com\/encuentro.indi\/?paipv=0&amp;eav=AfbN_orKv-nSSuXvXN200FmStHb9inSV0Jpo3jw-pcSsoLItBx5dxo0KoGc6wfKFZjA&amp;_rdr\" title=\"\">@encuentro.indi<\/a><br>X (ex-Twitter) <a href=\"https:\/\/x.com\/encuentroindi\" title=\"\">@encuentroindi<\/a><\/strong><\/p>\n\n\n\n<div style=\"height:38px\" aria-hidden=\"true\" class=\"wp-block-spacer\"><\/div>\n","protected":false},"excerpt":{"rendered":"<p>Despu\u00e9s de un receso en los d\u00edas de mayor fr\u00edo en Mendoza, vuelve a las&hellip;<\/p>\n","protected":false},"author":3,"featured_media":122928,"comment_status":"open","ping_status":"open","sticky":false,"template":"","format":"standard","meta":{"footnotes":""},"categories":[47],"tags":[],"class_list":["post-122916","post","type-post","status-publish","format-standard","has-post-thumbnail","hentry","category-agenda"],"_links":{"self":[{"href":"https:\/\/enolife.com.ar\/es\/wp-json\/wp\/v2\/posts\/122916","targetHints":{"allow":["GET"]}}],"collection":[{"href":"https:\/\/enolife.com.ar\/es\/wp-json\/wp\/v2\/posts"}],"about":[{"href":"https:\/\/enolife.com.ar\/es\/wp-json\/wp\/v2\/types\/post"}],"author":[{"embeddable":true,"href":"https:\/\/enolife.com.ar\/es\/wp-json\/wp\/v2\/users\/3"}],"replies":[{"embeddable":true,"href":"https:\/\/enolife.com.ar\/es\/wp-json\/wp\/v2\/comments?post=122916"}],"version-history":[{"count":0,"href":"https:\/\/enolife.com.ar\/es\/wp-json\/wp\/v2\/posts\/122916\/revisions"}],"wp:featuredmedia":[{"embeddable":true,"href":"https:\/\/enolife.com.ar\/es\/wp-json\/wp\/v2\/media\/122928"}],"wp:attachment":[{"href":"https:\/\/enolife.com.ar\/es\/wp-json\/wp\/v2\/media?parent=122916"}],"wp:term":[{"taxonomy":"category","embeddable":true,"href":"https:\/\/enolife.com.ar\/es\/wp-json\/wp\/v2\/categories?post=122916"},{"taxonomy":"post_tag","embeddable":true,"href":"https:\/\/enolife.com.ar\/es\/wp-json\/wp\/v2\/tags?post=122916"}],"curies":[{"name":"wp","href":"https:\/\/api.w.org\/{rel}","templated":true}]}}