{"id":122570,"date":"2024-08-22T11:41:28","date_gmt":"2024-08-22T11:41:28","guid":{"rendered":"https:\/\/enolife.com.ar\/es\/?p=122570"},"modified":"2024-08-23T19:20:02","modified_gmt":"2024-08-23T19:20:02","slug":"borgestein-monstruos-espejos-y-vino-en-un-recital-por-los-125-anos-de-borges-en-tierra-del-bonarda","status":"publish","type":"post","link":"https:\/\/enolife.com.ar\/es\/borgestein-monstruos-espejos-y-vino-en-un-recital-por-los-125-anos-de-borges-en-tierra-del-bonarda\/","title":{"rendered":"Borgestein: monstruos, espejos y vino en un recital por los 125 a\u00f1os de Borges en tierra del Bonarda"},"content":{"rendered":"\n<h4 class=\"wp-block-heading\"><em><strong>Tres escritores y un m\u00fasico afincados en la zona Este de Mendoza rendir\u00e1n homenaje al gran poeta y narrador argentino con un original espect\u00e1culo con entrada libre -s\u00f3lo se paga la consumici\u00f3n- en el Caf\u00e9 Borges de la ciudad de San Mart\u00edn, el s\u00e1bado 24 de agosto a las 19 hs. Hern\u00e1n Schillagi, Fernando G. Toledo, Rub\u00e9n Valle y Marcelo Fern\u00e1ndez Mosri dan vida al monstruo bic\u00e9falo entre Frankestein y Jorge Luis Borges, cuentan su historia y leen sus textos. <\/strong><\/em>  <\/h4>\n\n\n\n<div style=\"height:35px\" aria-hidden=\"true\" class=\"wp-block-spacer\"><\/div>\n\n\n<a href=\"https:\/\/estanciamendoza.com.ar\/es\/\" aria-label=\"Copia de BEM &#8211; Banner adaptaciones diario digital_BEM &#8211; Banner Enolife &#8211; 1700&#215;500\"><img loading=\"lazy\" decoding=\"async\" src=\"https:\/\/enolife.com.ar\/es\/wp-content\/uploads\/2019\/07\/Copia-de-BEM-Banner-adaptaciones-diario-digital_BEM-Banner-Enolife-1700x500-1.jpg\" alt=\"\"  srcset=\"https:\/\/enolife.com.ar\/es\/wp-content\/uploads\/2019\/07\/Copia-de-BEM-Banner-adaptaciones-diario-digital_BEM-Banner-Enolife-1700x500-1.jpg 1700w, https:\/\/enolife.com.ar\/es\/wp-content\/uploads\/2019\/07\/Copia-de-BEM-Banner-adaptaciones-diario-digital_BEM-Banner-Enolife-1700x500-1-300x88.jpg 300w, https:\/\/enolife.com.ar\/es\/wp-content\/uploads\/2019\/07\/Copia-de-BEM-Banner-adaptaciones-diario-digital_BEM-Banner-Enolife-1700x500-1-1024x301.jpg 1024w, https:\/\/enolife.com.ar\/es\/wp-content\/uploads\/2019\/07\/Copia-de-BEM-Banner-adaptaciones-diario-digital_BEM-Banner-Enolife-1700x500-1-768x226.jpg 768w, https:\/\/enolife.com.ar\/es\/wp-content\/uploads\/2019\/07\/Copia-de-BEM-Banner-adaptaciones-diario-digital_BEM-Banner-Enolife-1700x500-1-1536x452.jpg 1536w, https:\/\/enolife.com.ar\/es\/wp-content\/uploads\/2019\/07\/Copia-de-BEM-Banner-adaptaciones-diario-digital_BEM-Banner-Enolife-1700x500-1-1170x344.jpg 1170w, https:\/\/enolife.com.ar\/es\/wp-content\/uploads\/2019\/07\/Copia-de-BEM-Banner-adaptaciones-diario-digital_BEM-Banner-Enolife-1700x500-1-585x172.jpg 585w\" sizes=\"auto, (max-width: 1700px) 100vw, 1700px\" width=\"1700\" height=\"500\"   \/><\/a>\n\n\n<div style=\"height:39px\" aria-hidden=\"true\" class=\"wp-block-spacer\"><\/div>\n\n\n\n<p><strong>Borgestein<\/strong> es un homenaje mendocino a <strong>Jorge Luis Borges<\/strong> y sus monstruos. Se trata de un espect\u00e1culo de m\u00fasica y poes\u00eda para celebrar los 125 a\u00f1os desde el natalicio -el 24 de agosto de 1899- del gran escritor autor de <strong>Los conjurados<\/strong>, el <strong>Aleph<\/strong> y tantos otros cl\u00e1sicos.<\/p>\n\n\n\n<p>Este s\u00e1bado 24 de agosto de 2024, a las 19, el caf\u00e9 Borges de San Mart\u00edn recibir\u00e1 un espect\u00e1culo en el que la poes\u00eda y la m\u00fasica se re\u00fanen para parir un verdadero monstruo literario. Ser\u00e1 la manera de celebrar, as\u00ed, justo ese d\u00eda, los 125 a\u00f1os del nacimiento del escritor argentino Jorge Luis Borges y tambi\u00e9n el <strong>D\u00eda del Lector<\/strong>, que se festeja en la Argentina justamente en honor del autor de El Aleph.<\/p>\n\n\n\n<div style=\"height:20px\" aria-hidden=\"true\" class=\"wp-block-spacer\"><\/div>\n\n\n\n<p class=\"has-background\" style=\"background-color:#abb7c26b\"><strong>Soneto al vino, de Jorge Luis Borges<\/strong><br><br><em>\u00bfEn qu\u00e9 reino, en qu\u00e9 siglo, bajo qu\u00e9 silenciosa<br>conjunci\u00f3n de los astros, en qu\u00e9 secreto d\u00eda<br>que el m\u00e1rmol no ha salvado, surgi\u00f3 la valerosa<br>y singular idea de inventar la alegr\u00eda?<br><br>Con oto\u00f1os de oro la inventaron. El vino<br>fluye rojo a lo largo de las generaciones<br>como el r\u00edo del tiempo y en el arduo camino<br>nos prodiga su m\u00fasica, su fuego y sus leones.<br><br>En la noche del j\u00fabilo o en la jornada adversa<br>exalta la alegr\u00eda o mitiga el espanto<br>y el ditirambo nuevo que este d\u00eda le canto<br><br>otrora lo cantaron el \u00e1rabe y el persa.<br>Vino, ens\u00e9\u00f1ame el arte de ver mi propia historia<br>como si \u00e9sta ya fuera ceniza en la memoria<\/em>.<\/p>\n\n\n\n<div style=\"height:27px\" aria-hidden=\"true\" class=\"wp-block-spacer\"><\/div>\n\n\n\n<p>El espect\u00e1culo se llama \u00ab<strong>Borgestein: homenaje a Borges y sus monstruos<\/strong>\u00ab, y re\u00fane a los poetas y narradores <strong>Hern\u00e1n Schillagi<\/strong>, <strong>Fernando G. Toledo<\/strong> y <strong>Rub\u00e9n Valle<\/strong> y al m\u00fasico <strong>Marcelo Fern\u00e1ndez Mosri <\/strong>para una propuesta que invoca la literatura del recordado escritor argentino e inserta en un laboratorio sonoro y po\u00e9tico que se despliega en vivo ante los espectadores.<\/p>\n\n\n<div class=\"wp-block-image\">\n<figure class=\"alignleft size-full is-resized\"><a href=\"https:\/\/enolife.com.ar\/es\/wp-content\/uploads\/2024\/08\/WhatsApp-Image-2024-08-21-at-19.06.37.jpeg\" data-rel=\"penci-gallery-image-content\" ><img loading=\"lazy\" decoding=\"async\" src=\"https:\/\/enolife.com.ar\/es\/wp-content\/uploads\/2024\/08\/WhatsApp-Image-2024-08-21-at-19.06.37.jpeg\" alt=\"\" class=\"wp-image-122621\" width=\"231\" height=\"327\" srcset=\"https:\/\/enolife.com.ar\/es\/wp-content\/uploads\/2024\/08\/WhatsApp-Image-2024-08-21-at-19.06.37.jpeg 353w, https:\/\/enolife.com.ar\/es\/wp-content\/uploads\/2024\/08\/WhatsApp-Image-2024-08-21-at-19.06.37-212x300.jpeg 212w\" sizes=\"auto, (max-width: 231px) 100vw, 231px\" \/><\/a><\/figure><\/div>\n\n\n<p>Borgestein, cuyo t\u00edtulo, a la vez, est\u00e1 inspirado en el de un libro de <strong>Sergio Bizzio<\/strong>, no s\u00f3lo repasa algunos de los m\u00e1s emblem\u00e1ticos poemas de Borges, sino que los pone en contraste con poemas ap\u00f3crifos, poemas perdidos y textos del actor que han servido de materia para otros.<\/p>\n\n\n\n<p>Al mismo tiempo, Borgestein ofrece otros textos surgidos de experimentos con textos del autor de <em>Ficciones<\/em> a cargo de los responsables del espect\u00e1culo. As\u00ed, se ver\u00e1n trabajos de conversi\u00f3n de cuentos en poemas, en cruces de Borges con la inteligencia artificial y hasta un texto construido \u00aba lo Frankenstein\u00bb en plena escena.<\/p>\n\n\n\n<p>Adem\u00e1s, el espect\u00e1culo incluir\u00e1 poemas de Valle, Toledo y Schillagi nacidos bajo el influjo del maestro.<br>El gui\u00f3n de Borgestein es autor\u00eda de los propios Schillagi, Toledo y Valle, quienes a su vez tienen a cargo la lectura e interpretaci\u00f3n de los textos. La m\u00fasica, a su vez, es del propio Fern\u00e1ndez Mosri, quien la interpretar\u00e1 en vivo e interactuando con una m\u00e1quina. <\/p>\n\n\n\n<div style=\"height:35px\" aria-hidden=\"true\" class=\"wp-block-spacer\"><\/div>\n\n\n\n<p class=\"has-medium-font-size\"><strong>Los artistas<\/strong><\/p>\n\n\n\n<p class=\"has-white-background-color has-background\"><strong>Hern\u00e1n Schillagi <\/strong>es poeta, narrador, docente y editor. Sus \u00faltimos libros son <strong>Fritanga maravillosa<\/strong> (ensayos, 2020), <strong>Lengua padre<\/strong> (poes\u00eda, 2020) y <strong>Biblioteca suelta<\/strong> (ensayos, 2023).<\/p>\n\n\n\n<p class=\"has-white-background-color has-background\"><strong>Fernando G. Toledo<\/strong> es poeta, narrador, periodista y editor. Sus \u00faltimos libros son <strong>Plano secuencia-Antolog\u00eda po\u00e9tica<\/strong> (poes\u00eda, 2018), <strong>Cruz y ficci\u00f3n<\/strong> (ensayos, 2021) y <strong>La ilusi\u00f3n de un gran final <\/strong>(relatos de no ficci\u00f3n, 2022).<\/p>\n\n\n\n<p class=\"has-white-background-color has-background\"><strong>Rub\u00e9n Valle<\/strong> es poeta, narrador, periodista y editor. Sus \u00faltimos libros son <strong>Ojodrilos<\/strong> (poemas, 2021), <strong>Cono del silencio<\/strong> (microrrelatos, 2023) y <strong>Mud<\/strong> (poemas, 2024).<\/p>\n\n\n\n<p class=\"has-white-background-color has-background\"><strong>Marcelo Fern\u00e1ndez Mosri<\/strong> es m\u00fasico, docente y programador. Actualmente integra la banda de jazz <strong>Suite 322<\/strong>.<\/p>\n\n\n\n<div style=\"height:30px\" aria-hidden=\"true\" class=\"wp-block-spacer\"><\/div>\n\n\n<div class=\"wp-block-image\">\n<figure class=\"aligncenter size-full is-resized\"><a href=\"https:\/\/enolife.com.ar\/es\/wp-content\/uploads\/2024\/08\/WhatsApp-Image-2024-08-21-at-12.00.36.jpeg\" data-rel=\"penci-gallery-image-content\" ><img loading=\"lazy\" decoding=\"async\" src=\"https:\/\/enolife.com.ar\/es\/wp-content\/uploads\/2024\/08\/WhatsApp-Image-2024-08-21-at-12.00.36.jpeg\" alt=\"\" class=\"wp-image-122581\" width=\"633\" height=\"382\" srcset=\"https:\/\/enolife.com.ar\/es\/wp-content\/uploads\/2024\/08\/WhatsApp-Image-2024-08-21-at-12.00.36.jpeg 828w, https:\/\/enolife.com.ar\/es\/wp-content\/uploads\/2024\/08\/WhatsApp-Image-2024-08-21-at-12.00.36-300x181.jpeg 300w, https:\/\/enolife.com.ar\/es\/wp-content\/uploads\/2024\/08\/WhatsApp-Image-2024-08-21-at-12.00.36-768x464.jpeg 768w, https:\/\/enolife.com.ar\/es\/wp-content\/uploads\/2024\/08\/WhatsApp-Image-2024-08-21-at-12.00.36-585x353.jpeg 585w\" sizes=\"auto, (max-width: 633px) 100vw, 633px\" \/><\/a><figcaption class=\"wp-element-caption\"><strong><em>De izq. a der.: Marcelo Fern\u00e1ndez Mosri, Hern\u00e1n Schillagi, Rub\u00e9n Valle y Fernando G. Toledo<\/em>.<\/strong><\/figcaption><\/figure><\/div>\n\n\n<div style=\"height:30px\" aria-hidden=\"true\" class=\"wp-block-spacer\"><\/div>\n\n\n\n<p>En resumen: Borgestein es un homenaje a Borges y sus monstruos, que se ver\u00e1 este s\u00e1bado 24 de agosto de 2024, a las 19, en el caf\u00e9 Borges (Bail\u00e9n y Nogu\u00e9s, San Mart\u00edn). La entrada es la consumici\u00f3n y las localidades son limitadas. <strong>Reservas al +54 9 261 386 7356.<\/strong><\/p>\n\n\n\n<div style=\"height:35px\" aria-hidden=\"true\" class=\"wp-block-spacer\"><\/div>\n\n\n\n<p class=\"has-medium-font-size\"><strong>Ficha t\u00e9cnica<\/strong><\/p>\n\n\n\n<p><strong>Borgestein<\/strong>: homenaje a Borges y sus monstruos<br><strong>Gui\u00f3n y lectura<\/strong>: Hern\u00e1n Schillagi, Fernando G. Toledo y Rub\u00e9n Valle.<br><strong>M\u00fasica<\/strong>: Marcelo Fern\u00e1ndez Mosri.<br><strong>Gr\u00e1fica y prensa<\/strong>: Fernando G. Toledo.<br><strong>Estreno<\/strong>: 24 de agosto de 2024.<br><strong>Hora<\/strong>: 19.<br><strong>Lugar<\/strong>: Borges Caf\u00e9 (Bail\u00e9n y Nogu\u00e9s, San Mart\u00edn).<\/p>\n\n\n\n<div style=\"height:33px\" aria-hidden=\"true\" class=\"wp-block-spacer\"><\/div>\n","protected":false},"excerpt":{"rendered":"<p>Tres escritores y un m\u00fasico afincados en la zona Este de Mendoza rendir\u00e1n homenaje al&hellip;<\/p>\n","protected":false},"author":3,"featured_media":122583,"comment_status":"open","ping_status":"open","sticky":false,"template":"","format":"standard","meta":{"footnotes":""},"categories":[47],"tags":[],"class_list":["post-122570","post","type-post","status-publish","format-standard","has-post-thumbnail","hentry","category-agenda"],"_links":{"self":[{"href":"https:\/\/enolife.com.ar\/es\/wp-json\/wp\/v2\/posts\/122570","targetHints":{"allow":["GET"]}}],"collection":[{"href":"https:\/\/enolife.com.ar\/es\/wp-json\/wp\/v2\/posts"}],"about":[{"href":"https:\/\/enolife.com.ar\/es\/wp-json\/wp\/v2\/types\/post"}],"author":[{"embeddable":true,"href":"https:\/\/enolife.com.ar\/es\/wp-json\/wp\/v2\/users\/3"}],"replies":[{"embeddable":true,"href":"https:\/\/enolife.com.ar\/es\/wp-json\/wp\/v2\/comments?post=122570"}],"version-history":[{"count":0,"href":"https:\/\/enolife.com.ar\/es\/wp-json\/wp\/v2\/posts\/122570\/revisions"}],"wp:featuredmedia":[{"embeddable":true,"href":"https:\/\/enolife.com.ar\/es\/wp-json\/wp\/v2\/media\/122583"}],"wp:attachment":[{"href":"https:\/\/enolife.com.ar\/es\/wp-json\/wp\/v2\/media?parent=122570"}],"wp:term":[{"taxonomy":"category","embeddable":true,"href":"https:\/\/enolife.com.ar\/es\/wp-json\/wp\/v2\/categories?post=122570"},{"taxonomy":"post_tag","embeddable":true,"href":"https:\/\/enolife.com.ar\/es\/wp-json\/wp\/v2\/tags?post=122570"}],"curies":[{"name":"wp","href":"https:\/\/api.w.org\/{rel}","templated":true}]}}