{"id":12233,"date":"2020-05-07T15:56:50","date_gmt":"2020-05-07T15:56:50","guid":{"rendered":"http:\/\/enolife.com.ar\/es\/?p=12233"},"modified":"2020-05-10T02:15:17","modified_gmt":"2020-05-10T02:15:17","slug":"la-vitivinicultura-puede-acceder-al-programa-de-asistencia-al-trabajo-y-la-produccion","status":"publish","type":"post","link":"https:\/\/enolife.com.ar\/es\/la-vitivinicultura-puede-acceder-al-programa-de-asistencia-al-trabajo-y-la-produccion\/","title":{"rendered":"La vitivinicultura puede acceder al programa de asistencia al trabajo y la producci\u00f3n"},"content":{"rendered":"\n<h4 class=\"wp-block-heading\"><em><strong>Tras gestiones conjuntas llevadas a cabo por la Corporaci\u00f3n Vitivin\u00edcola Argentina (Coviar), el Instituto Nacional de Vitivinicultura (INV) y los gobiernos de las provincias vitivin\u00edcolas, los principales productos de la cadena vitivin\u00edcola de Argentina fueron incluidos en la lista de actividades y rubros que pueden acceder y ser beneficiados por el programa de asistencia para sostener la producci\u00f3n y el empleo durante la crisis por el coronavirus.<\/strong><\/em><\/h4>\n\n\n\n<div style=\"height:20px\" aria-hidden=\"true\" class=\"wp-block-spacer\"><\/div>\n\n\n\n<p>La Administraci\u00f3n Federal de Ingresos P\u00fablicos (AFIP) de Argentina dio a conocer el 6\/5\/20 un nuevo listado de actividades, rubros y productos que pueden acceder a la ayuda financiera estatal. En el caso puntual de la cadena vitivin\u00edcola, todas las empresas vinculadas a la elaboraci\u00f3n de vinos, fabricaci\u00f3n de mosto, preparado de jugos naturales y sus concentrados a base de frutas, en este caso la uva, y tambi\u00e9n la producci\u00f3n de pasas, pueden desde ahora solicitar asistencia y ser beneficiados con los programas vigentes a nivel nacional para el sostenimiento del empleo y la producci\u00f3n.<\/p>\n\n\n\n<div style=\"height:20px\" aria-hidden=\"true\" class=\"wp-block-spacer\"><\/div>\n\n\n\n<p class=\"has-background has-luminous-vivid-amber-background-color\"><strong>Desde aqu\u00ed se pueden descargar&nbsp;<a href=\"http:\/\/www.afip.gob.ar\/noticias\/20200505-programa-de-asistencia-de-emergencia-al-trabajo-y-la-produccion.asp\">el listado completo con las actividades incluidas<\/a>.<\/strong><\/p>\n\n\n\n<div style=\"height:20px\" aria-hidden=\"true\" class=\"wp-block-spacer\"><\/div>\n\n\n\n<p>El 17 de abril pasado la Coviar solicit\u00f3 a Naci\u00f3n la inclusi\u00f3n de toda la cadena vitivin\u00edcola al Programa de Asistencia de Emergencia al Trabajo y a la Producci\u00f3n, de acuerdo con el Decreto N\u00b0 332\/20. Presentaci\u00f3n que oportunamente elev\u00f3 al Ministerio de Desarrollo Productivo, bajo el Expediente N\u00b0 EX-2020-26454187-APN-JGM.<br><br>A ese pedido institucional se sumaron oportunamente los gobiernos de las provincias vitivin\u00edcolas y el Instituto Nacional de Vitivinicultura (INV), cuya dirigencia plante\u00f3 tambi\u00e9n las consecuencias de la actual crisis sanitaria sobre la producci\u00f3n y comercializaci\u00f3n de toda la cadena vitivin\u00edcola, apoyando la inclusi\u00f3n del sector en los planes nacionales de sostenimiento del empleo y la producci\u00f3n vigentes.<\/p>\n\n\n\n<p>A su turno, agrupaciones cooperativas de productores, como la mendocina Asociaci\u00f3n de Vi\u00f1ateros del Este, tambi\u00e9n solicitaron asistencia a las autoridades estatales. Estos productores con sede en San Mart\u00edn enviaron, con fecha 24\/4\/20, una carta al ministro de Desarrollo Productivo de la Naci\u00f3n, Mat\u00edas Kulfas, solicitando  \u00abla inclusi\u00f3n de la vitivinicultura en el Programa de Asistencia de Emergencia al Trabajo y la Producci\u00f3n creado, modificado y perfeccionado por los decretos de necesidad y urgencia n\u00famero 332\/2020, 347\/2020 y 376\/2020. Las actividades espec\u00edficas que proponemos incluir son: cultivo de vid para vinificar; cultivo de uva de mesa y pasas; elaboraci\u00f3n de mosto; elaboraci\u00f3n y fraccionamiento de vinos\u00bb. <\/p>\n\n\n\n<div style=\"height:20px\" aria-hidden=\"true\" class=\"wp-block-spacer\"><\/div>\n\n\n\n<p class=\"has-medium-font-size\"><strong>Programa de Asistencia de Emergencia al Trabajo y la Producci\u00f3n <\/strong><\/p>\n\n\n\n<div style=\"height:20px\" aria-hidden=\"true\" class=\"wp-block-spacer\"><\/div>\n\n\n\n<div class=\"wp-block-image\"><figure class=\"alignleft is-resized\"><img loading=\"lazy\" decoding=\"async\" src=\"http:\/\/coviar.com.ar\/2018\/wp-content\/uploads\/2020\/05\/Programa-de-Asistencia-Al-trabajo-y-Producci%C3%B3n-1024x576.jpeg\" alt=\"\" width=\"266\" height=\"149\"\/><\/figure><\/div>\n\n\n\n<p>Este programa fue creado mediante el Decreto 332\/2020 (B.O. 01\/04\/2020) y modificado por el Decreto 376\/2020 (B.O. 21\/04\/2020), en el marco del DNU 260 (B.O. 12\/03\/2020), para dar alivio econ\u00f3mico inmediato a aquellas empresas y trabajadores afectados directamente por la ca\u00edda de la actividad econ\u00f3mica luego de las medidas de contingencia implementadas durante la Emergencia Sanitaria. Surge como un esfuerzo del Estado Nacional para mantener los procesos productivos del pa\u00eds y garantizar el sostenimiento del empleo en las actividades econ\u00f3micas m\u00e1s severamente afectadas por la crisis sanitaria.<\/p>\n\n\n\n<div style=\"height:20px\" aria-hidden=\"true\" class=\"wp-block-spacer\"><\/div>\n\n\n\n<p><strong>Entre otros beneficios, el Programa contempla la posibilidad de:<\/strong><\/p>\n\n\n\n<ol class=\"wp-block-list\"><li><strong>Postergar el pago de las contribuciones patronales al Sistema Integrado Previsional<\/strong> Argentino, instruyendo a la AFIP a disponer vencimientos especiales para las obligaciones devengadas durante los meses de marzo y abril del 2020, as\u00ed como facilidades para el pago de las mismas.<\/li><li><strong>Reducir en hasta 95% el pago <\/strong>de las contribuciones patronales al Sistema Integrado Previsional Argentino devengadas durante el mes de abril de 2020, pudiendo prorrogarse por la Jefatura de Gabinete de Ministros.<\/li><li><strong>Salario Complementario abonado por el Estado Naciona<\/strong>l para los trabajadores y las trabajadoras en relaci\u00f3n de dependencia del sector privado.<\/li><li><strong>Cr\u00e9dito a Tasa Cero para personas adheridas al Monotributo<\/strong> y para trabajadoras y trabajadores aut\u00f3nomos en las condiciones que establezcan la Jefatura de Gabinete de Ministros y el Banco Central de la Rep\u00fablica Argentina con subsidio del 100% del costo financiero total.<br><\/li><li><strong>Sistema integral de prestaciones por desempleo<\/strong>: los trabajadores y las trabajadoras que re\u00fanan los requisitos previstos en las Leyes Nros. 24.013 y 25.371 acceder\u00e1n a una prestaci\u00f3n econ\u00f3mica por desempleo.<\/li><\/ol>\n\n\n\n<div style=\"height:20px\" aria-hidden=\"true\" class=\"wp-block-spacer\"><\/div>\n\n\n\n<p><strong>Para acceder al beneficio, las empresas deber\u00e1n acreditar:<\/strong><\/p>\n\n\n\n<ol class=\"wp-block-list\"><li>Que su actividad econ\u00f3mica es una de las m\u00e1s afectadas por la emergencia sanitaria.<\/li><li>Que despu\u00e9s del 12 de marzo de 2020 registraron una reducci\u00f3n sustancial en su nivel de ventas.<\/li><\/ol>\n\n\n\n<div style=\"height:20px\" aria-hidden=\"true\" class=\"wp-block-spacer\"><\/div>\n\n\n\n<p>Asimismo, las empresas deber\u00e1n comprometerse a <strong>no disminuir su planta de trabajadores registrados al 29 de febrero de 2020.<\/strong><\/p>\n\n\n\n<p>Se encuentran excluidas de este beneficio las empresas que realizan las actividades y servicios declarados esenciales en la emergencia sanitaria y que se encuentran exceptuados del cumplimiento del \u201caislamiento social, preventivo y obligatorio\u201d, as\u00ed como tambi\u00e9n todas aquellas que no exterioricen indicios concretos que permitan inferir una disminuci\u00f3n representativa de su nivel de actividad.<\/p>\n\n\n\n<p>Para acceder a los beneficios los empleadores deber\u00e1n registrarse en el servicio \u201cweb\u201d denominado \u201cPrograma de Asistencia de Emergencia al Trabajo y la Producci\u00f3n &#8211; ATP\u201d de la Administraci\u00f3n Federal de Ingresos P\u00fablicos (AFIP).<\/p>\n\n\n\n<p>Con relaci\u00f3n a los cr\u00e9ditos a tasa cero, los beneficiarios deber\u00e1n g<strong>estionar la solicitud entre el 4 y 19 de mayo <\/strong>a trav\u00e9s del servicio \u201cweb\u201d denominado \u201cCr\u00e9ditos Tasa Cero\u201d de la Administraci\u00f3n Federal de Ingresos P\u00fablicos (AFIP).<\/p>\n\n\n\n<p class=\"has-background has-luminous-vivid-amber-background-color\"><strong>Ver programa completo:<a href=\"https:\/\/www.argentina.gob.ar\/economia\/politicatributaria\/covid19\/trabajoyproduccion\"> Programa de asistencia de emergencia al trabajo y la producci\u00f3n<\/a><\/strong><\/p>\n\n\n\n<div style=\"height:20px\" aria-hidden=\"true\" class=\"wp-block-spacer\"><\/div>\n\n\n\n<p class=\"has-small-font-size\"><em><strong>Fuentes: Coviar y Gobierno de Argentina<\/strong><\/em><\/p>\n","protected":false},"excerpt":{"rendered":"<p>Tras gestiones conjuntas llevadas a cabo por la Corporaci\u00f3n Vitivin\u00edcola Argentina (Coviar), el Instituto Nacional&hellip;<\/p>\n","protected":false},"author":3,"featured_media":12254,"comment_status":"open","ping_status":"open","sticky":false,"template":"","format":"standard","meta":{"footnotes":""},"categories":[14],"tags":[],"class_list":["post-12233","post","type-post","status-publish","format-standard","has-post-thumbnail","hentry","category-news"],"_links":{"self":[{"href":"https:\/\/enolife.com.ar\/es\/wp-json\/wp\/v2\/posts\/12233","targetHints":{"allow":["GET"]}}],"collection":[{"href":"https:\/\/enolife.com.ar\/es\/wp-json\/wp\/v2\/posts"}],"about":[{"href":"https:\/\/enolife.com.ar\/es\/wp-json\/wp\/v2\/types\/post"}],"author":[{"embeddable":true,"href":"https:\/\/enolife.com.ar\/es\/wp-json\/wp\/v2\/users\/3"}],"replies":[{"embeddable":true,"href":"https:\/\/enolife.com.ar\/es\/wp-json\/wp\/v2\/comments?post=12233"}],"version-history":[{"count":0,"href":"https:\/\/enolife.com.ar\/es\/wp-json\/wp\/v2\/posts\/12233\/revisions"}],"wp:featuredmedia":[{"embeddable":true,"href":"https:\/\/enolife.com.ar\/es\/wp-json\/wp\/v2\/media\/12254"}],"wp:attachment":[{"href":"https:\/\/enolife.com.ar\/es\/wp-json\/wp\/v2\/media?parent=12233"}],"wp:term":[{"taxonomy":"category","embeddable":true,"href":"https:\/\/enolife.com.ar\/es\/wp-json\/wp\/v2\/categories?post=12233"},{"taxonomy":"post_tag","embeddable":true,"href":"https:\/\/enolife.com.ar\/es\/wp-json\/wp\/v2\/tags?post=12233"}],"curies":[{"name":"wp","href":"https:\/\/api.w.org\/{rel}","templated":true}]}}