{"id":122326,"date":"2024-08-19T11:13:30","date_gmt":"2024-08-19T11:13:30","guid":{"rendered":"https:\/\/enolife.com.ar\/es\/?p=122326"},"modified":"2024-08-20T11:20:10","modified_gmt":"2024-08-20T11:20:10","slug":"wine-expo-de-hilton-mendoza-puso-en-escena-600-etiquetas-de-90-bodegas-ante-3-000-personas","status":"publish","type":"post","link":"https:\/\/enolife.com.ar\/es\/wine-expo-de-hilton-mendoza-puso-en-escena-600-etiquetas-de-90-bodegas-ante-3-000-personas\/","title":{"rendered":"Wine Expo de Hilton Mendoza puso en escena 600 etiquetas de 90 bodegas ante 3.000 personas"},"content":{"rendered":"\n<h4 class=\"wp-block-heading\"><em><strong>Con notable \u00e9xito de p\u00fablico concluy\u00f3 este pasado viernes 17\/8\/24 la 11ava. edici\u00f3n de la feria Wine Expo, que este a\u00f1o se realiz\u00f3 en el Hotel Hilton de Mendoza, ubicado en el departamento de Guaymall\u00e9n frente al Mendoza Plaza Shopping. Se destac\u00f3 la fuerte presencia de j\u00f3venes que se acercan al mundo del vino. Hubo tambi\u00e9n gastronom\u00eda de autor y cata de destilados y cervezas.<\/strong><\/em><\/h4>\n\n\n\n<div style=\"height:35px\" aria-hidden=\"true\" class=\"wp-block-spacer\"><\/div>\n\n\n<a href=\"https:\/\/instagram.com\/labelsolutions?igshid=YmMyMTA2M2Y=\" aria-label=\"Banner Palero 1700&#215;500\"><img loading=\"lazy\" decoding=\"async\" src=\"https:\/\/enolife.com.ar\/es\/wp-content\/uploads\/2021\/09\/Banner-Palero-1700x500-1.gif\" alt=\"\"  width=\"1700\" height=\"500\"   \/><\/a>\n\n\n<div style=\"height:45px\" aria-hidden=\"true\" class=\"wp-block-spacer\"><\/div>\n\n\n\n<p>Alrededor de<strong> 3.000 personas<\/strong> se dieron cita en el <strong>Hotel Hilton Mendoza<\/strong> para participar y disfrutar de la 11ava. edici\u00f3n de la feria <strong>Wine Expo<\/strong>. Fueron dos d\u00edas y tres eventos: jueves 15 y viernes 16 de agosto, en los que se pudieron probar unos <strong>600 vinos distintos de 90 bodegas<\/strong>, la mayor\u00eda de Mendoza, Argentina. Tambi\u00e9n se exhibieron y degustaron vinos in\u00e9ditos, destilados y cervezas.<\/p>\n\n\n\n<p>Wine Expo es un encuentro ideal para conocer la amplitud de terru\u00f1os y la calidad y variedad de vinos que tiene el pa\u00eds.<\/p>\n\n\n\n<div style=\"height:30px\" aria-hidden=\"true\" class=\"wp-block-spacer\"><\/div>\n\n\n<div class=\"wp-block-image is-style-default\">\n<figure class=\"aligncenter size-full is-resized\"><a href=\"https:\/\/enolife.com.ar\/es\/wp-content\/uploads\/2024\/08\/Expo-Wine-2024-14.jpeg\" data-rel=\"penci-gallery-image-content\" ><img loading=\"lazy\" decoding=\"async\" src=\"https:\/\/enolife.com.ar\/es\/wp-content\/uploads\/2024\/08\/Expo-Wine-2024-14.jpeg\" alt=\"\" class=\"wp-image-122342\" width=\"610\" height=\"433\" srcset=\"https:\/\/enolife.com.ar\/es\/wp-content\/uploads\/2024\/08\/Expo-Wine-2024-14.jpeg 704w, https:\/\/enolife.com.ar\/es\/wp-content\/uploads\/2024\/08\/Expo-Wine-2024-14-300x213.jpeg 300w, https:\/\/enolife.com.ar\/es\/wp-content\/uploads\/2024\/08\/Expo-Wine-2024-14-585x415.jpeg 585w\" sizes=\"auto, (max-width: 610px) 100vw, 610px\" \/><\/a><figcaption class=\"wp-element-caption\"><em><strong>Rodrigo Kohn y Federico Kunz, los organizadores; Alfredo Cornejo, gobernador de Mendoza; Marcos Calvente, intendente de Guaymall\u00e9n; y Miguel Osimani, gerente general del Hotel Hilton Mendoza.<\/strong><\/em><\/figcaption><\/figure><\/div>\n\n\n<div style=\"height:30px\" aria-hidden=\"true\" class=\"wp-block-spacer\"><\/div>\n\n\n\n<p>En esta edici\u00f3n 2024, la gastronom\u00eda fue tambi\u00e9n protagonista, con el chef de Hilton Buenos Aires, <strong>Juan Pablo Gonz\u00e1lez<\/strong>; de DoubleTree by Hilton, <strong>Benjamin Yupanki<\/strong>; y el chef anfitri\u00f3n, de Hilton Mendoza, <strong>David Ferreyra.<\/strong><\/p>\n\n\n\n<p>El jueves por la ma\u00f1ana se realiz\u00f3 el <em>wine trade<\/em>, con charlas y degustaciones exclusivas para en\u00f3logos, sommeliers, agr\u00f3nomos, gastron\u00f3micos, operadores de turismo, importadores y comerciales. Hubo gran convocatoria y la posibilidad de cerrar negocios.<\/p>\n\n\n\n<p>Por la tarde del jueves y viernes, desde las 18 y hasta las 24 horas, se realiz\u00f3 la feria para todo p\u00fablico.<\/p>\n\n\n\n<p>La m\u00fasica, en el sal\u00f3n de destilados y cervezas, estuvo a cargo del <strong>DJ Mart\u00edn Guerrero<\/strong> y la invitaci\u00f3n especial a su hermano, <strong>Ricardo Guerrero<\/strong>, tambi\u00e9n reconocido DJ.<\/p>\n\n\n\n<p>En 2024, fue la edici\u00f3n 11\u00b0, lo que ratifica la permanencia de esta feria en el calendario anual de eventos del vino argentino.<\/p>\n\n\n\n<p>Los organizadores de Wine Expo son el <strong>Hotel Hilton Mendoza<\/strong> y <strong>Wine of Mendoza<\/strong>, empresa de <strong>Federico Kunz<\/strong>, quien sum\u00f3 el destacado asesoramiento del sommelier <strong>Rodrigo Kohn.<\/strong><\/p>\n\n\n\n<p>La feria est\u00e1 adherida al programa <strong>Wine in Moderation<\/strong> que promueve el consumo responsable de alcohol y el manejo seguro con un conductor asignado. Durante toda la noche hubo puestos gratuitos de hidrataci\u00f3n, de agua mineral <strong>Bonaqua.<\/strong> Y distintos stands de comida regional, a cargo de reconocidos chefs de la enograstronom\u00eda.<\/p>\n\n\n\n<div style=\"height:30px\" aria-hidden=\"true\" class=\"wp-block-spacer\"><\/div>\n\n\n\n<figure class=\"wp-block-gallery has-nested-images columns-default is-cropped wp-block-gallery-1 is-layout-flex wp-block-gallery-is-layout-flex\">\n<figure class=\"wp-block-image size-full\"><a href=\"https:\/\/enolife.com.ar\/es\/wp-content\/uploads\/2024\/08\/flia-altieri.jpg\" data-rel=\"penci-gallery-image-content\" ><img loading=\"lazy\" decoding=\"async\" width=\"559\" height=\"500\" data-id=\"122343\" src=\"https:\/\/enolife.com.ar\/es\/wp-content\/uploads\/2024\/08\/flia-altieri.jpg\" alt=\"\" class=\"wp-image-122343\" srcset=\"https:\/\/enolife.com.ar\/es\/wp-content\/uploads\/2024\/08\/flia-altieri.jpg 559w, https:\/\/enolife.com.ar\/es\/wp-content\/uploads\/2024\/08\/flia-altieri-300x268.jpg 300w\" sizes=\"auto, (max-width: 559px) 100vw, 559px\" \/><\/a><figcaption class=\"wp-element-caption\">Guillermo Altieri, Cecili Buj de Altieri y sus hijas. <\/figcaption><\/figure>\n\n\n\n<figure class=\"wp-block-image size-full\"><a href=\"https:\/\/enolife.com.ar\/es\/wp-content\/uploads\/2024\/08\/66beb118b5aee__900x900.jpg\" data-rel=\"penci-gallery-image-content\" ><img loading=\"lazy\" decoding=\"async\" width=\"662\" height=\"500\" data-id=\"122344\" src=\"https:\/\/enolife.com.ar\/es\/wp-content\/uploads\/2024\/08\/66beb118b5aee__900x900.jpg\" alt=\"\" class=\"wp-image-122344\" srcset=\"https:\/\/enolife.com.ar\/es\/wp-content\/uploads\/2024\/08\/66beb118b5aee__900x900.jpg 662w, https:\/\/enolife.com.ar\/es\/wp-content\/uploads\/2024\/08\/66beb118b5aee__900x900-300x227.jpg 300w, https:\/\/enolife.com.ar\/es\/wp-content\/uploads\/2024\/08\/66beb118b5aee__900x900-585x442.jpg 585w\" sizes=\"auto, (max-width: 662px) 100vw, 662px\" \/><\/a><figcaption class=\"wp-element-caption\">Uno de los 90 stands de bodegas.<\/figcaption><\/figure>\n<\/figure>\n\n\n\n<div style=\"height:35px\" aria-hidden=\"true\" class=\"wp-block-spacer\"><\/div>\n\n\n\n<p class=\"has-medium-font-size\"><strong>La feria m\u00e1s elegida por los j\u00f3venes<\/strong><\/p>\n\n\n\n<p>\u00ab<em>Es una feria que alberga vinos de bodegas tradicionales, con mucha historia y reconocimiento internacional; como tambi\u00e9n, proyectos emergentes de peque\u00f1as producciones y vinos in\u00e9ditos<\/em>\u201d, explic\u00f3 Rodrigo Kohn.<\/p>\n\n\n\n<div style=\"height:20px\" aria-hidden=\"true\" class=\"wp-block-spacer\"><\/div>\n\n\n\n<blockquote class=\"wp-block-quote is-layout-flow wp-block-quote-is-layout-flow\">\n<p>El \u00e9xito de la \u00faltima Wine Expo se ha visto reflejado en la gran cantidad de visitantes y expositores. Y en que es la feria elegida por los consumidores, sobre todo j\u00f3venes, que se acercan al mundo del vino\u201d<\/p>\n<cite>Federico Kunz, organizador<\/cite><\/blockquote>\n\n\n\n<div style=\"height:35px\" aria-hidden=\"true\" class=\"wp-block-spacer\"><\/div>\n\n\n\n<p>Los mendocinos y turistas que concurrieron a la feria, tuvieron la oportunidad de alojarse en el hotel Hilton Mendoza, con descuentos especiales.<\/p>\n\n\n\n<p>El gerente general de Hilton Mendoza, <strong>Miguel Osimani<\/strong>, cont\u00f3: <em>\u201cTrabajamos para posicionarnos como un espacio de eventos. Sin dudas, como el m\u00e1s grande del interior del pa\u00eds. La apuesta por los eventos del vino, como Wine Expo y las acciones para acercar experiencias de las rutas del vino para nuestros clientes, es una muestra m\u00e1s de nuestro compromiso con la regi\u00f3n\u00bb.<\/em><\/p>\n\n\n\n<div style=\"height:30px\" aria-hidden=\"true\" class=\"wp-block-spacer\"><\/div>\n","protected":false},"excerpt":{"rendered":"<p>Con notable \u00e9xito de p\u00fablico concluy\u00f3 este pasado viernes 17\/8\/24 la 11ava. edici\u00f3n de la&hellip;<\/p>\n","protected":false},"author":3,"featured_media":122345,"comment_status":"open","ping_status":"open","sticky":false,"template":"","format":"standard","meta":{"footnotes":""},"categories":[10],"tags":[],"class_list":["post-122326","post","type-post","status-publish","format-standard","has-post-thumbnail","hentry","category-ferias"],"_links":{"self":[{"href":"https:\/\/enolife.com.ar\/es\/wp-json\/wp\/v2\/posts\/122326","targetHints":{"allow":["GET"]}}],"collection":[{"href":"https:\/\/enolife.com.ar\/es\/wp-json\/wp\/v2\/posts"}],"about":[{"href":"https:\/\/enolife.com.ar\/es\/wp-json\/wp\/v2\/types\/post"}],"author":[{"embeddable":true,"href":"https:\/\/enolife.com.ar\/es\/wp-json\/wp\/v2\/users\/3"}],"replies":[{"embeddable":true,"href":"https:\/\/enolife.com.ar\/es\/wp-json\/wp\/v2\/comments?post=122326"}],"version-history":[{"count":0,"href":"https:\/\/enolife.com.ar\/es\/wp-json\/wp\/v2\/posts\/122326\/revisions"}],"wp:featuredmedia":[{"embeddable":true,"href":"https:\/\/enolife.com.ar\/es\/wp-json\/wp\/v2\/media\/122345"}],"wp:attachment":[{"href":"https:\/\/enolife.com.ar\/es\/wp-json\/wp\/v2\/media?parent=122326"}],"wp:term":[{"taxonomy":"category","embeddable":true,"href":"https:\/\/enolife.com.ar\/es\/wp-json\/wp\/v2\/categories?post=122326"},{"taxonomy":"post_tag","embeddable":true,"href":"https:\/\/enolife.com.ar\/es\/wp-json\/wp\/v2\/tags?post=122326"}],"curies":[{"name":"wp","href":"https:\/\/api.w.org\/{rel}","templated":true}]}}