{"id":122180,"date":"2024-08-17T15:00:01","date_gmt":"2024-08-17T15:00:01","guid":{"rendered":"https:\/\/enolife.com.ar\/es\/?p=122180"},"modified":"2024-08-19T11:13:49","modified_gmt":"2024-08-19T11:13:49","slug":"el-bus-vitivinicola-de-mendoza-recorrio-890-000-km-y-transporto-a-65-000-pasajeros-en-11-anos","status":"publish","type":"post","link":"https:\/\/enolife.com.ar\/es\/el-bus-vitivinicola-de-mendoza-recorrio-890-000-km-y-transporto-a-65-000-pasajeros-en-11-anos\/","title":{"rendered":"El Bus Vitivin\u00edcola de Mendoza recorri\u00f3 890.000 km y transport\u00f3 a 65.000 pasajeros en 11 a\u00f1os"},"content":{"rendered":"\n<h4 class=\"wp-block-heading\"><em><strong>El servicio de transporte y conexi\u00f3n de visitantes con las bodegas de Mendoza celebr\u00f3 un nuevo aniversario en una gala con personalidades locales en la Bodega Los Toneles de Mendoza. Sus directivos, con la emprendedora Claudia Yanz\u00f3n a la cabeza, presentaron nuevos buses que se sumar\u00e1n al recorrido y anticiparon nuevas acciones de promoci\u00f3n de la actividad enotur\u00edstica.<\/strong><\/em> <\/h4>\n\n\n\n<div style=\"height:35px\" aria-hidden=\"true\" class=\"wp-block-spacer\"><\/div>\n\n\n<a href=\"https:\/\/instagram.com\/labelsolutions?igshid=YmMyMTA2M2Y=\" aria-label=\"Banner Palero 1700&#215;500\"><img loading=\"lazy\" decoding=\"async\" src=\"https:\/\/enolife.com.ar\/es\/wp-content\/uploads\/2021\/09\/Banner-Palero-1700x500-1.gif\" alt=\"\"  width=\"1700\" height=\"500\"   \/><\/a>\n\n\n<div style=\"height:45px\" aria-hidden=\"true\" class=\"wp-block-spacer\"><\/div>\n\n\n\n<p>El <strong>Bus Vitivin\u00edcola<\/strong>, servicio tur\u00edstico pionero en conectar a los visitantes con las bodegas de <strong>Mendoza<\/strong>, desde la Ciudad capital de la provincia, celebr\u00f3 su <strong>11\u00b0 aniversario<\/strong> en una gala que reuni\u00f3 a destacados referentes del turismo, el vino, el periodismo y la gastronom\u00eda de Mendoza.&nbsp;<\/p>\n\n\n\n<p><strong>Claudia Yanz\u00f3n<\/strong>, fundadora y directora del Bus Vitivin\u00edcola, encabez\u00f3 la presentaci\u00f3n acompa\u00f1ada por el periodista y escritor&nbsp;<strong>Mauricio Llaver<\/strong>. Juntos, realizaron un recorrido por los 11 a\u00f1os de trayectoria del Bus Vitivin\u00edcola, recordando los logros alcanzados y anticipando nuevas experiencias que preparan para los amantes del vino.<\/p>\n\n\n\n<div style=\"height:30px\" aria-hidden=\"true\" class=\"wp-block-spacer\"><\/div>\n\n\n<div class=\"wp-block-image\">\n<figure class=\"aligncenter size-large is-resized\"><a href=\"https:\/\/enolife.com.ar\/es\/wp-content\/uploads\/2024\/08\/Imagen3-12.jpg\" data-rel=\"penci-gallery-image-content\" ><img loading=\"lazy\" decoding=\"async\" src=\"https:\/\/enolife.com.ar\/es\/wp-content\/uploads\/2024\/08\/Imagen3-12-1024x679.jpg\" alt=\"\" class=\"wp-image-122193\" width=\"575\" height=\"380\" srcset=\"https:\/\/enolife.com.ar\/es\/wp-content\/uploads\/2024\/08\/Imagen3-12-1024x679.jpg 1024w, https:\/\/enolife.com.ar\/es\/wp-content\/uploads\/2024\/08\/Imagen3-12-300x199.jpg 300w, https:\/\/enolife.com.ar\/es\/wp-content\/uploads\/2024\/08\/Imagen3-12-768x509.jpg 768w, https:\/\/enolife.com.ar\/es\/wp-content\/uploads\/2024\/08\/Imagen3-12-780x516.jpg 780w, https:\/\/enolife.com.ar\/es\/wp-content\/uploads\/2024\/08\/Imagen3-12-585x388.jpg 585w, https:\/\/enolife.com.ar\/es\/wp-content\/uploads\/2024\/08\/Imagen3-12.jpg 1078w\" sizes=\"auto, (max-width: 575px) 100vw, 575px\" \/><\/a><figcaption class=\"wp-element-caption\"><em><strong>El periodista Mauricio Llaver y la directora del Bus Vitivin\u00edcola, Claudia Yanz\u00f3n.<\/strong><\/em><\/figcaption><\/figure><\/div>\n\n\n<div style=\"height:30px\" aria-hidden=\"true\" class=\"wp-block-spacer\"><\/div>\n\n\n\n<p><em>\u00abEstos once a\u00f1os del Bus Vitivin\u00edcola son el reflejo de la&nbsp;pasi\u00f3n, la experiencia y la confiabilidad que hemos puesto en cada kil\u00f3metro recorrido y en cada bodega visitada. No hubi\u00e9ramos llegado hasta aqu\u00ed sin el apoyo de todos aquellos que han sido parte fundamental de este proyecto. A todos ellos les extiendo mi m\u00e1s profundo agradecimiento\u00bb<\/em>, expres\u00f3 Claudia Yanz\u00f3n, destacando la importancia del equipo y de los aliados estrat\u00e9gicos en el \u00e9xito del Bus Vitivin\u00edcola. <\/p>\n\n\n\n<p><em>\u00abMendoza es sin\u00f3nimo de vino, y debemos continuar impulsando al turismo y la viticultura de la mano, cuidando a nuestros visitantes y fortaleciendo as\u00ed el desarrollo de esta provincia que tanto amamos y que tanto aprecian quienes nos visitan\u00bb<\/em>, agreg\u00f3 Yanz\u00f3n.<\/p>\n\n\n\n<p>La celebraci\u00f3n reuni\u00f3 a una destacada lista de&nbsp;<strong>invitados<\/strong>, entre ellos funcionarios como&nbsp;<strong>Rodolfo Vargas Arizu<\/strong>, ministro de Producci\u00f3n;&nbsp;<strong>Mariana Juri<\/strong>, senadora nacional por Mendoza;&nbsp;<strong>Ulpiano Su\u00e1rez<\/strong>, intendente de la Ciudad de Mendoza;&nbsp;<strong>Cristina Mengarelli<\/strong>, directora de Promoci\u00f3n Tur\u00edstica e Inteligencia de Mercados; los exministros de Turismo&nbsp;<strong>Javier Espina&nbsp;<\/strong>y&nbsp;<strong>Nora Vicario<\/strong>; junto a directivos de bodegas, en\u00f3logos, sommeliers, chefs, periodistas, referentes del enoturismo y empresarios del sector, as\u00ed como tambi\u00e9n gu\u00edas tur\u00edsticos, personal de atenci\u00f3n al cliente y choferes, entre otros.<\/p>\n\n\n\n<div style=\"height:30px\" aria-hidden=\"true\" class=\"wp-block-spacer\"><\/div>\n\n\n<div class=\"wp-block-image\">\n<figure class=\"aligncenter size-full is-resized\"><a href=\"https:\/\/enolife.com.ar\/es\/wp-content\/uploads\/2024\/08\/Imagen1-18.jpg\" data-rel=\"penci-gallery-image-content\" ><img loading=\"lazy\" decoding=\"async\" src=\"https:\/\/enolife.com.ar\/es\/wp-content\/uploads\/2024\/08\/Imagen1-18.jpg\" alt=\"\" class=\"wp-image-122192\" width=\"657\" height=\"515\" srcset=\"https:\/\/enolife.com.ar\/es\/wp-content\/uploads\/2024\/08\/Imagen1-18.jpg 825w, https:\/\/enolife.com.ar\/es\/wp-content\/uploads\/2024\/08\/Imagen1-18-300x235.jpg 300w, https:\/\/enolife.com.ar\/es\/wp-content\/uploads\/2024\/08\/Imagen1-18-768x602.jpg 768w, https:\/\/enolife.com.ar\/es\/wp-content\/uploads\/2024\/08\/Imagen1-18-585x459.jpg 585w\" sizes=\"auto, (max-width: 657px) 100vw, 657px\" \/><\/a><figcaption class=\"wp-element-caption\"><strong><em>Claudia Yanz\u00f3n, CEO y fundadora del Bus Vitivin\u00edcola; Ulpiano Su\u00e1rez, Rodolfo Vargas Arizu, Mariana Juri, Nora Vicario y Patricia Ortiz.<\/em><\/strong><\/figcaption><\/figure><\/div>\n\n\n<div style=\"height:30px\" aria-hidden=\"true\" class=\"wp-block-spacer\"><\/div>\n\n\n\n<p>Durante el encuentro, realizado en la Bodega Los Toneles de Guaymall\u00e9n, Mendoza, se presentaron las nuevas incorporaciones de buses a la flota del Bus Vitivin\u00edcola, y sus directivos reafirmar el compromiso de la empresa con la mejora continua y la b\u00fasqueda de excelencia para ofrecer servicios de calidad.<\/p>\n\n\n\n<p>Adem\u00e1s de la presentaci\u00f3n, los asistentes disfrutaron de una selecci\u00f3n de vinos de&nbsp;<strong>bodegas<\/strong>&nbsp;reconocidas, acompa\u00f1ados por una&nbsp;<strong>propuesta gastron\u00f3mica<\/strong>&nbsp;a cargo del chef Mat\u00edas Guti\u00e9rrez del restaurante Abrasado de Bodega Los Toneles, medalla de oro de los Best of Mendoza&#8217;s Wine Tourism y recomendado por la Gu\u00eda Michelin.<\/p>\n\n\n\n<p>El evento tambi\u00e9n incluy\u00f3 un&nbsp;<strong>reconocimiento<\/strong>&nbsp;a personas que han sido pilares en la historia del Bus Vitivin\u00edcola, tales como <strong>Lila Levinson, Mauricio Llaver, Mauricio y Julio Elmelaj<\/strong>, entre otros. <\/p>\n\n\n\n<div style=\"height:30px\" aria-hidden=\"true\" class=\"wp-block-spacer\"><\/div>\n\n\n<div class=\"wp-block-image\">\n<figure class=\"aligncenter size-full is-resized\"><a href=\"https:\/\/enolife.com.ar\/es\/wp-content\/uploads\/2024\/08\/Bus-Vitivinicola-149-1.jpg\" data-rel=\"penci-gallery-image-content\" ><img loading=\"lazy\" decoding=\"async\" src=\"https:\/\/enolife.com.ar\/es\/wp-content\/uploads\/2024\/08\/Bus-Vitivinicola-149-1.jpg\" alt=\"\" class=\"wp-image-122226\" width=\"609\" height=\"405\" srcset=\"https:\/\/enolife.com.ar\/es\/wp-content\/uploads\/2024\/08\/Bus-Vitivinicola-149-1.jpg 751w, https:\/\/enolife.com.ar\/es\/wp-content\/uploads\/2024\/08\/Bus-Vitivinicola-149-1-300x200.jpg 300w, https:\/\/enolife.com.ar\/es\/wp-content\/uploads\/2024\/08\/Bus-Vitivinicola-149-1-585x389.jpg 585w\" sizes=\"auto, (max-width: 609px) 100vw, 609px\" \/><\/a><figcaption class=\"wp-element-caption\"><strong><em>Claudia Yanz\u00f3n entreg\u00f3 un reconocimiento a la conductora y periodista Lila Levinson.<\/em><\/strong><\/figcaption><\/figure><\/div>\n\n\n<div style=\"height:30px\" aria-hidden=\"true\" class=\"wp-block-spacer\"><\/div>\n\n\n\n<div style=\"height:35px\" aria-hidden=\"true\" class=\"wp-block-spacer\"><\/div>\n\n\n\n<p class=\"has-medium-font-size\"><strong>El Bus Vitivin\u00edcola ya dio 22 veces la vuelta al mundo <\/strong><\/p>\n\n\n\n<p>En sus 11 a\u00f1os de operaci\u00f3n, el Bus Vitivin\u00edcola ha transportartado a 64.907 pasajeros y ha realizado 176.305 visitas a bodegas, ofreciendo 47.754 experiencias gastron\u00f3micas y recorrido un total de 889.600 kil\u00f3metros, equivalentes a m\u00e1s de 22 veces la vuelta al mundo, considerando que la circunferencia del planeta por la l\u00ednea del Ecuador es de 40.000 km. <\/p>\n\n\n\n<div style=\"height:30px\" aria-hidden=\"true\" class=\"wp-block-spacer\"><\/div>\n\n\n<div class=\"wp-block-image\">\n<figure class=\"aligncenter size-full is-resized\"><a href=\"https:\/\/enolife.com.ar\/es\/wp-content\/uploads\/2024\/08\/20240816_103801.jpg\" data-rel=\"penci-gallery-image-content\" ><img loading=\"lazy\" decoding=\"async\" src=\"https:\/\/enolife.com.ar\/es\/wp-content\/uploads\/2024\/08\/20240816_103801.jpg\" alt=\"\" class=\"wp-image-122186\" width=\"626\" height=\"408\" srcset=\"https:\/\/enolife.com.ar\/es\/wp-content\/uploads\/2024\/08\/20240816_103801.jpg 666w, https:\/\/enolife.com.ar\/es\/wp-content\/uploads\/2024\/08\/20240816_103801-300x195.jpg 300w, https:\/\/enolife.com.ar\/es\/wp-content\/uploads\/2024\/08\/20240816_103801-585x381.jpg 585w\" sizes=\"auto, (max-width: 626px) 100vw, 626px\" \/><\/a><\/figure><\/div>\n\n\n<div style=\"height:30px\" aria-hidden=\"true\" class=\"wp-block-spacer\"><\/div>\n\n\n\n<p>Hoy, Bus Vitivin\u00edcola realiza 8 recorridos semanales en modalidad <strong>\u201cHop On &amp; Hop Off \u2013 Bodegueando\u201d,<\/strong> visitando 35 bodegas de <strong>Luj\u00e1n, Maip\u00fa y Valle de Uco<\/strong>. Posee 25 puntos de parada fija y 3 opciones de ticket: Full Day (a 4 bodegas), Half Day Ma\u00f1ana (a 2 bodegas), y Half Day Tarde (a 2 bodegas). Adem\u00e1s, organiza salidas especiales programadas de acuerdo con el calendario anual del mundo del vino y ofrece servicios privados a medida, conocidos como Tailor Made, \u00e1reas de negocio de la empresa que tambi\u00e9n contin\u00faan en constante crecimiento.<\/p>\n\n\n\n<p>Durante la gala, se presentaron nuevas unidades de la flota, destacando la alianza estrat\u00e9gica con <strong>Cata Internacional<\/strong>, la empresa transportadora oficial, propiedad de la reconocida familia Elmelaj, con <strong>Mauricio y Julio Elmelaj<\/strong> al frente. La primera, una unidad de un piso con capacidad para 50 pasajeros, est\u00e1 equipada con asientos de cuero, ba\u00f1o, frigobar y un dise\u00f1o que no supera la altura del arbolado urbano, permitiendo su circulaci\u00f3n \u00f3ptima en la ciudad. La segunda, una unidad de doble piso con 60 butacas de cuero y suspensi\u00f3n neum\u00e1tica regulable en altura, lo que mejora la accesibilidad para los pasajeros.<\/p>\n\n\n\n<div style=\"height:30px\" aria-hidden=\"true\" class=\"wp-block-spacer\"><\/div>\n\n\n<div class=\"wp-block-image\">\n<figure class=\"aligncenter size-large is-resized\"><a href=\"https:\/\/enolife.com.ar\/es\/wp-content\/uploads\/2024\/08\/Imagen2-15.jpg\" data-rel=\"penci-gallery-image-content\" ><img loading=\"lazy\" decoding=\"async\" src=\"https:\/\/enolife.com.ar\/es\/wp-content\/uploads\/2024\/08\/Imagen2-15-1024x683.jpg\" alt=\"\" class=\"wp-image-122195\" width=\"602\" height=\"401\" srcset=\"https:\/\/enolife.com.ar\/es\/wp-content\/uploads\/2024\/08\/Imagen2-15-1024x683.jpg 1024w, https:\/\/enolife.com.ar\/es\/wp-content\/uploads\/2024\/08\/Imagen2-15-300x200.jpg 300w, https:\/\/enolife.com.ar\/es\/wp-content\/uploads\/2024\/08\/Imagen2-15-768x512.jpg 768w, https:\/\/enolife.com.ar\/es\/wp-content\/uploads\/2024\/08\/Imagen2-15-585x390.jpg 585w, https:\/\/enolife.com.ar\/es\/wp-content\/uploads\/2024\/08\/Imagen2-15.jpg 1080w\" sizes=\"auto, (max-width: 602px) 100vw, 602px\" \/><\/a><\/figure><\/div>\n\n\n<div style=\"height:30px\" aria-hidden=\"true\" class=\"wp-block-spacer\"><\/div>\n\n\n\n<p>Ambas unidades poseen ba\u00f1o, cinturones de seguridad inerciales de tres puntos, puertos USB individuales, sistema de audio y video. La alianza con Cata Internacional garantiza la seguridad y comodidad de todos los pasajeros en cada trayecto. Estas unidades adem\u00e1s est\u00e1n disponibles para servicios corporativos, ofreciendo la misma calidad y comodidad para empresas y eventos especiales.<\/p>\n\n\n\n<div style=\"height:30px\" aria-hidden=\"true\" class=\"wp-block-spacer\"><\/div>\n","protected":false},"excerpt":{"rendered":"<p>El servicio de transporte y conexi\u00f3n de visitantes con las bodegas de Mendoza celebr\u00f3 un&hellip;<\/p>\n","protected":false},"author":3,"featured_media":122250,"comment_status":"open","ping_status":"open","sticky":false,"template":"","format":"standard","meta":{"footnotes":""},"categories":[57],"tags":[],"class_list":["post-122180","post","type-post","status-publish","format-standard","has-post-thumbnail","hentry","category-empresas"],"_links":{"self":[{"href":"https:\/\/enolife.com.ar\/es\/wp-json\/wp\/v2\/posts\/122180","targetHints":{"allow":["GET"]}}],"collection":[{"href":"https:\/\/enolife.com.ar\/es\/wp-json\/wp\/v2\/posts"}],"about":[{"href":"https:\/\/enolife.com.ar\/es\/wp-json\/wp\/v2\/types\/post"}],"author":[{"embeddable":true,"href":"https:\/\/enolife.com.ar\/es\/wp-json\/wp\/v2\/users\/3"}],"replies":[{"embeddable":true,"href":"https:\/\/enolife.com.ar\/es\/wp-json\/wp\/v2\/comments?post=122180"}],"version-history":[{"count":0,"href":"https:\/\/enolife.com.ar\/es\/wp-json\/wp\/v2\/posts\/122180\/revisions"}],"wp:featuredmedia":[{"embeddable":true,"href":"https:\/\/enolife.com.ar\/es\/wp-json\/wp\/v2\/media\/122250"}],"wp:attachment":[{"href":"https:\/\/enolife.com.ar\/es\/wp-json\/wp\/v2\/media?parent=122180"}],"wp:term":[{"taxonomy":"category","embeddable":true,"href":"https:\/\/enolife.com.ar\/es\/wp-json\/wp\/v2\/categories?post=122180"},{"taxonomy":"post_tag","embeddable":true,"href":"https:\/\/enolife.com.ar\/es\/wp-json\/wp\/v2\/tags?post=122180"}],"curies":[{"name":"wp","href":"https:\/\/api.w.org\/{rel}","templated":true}]}}