{"id":121619,"date":"2024-08-11T20:37:32","date_gmt":"2024-08-11T20:37:32","guid":{"rendered":"https:\/\/enolife.com.ar\/es\/?p=121619"},"modified":"2024-08-14T01:30:54","modified_gmt":"2024-08-14T01:30:54","slug":"primer-torneo-de-futbol-vitivinicola-entre-trabajadores-de-vinas-y-bodegas-de-lujan-desde-el-16-8","status":"publish","type":"post","link":"https:\/\/enolife.com.ar\/es\/primer-torneo-de-futbol-vitivinicola-entre-trabajadores-de-vinas-y-bodegas-de-lujan-desde-el-16-8\/","title":{"rendered":"Primer Torneo de F\u00fatbol Vitivin\u00edcola entre trabajadores de vi\u00f1as y bodegas de Luj\u00e1n, desde el 16\/8"},"content":{"rendered":"\n<h4 class=\"wp-block-heading\"><em><strong>Una original iniciativa de un grupo de empleados de vi\u00f1a y bodegas de Luj\u00e1n de Cuyo, Mendoza, con apoyo de sus compa\u00f1eros de toda la regi\u00f3n, arranca este pr\u00f3ximo viernes 16 de agosto en la Cancha del Prado de Agrelo, Luj\u00e1n, con el objetivo de integrar a las familias del sector. Ya hay 14 equipos de 10 jugadores inscriptos, y se pueden sumar m\u00e1s trabajadores de este departamento comunic\u00e1ndose con los organizadores.<\/strong><\/em><\/h4>\n\n\n\n<div style=\"height:35px\" aria-hidden=\"true\" class=\"wp-block-spacer\"><\/div>\n\n\n<a href=\"https:\/\/www.linkedin.com\/company\/agrinet-sa\/?originalSubdomain=ar\" aria-label=\"1700X500\"><img loading=\"lazy\" decoding=\"async\" src=\"https:\/\/enolife.com.ar\/es\/wp-content\/uploads\/2021\/11\/1700X500.gif\" alt=\"\"  width=\"1700\" height=\"500\"   \/><\/a>\n\n\n<div style=\"height:45px\" aria-hidden=\"true\" class=\"wp-block-spacer\"><\/div>\n\n\n<div class=\"wp-block-image\">\n<figure class=\"alignleft size-full is-resized\"><a href=\"https:\/\/enolife.com.ar\/es\/wp-content\/uploads\/2024\/08\/454687630_7932640496842814_585131435841641240_n.jpg\" data-rel=\"penci-gallery-image-content\" ><img loading=\"lazy\" decoding=\"async\" src=\"https:\/\/enolife.com.ar\/es\/wp-content\/uploads\/2024\/08\/454687630_7932640496842814_585131435841641240_n.jpg\" alt=\"\" class=\"wp-image-121632\" width=\"322\" height=\"319\" srcset=\"https:\/\/enolife.com.ar\/es\/wp-content\/uploads\/2024\/08\/454687630_7932640496842814_585131435841641240_n.jpg 404w, https:\/\/enolife.com.ar\/es\/wp-content\/uploads\/2024\/08\/454687630_7932640496842814_585131435841641240_n-300x297.jpg 300w, https:\/\/enolife.com.ar\/es\/wp-content\/uploads\/2024\/08\/454687630_7932640496842814_585131435841641240_n-150x150.jpg 150w\" sizes=\"auto, (max-width: 322px) 100vw, 322px\" \/><\/a><\/figure><\/div>\n\n\n<p>En <strong>Luj\u00e1n de Cuyo, la tierra del Malbec<\/strong>, la pasi\u00f3n del f\u00fatbol tambi\u00e9n une a los trabajadores de vi\u00f1as y bodegas. Con cientos de bodegas en este departamento, las ganas de armar equipos representando a las bodegas son muy fuertes, y s\u00f3lo hac\u00eda falta que aparecieran los organizadores. Finalmente, se concret\u00f3: el <strong>pr\u00f3ximo viernes 16 de agosto arranca un torneo pionero<\/strong>, que contribuir\u00e1 a estrechar lazos de amistad e integraci\u00f3n social entre la gente del sector.<\/p>\n\n\n\n<p>En principio, el Primer Torneo de F\u00fatbol Vitivin\u00edcola est\u00e1 pensado para los trabajadores de Luj\u00e1n, pero pronto se lanzar\u00e1 un torneo a nivel provincial.<\/p>\n\n\n\n<p>Ya son 14 los equipos inscriptos, y se pueden sumar m\u00e1s, comunic\u00e1ndose con los organizadores. Seg\u00fan cuentan los impulsores del proyecto, <em>\u00abnuestro objetivo es inculcar valores, como el trabajo en equipo, el compa\u00f1erismo, el esfuerzo, y reforzar el lazo afectivo entre los compa\u00f1eros del rubro vitivin\u00edcolas, mejorando la vida social\u00bb.<\/em><\/p>\n\n\n\n<p>El torneo empezar\u00e1 con su primer fecha el d\u00eda viernes 16 de agosto en horario tarde-noche en las <strong>Canchas del Prado, en Luj\u00e1n<\/strong>. Los equipos deben estar integrados por <strong>12 jugadores como m\u00e1ximo<\/strong>. Se dividir\u00e1n en 2 o m\u00e1s zonas, seg\u00fan la cantidad final de equipos inscriptos. Ser\u00e1 por eliminaci\u00f3n directa.<\/p>\n\n\n\n<div style=\"height:30px\" aria-hidden=\"true\" class=\"wp-block-spacer\"><\/div>\n\n\n\n<p class=\"has-background\" style=\"background-color:#abb7c269\"><strong>Primera fecha<\/strong><br><br><strong>Zona A:<\/strong><br>Finca Norton A vs. Giol<br>Luigi F\u00fatbol vs. Mill\u00e1n<br>Escorihuela vs. Fraccionamiento M\u00f3vil<br><br><strong>Zona B:<\/strong><br>Clop y Clop vs. Finca Norton B<br>Norton Bodega vs. Balbo Bodega<br>Vistalba vs. Mac\u00edas <br><br><strong>Interzonal:<\/strong><br>Cavas de Weinert vs. Piatelli<\/p>\n\n\n\n<div style=\"height:30px\" aria-hidden=\"true\" class=\"wp-block-spacer\"><\/div>\n\n\n\n<p><strong>Jorge Ver\u00f3n<\/strong>, uno de los organizadores, coment\u00f3 a <strong>Enolife<\/strong>: <em>\u00abEl deporte mejora la vida social y cultural, es un momento de recreaci\u00f3n e integraci\u00f3n y une a las personas, por eso la convocatoria fue muy exitosa\u00bb.<\/em><\/p>\n\n\n\n<p>Por su parte, <strong>Juan Calibar<\/strong>, coment\u00f3 que <em>\u00abesta actividad es muy importante para nuestro sector, para poder vincularnos entre diferentes compa\u00f1eros de otras empresas, siempre hablando de la familia vitivin\u00edcola, as\u00ed que esperamos que las familias nos acompa\u00f1en desde las tribunas alentando por cada equipo\u00bb.<\/em><\/p>\n\n\n\n<div style=\"height:20px\" aria-hidden=\"true\" class=\"wp-block-spacer\"><\/div>\n\n\n\n<h4 class=\"wp-block-heading has-background\" style=\"background-color:#f78da878\">Los equipos interesados en sumarse deben contactarse por tel\u00e9fono con los organizadores <strong>Jorge Laime <\/strong>(2612052318) y <strong>Jorge Ver\u00f3n<\/strong> (2613039618)<\/h4>\n\n\n\n<div style=\"height:20px\" aria-hidden=\"true\" class=\"wp-block-spacer\"><\/div>\n\n\n\n<p>Existe un antecedente previo a este torneo, un cuadrangular entre los equipos de los organizadores del torneo. En julio pasado, el equipo de <strong>Ariel Taca<\/strong> de <strong>Bodegas Norton<\/strong> se qued\u00f3 con la gloria al resultar campe\u00f3n.<\/p>\n\n\n\n<div style=\"height:30px\" aria-hidden=\"true\" class=\"wp-block-spacer\"><\/div>\n","protected":false},"excerpt":{"rendered":"<p>Una original iniciativa de un grupo de empleados de vi\u00f1a y bodegas de Luj\u00e1n de&hellip;<\/p>\n","protected":false},"author":3,"featured_media":121631,"comment_status":"open","ping_status":"open","sticky":false,"template":"","format":"standard","meta":{"footnotes":""},"categories":[47],"tags":[],"class_list":["post-121619","post","type-post","status-publish","format-standard","has-post-thumbnail","hentry","category-agenda"],"_links":{"self":[{"href":"https:\/\/enolife.com.ar\/es\/wp-json\/wp\/v2\/posts\/121619","targetHints":{"allow":["GET"]}}],"collection":[{"href":"https:\/\/enolife.com.ar\/es\/wp-json\/wp\/v2\/posts"}],"about":[{"href":"https:\/\/enolife.com.ar\/es\/wp-json\/wp\/v2\/types\/post"}],"author":[{"embeddable":true,"href":"https:\/\/enolife.com.ar\/es\/wp-json\/wp\/v2\/users\/3"}],"replies":[{"embeddable":true,"href":"https:\/\/enolife.com.ar\/es\/wp-json\/wp\/v2\/comments?post=121619"}],"version-history":[{"count":0,"href":"https:\/\/enolife.com.ar\/es\/wp-json\/wp\/v2\/posts\/121619\/revisions"}],"wp:featuredmedia":[{"embeddable":true,"href":"https:\/\/enolife.com.ar\/es\/wp-json\/wp\/v2\/media\/121631"}],"wp:attachment":[{"href":"https:\/\/enolife.com.ar\/es\/wp-json\/wp\/v2\/media?parent=121619"}],"wp:term":[{"taxonomy":"category","embeddable":true,"href":"https:\/\/enolife.com.ar\/es\/wp-json\/wp\/v2\/categories?post=121619"},{"taxonomy":"post_tag","embeddable":true,"href":"https:\/\/enolife.com.ar\/es\/wp-json\/wp\/v2\/tags?post=121619"}],"curies":[{"name":"wp","href":"https:\/\/api.w.org\/{rel}","templated":true}]}}