{"id":121287,"date":"2024-08-08T00:31:00","date_gmt":"2024-08-08T00:31:00","guid":{"rendered":"https:\/\/enolife.com.ar\/es\/?p=121287"},"modified":"2024-08-09T21:22:08","modified_gmt":"2024-08-09T21:22:08","slug":"expo-agua-2024-difundio-programas-para-emprendedores-empresarios-y-productores-agricolas","status":"publish","type":"post","link":"https:\/\/enolife.com.ar\/es\/expo-agua-2024-difundio-programas-para-emprendedores-empresarios-y-productores-agricolas\/","title":{"rendered":"Expo Agua 2024 difundi\u00f3 programas para emprendedores, empresarios y productores agr\u00edcolas"},"content":{"rendered":"\n<h4 class=\"wp-block-heading\"><em><strong>El encuentro, que se puso en marcha el pasado martes 6\/8 en el Multiespacio Cultural Luj\u00e1n de Cuyo (ex Feriagro), se extender\u00e1 hasta ma\u00f1ana jueves 8\/8 y tiene como eje de debate la gesti\u00f3n del recurso h\u00eddrico en la provincia y las nuevas tecnolog\u00edas disponibles para riego.<\/strong><\/em><\/h4>\n\n\n\n<div style=\"height:35px\" aria-hidden=\"true\" class=\"wp-block-spacer\"><\/div>\n\n\n<a href=\"https:\/\/www.irrigacion.gov.ar\/web\/\" aria-label=\"irrigaci\u00f3n-1700X500\"><img loading=\"lazy\" decoding=\"async\" src=\"https:\/\/enolife.com.ar\/es\/wp-content\/uploads\/2021\/02\/irrigacion-1700X500.gif\" alt=\"\"  width=\"1700\" height=\"500\"   \/><\/a>\n\n\n<div style=\"height:45px\" aria-hidden=\"true\" class=\"wp-block-spacer\"><\/div>\n\n\n\n<p>El Ministerio de Producci\u00f3n de la provincia de Mendoza expuso herramientas dirigidas a emprendedores, empresarios y productores agr\u00edcolas en el marco de la <strong>Expo Agua 2024<\/strong>. Compuesta de las <strong>VIII Jornadas de Actualizaci\u00f3n en Riego y Fertirriego<\/strong> y la <strong>Feria de Tecnolog\u00eda Agr\u00edcola<\/strong>, la exposici\u00f3n se extender\u00e1 hasta el jueves 8\/8, en el <strong>Multiespacio Cultural Luj\u00e1n de Cuyo (Ex Feriagro).<\/strong><\/p>\n\n\n\n<p>La iniciativa, que reuni\u00f3 a referentes y especialistas en la tem\u00e1tica provenientes del sector p\u00fablico, privado y la academia, tendr\u00e1 como eje de debate la gesti\u00f3n del recurso h\u00eddrico en la provincia y las nuevas tecnolog\u00edas disponibles para riego.<\/p>\n\n\n\n<div style=\"height:30px\" aria-hidden=\"true\" class=\"wp-block-spacer\"><\/div>\n\n\n<div class=\"wp-block-image\">\n<figure class=\"aligncenter size-full is-resized\"><a href=\"https:\/\/enolife.com.ar\/es\/wp-content\/uploads\/2024\/08\/Imagen4-4.jpg\" data-rel=\"penci-gallery-image-content\" ><img loading=\"lazy\" decoding=\"async\" src=\"https:\/\/enolife.com.ar\/es\/wp-content\/uploads\/2024\/08\/Imagen4-4.jpg\" alt=\"\" class=\"wp-image-121292\" width=\"660\" height=\"364\" srcset=\"https:\/\/enolife.com.ar\/es\/wp-content\/uploads\/2024\/08\/Imagen4-4.jpg 796w, https:\/\/enolife.com.ar\/es\/wp-content\/uploads\/2024\/08\/Imagen4-4-300x166.jpg 300w, https:\/\/enolife.com.ar\/es\/wp-content\/uploads\/2024\/08\/Imagen4-4-768x425.jpg 768w, https:\/\/enolife.com.ar\/es\/wp-content\/uploads\/2024\/08\/Imagen4-4-585x323.jpg 585w\" sizes=\"auto, (max-width: 660px) 100vw, 660px\" \/><\/a><figcaption class=\"wp-element-caption\"><strong><em>La mesa de directivos de la UNCuyo y funcionarios provinciales y municipales<\/em><\/strong><\/figcaption><\/figure><\/div>\n\n\n<div style=\"height:30px\" aria-hidden=\"true\" class=\"wp-block-spacer\"><\/div>\n\n\n\n<p>En este marco,&nbsp;<strong>Alfredo Draque, director de Agricultura del Ministerio de Producci\u00f3n<\/strong>, resalt\u00f3: <em>\u201cEn este contexto, es de suma importancia seguir trabajando para que el uso de este vital elemento sea, cada vez, m\u00e1s eficiente en todos los sectores productivos de la provincia. Desde el inicio de esta gesti\u00f3n, hemos impulsado iniciativas con todos los actores vinculados a la tem\u00e1tica, tanto desde el sector privado, como de quienes est\u00e1n dedicados a la gobernanza del agua y de la academia\u201d<\/em>.<\/p>\n\n\n\n<p><em>\u201cHemos aprovechado la ocasi\u00f3n para poner a disposici\u00f3n de todos los asistentes las diferentes l\u00edneas de acci\u00f3n impulsadas desde el ejecutivo local en pos de fortalecer el desarrollo y crecimiento de emprendedores, empresarios, industriales y productores agr\u00edcolas de nuestra provincia\u201d<\/em>, remarc\u00f3 Draque.<\/p>\n\n\n\n<p>Al respecto, el funcionario detall\u00f3 que quienes asistieron pudieron acceder a informaci\u00f3n concreta sobre las distintas l\u00edneas de financiamiento disponibles para productores y que est\u00e1n orientadas, concretamente, a la adquisici\u00f3n de malla antigranizo, eficiencia h\u00eddrica, energ\u00e9tica e inversiones en general.<\/p>\n\n\n\n<p>Tambi\u00e9n, desde la cartera de Producci\u00f3n brindaron detalles sobre las l\u00edneas de financiamiento destinadas a emprendedores como lo es el caso del Emprende Semilla IV, Escala y la Red Mendoza Mentorea, iniciativas impulsadas desde la Direcci\u00f3n de Emprendedores y Cooperativas de la provincia.<\/p>\n\n\n\n<div style=\"height:30px\" aria-hidden=\"true\" class=\"wp-block-spacer\"><\/div>\n\n\n\n<figure class=\"wp-block-embed is-type-rich is-provider-twitter wp-block-embed-twitter\"><div class=\"wp-block-embed__wrapper\">\n<blockquote class=\"twitter-tweet\" data-width=\"550\" data-dnt=\"true\"><p lang=\"es\" dir=\"ltr\">Abriendo las conferencias magistrales en la <a href=\"https:\/\/twitter.com\/hashtag\/ExpoAgua?src=hash&amp;ref_src=twsrc%5Etfw\">#ExpoAgua<\/a> y Producci\u00f3n Sustentable, disert\u00f3 el Dr Ricardo Aliod, UNIZAR, Espa\u00f1a, con el tema \u201cOportunidades y desaf\u00edos de la<br>distribuci\u00f3n de agua presurizada en el regad\u00edo\u201d.<a href=\"https:\/\/twitter.com\/hashtag\/Distribuci%C3%B3n?src=hash&amp;ref_src=twsrc%5Etfw\">#Distribuci\u00f3n<\/a> <a href=\"https:\/\/twitter.com\/hashtag\/Agua?src=hash&amp;ref_src=twsrc%5Etfw\">#Agua<\/a> <a href=\"https:\/\/twitter.com\/hashtag\/Presurizada?src=hash&amp;ref_src=twsrc%5Etfw\">#Presurizada<\/a> <a href=\"https:\/\/t.co\/iKLg63A7hN\">pic.twitter.com\/iKLg63A7hN<\/a><\/p>&mdash; Ciencias Agrarias UNCuyo (@FCAUNCuyo) <a href=\"https:\/\/twitter.com\/FCAUNCuyo\/status\/1821179641173836153?ref_src=twsrc%5Etfw\">August 7, 2024<\/a><\/blockquote><script async src=\"https:\/\/platform.twitter.com\/widgets.js\" charset=\"utf-8\"><\/script>\n<\/div><\/figure>\n\n\n\n<div style=\"height:35px\" aria-hidden=\"true\" class=\"wp-block-spacer\"><\/div>\n\n\n\n<p class=\"has-medium-font-size\"><strong>Amplia participaci\u00f3n<\/strong><\/p>\n\n\n\n<p>La iniciativa, enmarcada en el D\u00eda Mundial del Agua, cuenta con la coordinaci\u00f3n conjunta entre la Facultad de Ciencias Agrarias de la UNCuyo (FCA), el Departamento General de Irrigaci\u00f3n (DGI), el Instituto Nacional de Tecnolog\u00eda Agropecuaria (INTA), el Instituto Nacional del Agua (INA) y el Gobierno de Mendoza, a trav\u00e9s del Ministerio de Producci\u00f3n.<\/p>\n\n\n\n<p><strong>Jimena Estrella, secretaria de Vinculaci\u00f3n de la Facultad de Ciencias Agrarias (FCA)&nbsp;de la Universidad Nacional de Cuyo<\/strong>, resalt\u00f3 la importancia del encuentro para la provincia: <em>\u201cEste es un encuentro muy importante porque pone en valor todo el trabajo que se realiza en cuanto a investigaci\u00f3n, formaci\u00f3n y la extensi\u00f3n en la gesti\u00f3n del recurso h\u00eddrico. Reconocemos la necesidad de seguir mejorando nuestros sistemas de uso del agua y para la nuestra facultad es una forma de visibilizar el esfuerzo de los docentes e investigadores\u201d<\/em>.<\/p>\n\n\n\n<p><em>\u201cLa participaci\u00f3n de referentes de la provincia, el pa\u00eds y el mundo en este encuentro, representa el esfuerzo colectivo de muchas organizaciones que pusimos la gesti\u00f3n del agua como gran objetivo conjunto. Las experiencias compartidas por estos referentes internacionales nos han permitido debatir en pos de ir mejorando nuestra gesti\u00f3n del agua\u201d<\/em>, cerr\u00f3.<\/p>\n\n\n\n<p>A su turno,&nbsp;<strong>Sergio Marinelli, superintendente General de Irrigaci\u00f3n<\/strong>, coment\u00f3: <em>\u201cPara los que estamos encargados de la gesti\u00f3n del agua, este es un hecho esencial porque luego, esto se traduce en una mejor gesti\u00f3n, en m\u00e1s y mejor informaci\u00f3n y esto le sirve en definitiva a los productores y a la calidad de vida de los mendocinos\u201d<\/em>.<\/p>\n\n\n\n<p><em>\u201cA futuro, entendemos el tema del agua va a ser complejo. Hay que prepararse con herramientas como las que estamos trabajando como lo es el c\u00f3digo de aguas, un plan h\u00eddrico a largo plazo, financiamiento y obras, principalmente de riego intrafinca. Tambi\u00e9n, mejorar las empresas que brindan el servicio p\u00fablico y tambi\u00e9n lo que tiene que ver con los municipios con respecto al riego del arbolado y los espacios p\u00fablicos\u201d<\/em>, remarc\u00f3.<\/p>\n\n\n\n<div style=\"height:30px\" aria-hidden=\"true\" class=\"wp-block-spacer\"><\/div>\n\n\n<div class=\"wp-block-image\">\n<figure class=\"aligncenter size-full is-resized\"><a href=\"https:\/\/enolife.com.ar\/es\/wp-content\/uploads\/2024\/08\/Imagen2-7.jpg\" data-rel=\"penci-gallery-image-content\" ><img loading=\"lazy\" decoding=\"async\" src=\"https:\/\/enolife.com.ar\/es\/wp-content\/uploads\/2024\/08\/Imagen2-7.jpg\" alt=\"\" class=\"wp-image-121293\" width=\"622\" height=\"414\" srcset=\"https:\/\/enolife.com.ar\/es\/wp-content\/uploads\/2024\/08\/Imagen2-7.jpg 700w, https:\/\/enolife.com.ar\/es\/wp-content\/uploads\/2024\/08\/Imagen2-7-300x200.jpg 300w, https:\/\/enolife.com.ar\/es\/wp-content\/uploads\/2024\/08\/Imagen2-7-585x389.jpg 585w\" sizes=\"auto, (max-width: 622px) 100vw, 622px\" \/><\/a><figcaption class=\"wp-element-caption\"><strong><em>Alfredo Draque, Sergio Marinelli, Mar\u00eda Flavia Filippini y Esteban Allasino<\/em><\/strong><\/figcaption><\/figure><\/div>\n\n\n<div style=\"height:30px\" aria-hidden=\"true\" class=\"wp-block-spacer\"><\/div>\n\n\n\n<p><strong>Mar\u00eda Flavia Filippini, decana de la Facultad de Ciencias Agrarias<\/strong>, se\u00f1al\u00f3: <em>\u201cLa gesti\u00f3n del agua y la sustentabilidad se constituyen como elementos centrales para la producci\u00f3n agroindustrial de Mendoza y la regi\u00f3n. La expo re\u00fane ambos conceptos y lo hace con una mirada p\u00fablico-privada, favoreciendo la interacci\u00f3n entre investigadores, empresas y Gobierno\u201d<\/em>.<\/p>\n\n\n\n<p><strong>Claudio Galmarini, director del Centro Regional Mendoza-San Juan INTA<\/strong>, asegur\u00f3: <em>\u201cEl INTA ha priorizado la tem\u00e1tica en la regi\u00f3n. Esto significa que, mediante nuestros equipos de extensi\u00f3n e investigaci\u00f3n, como tambi\u00e9n mediante la articulaci\u00f3n y coordinaci\u00f3n de esfuerzos con organismos nacionales, provinciales, municipales como con organizaciones civiles, desarrollamos acciones para hacer un uso eficiente del agua y facilitar el acceso a tecnolog\u00edas que permitan a los actores del sector productivo adecuarse a la realidad h\u00eddrica de la regi\u00f3n. La Expo Agua es una gran oportunidad para mostrar los avances logrados y proponer nuevos desaf\u00edos\u201d<\/em>.<\/p>\n\n\n\n<p><em>\u201cEs de suma importancia que se re\u00fanan, para el tratamiento de estos temas, el Gobierno, en el dise\u00f1o de las pol\u00edticas p\u00fablicas; los organismos de ciencia y tecnolog\u00eda como el INTA y el Instituto Nacional del Agua; la academia, con la Facultad de Ciencias Agrarias y el Departamento General de Irrigaci\u00f3n, como organismo de gesti\u00f3n y de distribuci\u00f3n del agua, para analizar integralmente las nuevas tecnolog\u00edas en materia de pr\u00e1cticas agr\u00edcolas y fertirriego, acompa\u00f1ando su desarrollo y aplicaci\u00f3n a la realidad de Mendoza\u201d<\/em>, dijo por su parte&nbsp;<strong>Santiago Ruiz Freites, subgerente del Centro Regional Andino del INA.<\/strong><\/p>\n\n\n\n<p><strong>Esther S\u00e1nchez, rectora de la UNCuyo<\/strong>, agreg\u00f3: <em>\u201cEste espacio es fruto de un trabajo constante. Tiene una historia que realmente se enmarca en lo que es nuestra actividad productiva en la provincia. Las actividades de Mendoza no ser\u00edan lo que son si no tuviesen los aportes de la Universidad Nacional de Cuyo y de las instituciones que est\u00e1n relacionadas con ella. Esto es lo que hay que celebrar, el trabajo conjunto, colaborativo que lo que hace es, precisamente un desarrollo de la regi\u00f3n\u201d<\/em>.<\/p>\n\n\n\n<div style=\"height:30px\" aria-hidden=\"true\" class=\"wp-block-spacer\"><\/div>\n\n\n<div class=\"wp-block-image\">\n<figure class=\"aligncenter size-full is-resized\"><a href=\"https:\/\/enolife.com.ar\/es\/wp-content\/uploads\/2024\/08\/Imagen3-5.jpg\" data-rel=\"penci-gallery-image-content\" ><img loading=\"lazy\" decoding=\"async\" src=\"https:\/\/enolife.com.ar\/es\/wp-content\/uploads\/2024\/08\/Imagen3-5.jpg\" alt=\"\" class=\"wp-image-121294\" width=\"668\" height=\"445\" srcset=\"https:\/\/enolife.com.ar\/es\/wp-content\/uploads\/2024\/08\/Imagen3-5.jpg 700w, https:\/\/enolife.com.ar\/es\/wp-content\/uploads\/2024\/08\/Imagen3-5-300x200.jpg 300w, https:\/\/enolife.com.ar\/es\/wp-content\/uploads\/2024\/08\/Imagen3-5-585x389.jpg 585w\" sizes=\"auto, (max-width: 668px) 100vw, 668px\" \/><\/a><figcaption class=\"wp-element-caption\"><strong><em>El encuentro se puso en marcha el 6\/8 en el Multiespacio Cultural Luj\u00e1n de Cuyo<\/em><\/strong><\/figcaption><\/figure><\/div>\n\n\n<div style=\"height:35px\" aria-hidden=\"true\" class=\"wp-block-spacer\"><\/div>\n\n\n\n<p class=\"has-medium-font-size\"><strong>Gesti\u00f3n del agua en Mendoza y calentamiento global: perspectivas para 2024<\/strong><\/p>\n\n\n\n<p>La cordillera de los Andes, crucial para el suministro de agua en Mendoza y regiones vecinas, enfrenta desaf\u00edos crecientes debido al cambio clim\u00e1tico. Este fen\u00f3meno, conocido desde el siglo XIX, est\u00e1 afectando gravemente los recursos h\u00eddricos. Durante la \u201cExpo Agua y Producci\u00f3n Sustentable\u201d, expertos discutieron las implicancias para la provincia.<\/p>\n\n\n\n<p>Ricardo Villalba, investigador del CONICET en el Instituto Argentino de Nieve, Glaciares y Ciencias Ambientales (Ianigla)<strong>,<\/strong>&nbsp;alert\u00f3 sobre la reducci\u00f3n de glaciares y nieve, esenciales para el caudal de los r\u00edos. Esta tendencia, proyectada para el siglo XXI, amenaza la capacidad de Mendoza para irrigar su limitada superficie cultivable.<\/p>\n\n\n\n<p>Aunque el fen\u00f3meno de El Ni\u00f1o podr\u00eda traer un incremento temporal en las nevadas, como en 2015-2016, Villalba entiende que esto no es una soluci\u00f3n a largo plazo. Mendoza debe continuar innovando en t\u00e9cnicas de manejo del agua y promover una conciencia ambiental entre sus habitantes para enfrentar la escasez futura.<\/p>\n\n\n\n<p>En 2024, la provincia debe aprovechar los periodos de mayor disponibilidad de agua para almacenar recursos y prepararse para los desaf\u00edos continuos impuestos por el calentamiento global.<\/p>\n\n\n\n<p>El experto hizo hincapi\u00e9 en la importancia de que cada mendocino reconozca el valor vital del agua. Destaca que, adem\u00e1s de las instituciones responsables, cada persona debe adoptar una actitud de cuidado y protecci\u00f3n del planeta. <em>\u201cEs fundamental que cada uno de nosotros entienda que nuestra relaci\u00f3n con la Tierra debe cambiar: no estamos aqu\u00ed solo para utilizarla, sino para cuidarla. Este cambio de mentalidad es esencial para preservar nuestro entorno y garantizar un futuro sostenible\u201d<\/em>.<\/p>\n\n\n\n<div style=\"height:30px\" aria-hidden=\"true\" class=\"wp-block-spacer\"><\/div>\n","protected":false},"excerpt":{"rendered":"<p>El encuentro, que se puso en marcha el pasado martes 6\/8 en el Multiespacio Cultural&hellip;<\/p>\n","protected":false},"author":3,"featured_media":121298,"comment_status":"open","ping_status":"open","sticky":false,"template":"","format":"standard","meta":{"footnotes":""},"categories":[14],"tags":[],"class_list":["post-121287","post","type-post","status-publish","format-standard","has-post-thumbnail","hentry","category-news"],"_links":{"self":[{"href":"https:\/\/enolife.com.ar\/es\/wp-json\/wp\/v2\/posts\/121287","targetHints":{"allow":["GET"]}}],"collection":[{"href":"https:\/\/enolife.com.ar\/es\/wp-json\/wp\/v2\/posts"}],"about":[{"href":"https:\/\/enolife.com.ar\/es\/wp-json\/wp\/v2\/types\/post"}],"author":[{"embeddable":true,"href":"https:\/\/enolife.com.ar\/es\/wp-json\/wp\/v2\/users\/3"}],"replies":[{"embeddable":true,"href":"https:\/\/enolife.com.ar\/es\/wp-json\/wp\/v2\/comments?post=121287"}],"version-history":[{"count":0,"href":"https:\/\/enolife.com.ar\/es\/wp-json\/wp\/v2\/posts\/121287\/revisions"}],"wp:featuredmedia":[{"embeddable":true,"href":"https:\/\/enolife.com.ar\/es\/wp-json\/wp\/v2\/media\/121298"}],"wp:attachment":[{"href":"https:\/\/enolife.com.ar\/es\/wp-json\/wp\/v2\/media?parent=121287"}],"wp:term":[{"taxonomy":"category","embeddable":true,"href":"https:\/\/enolife.com.ar\/es\/wp-json\/wp\/v2\/categories?post=121287"},{"taxonomy":"post_tag","embeddable":true,"href":"https:\/\/enolife.com.ar\/es\/wp-json\/wp\/v2\/tags?post=121287"}],"curies":[{"name":"wp","href":"https:\/\/api.w.org\/{rel}","templated":true}]}}