{"id":121276,"date":"2024-08-09T01:12:12","date_gmt":"2024-08-09T01:12:12","guid":{"rendered":"https:\/\/enolife.com.ar\/es\/?p=121276"},"modified":"2024-08-11T00:35:20","modified_gmt":"2024-08-11T00:35:20","slug":"promendoza-celebro-sus-28-anos-con-una-capacitacion-para-pymes-sobre-como-comunicar-mejor","status":"publish","type":"post","link":"https:\/\/enolife.com.ar\/es\/promendoza-celebro-sus-28-anos-con-una-capacitacion-para-pymes-sobre-como-comunicar-mejor\/","title":{"rendered":"ProMendoza celebr\u00f3 sus 28 a\u00f1os con una capacitaci\u00f3n para pymes sobre c\u00f3mo comunicar mejor\u00a0\u00a0"},"content":{"rendered":"\n<h4 class=\"wp-block-heading\"><em><strong>El pasado 6 de agosto, ProMendoza -la agencia gubernamental de la provincia encargada de promover los productos locales en el exterior- cumpli\u00f3 28 a\u00f1os y lo celebr\u00f3 junto a referentes de peque\u00f1as y medianas empresas de Mendoza, a quienes convoc\u00f3 para una capacitaci\u00f3n gratuita sobre \u00abstorytelling\u00bb, con el objetivo de que estos emprendedores sumen herramientas para poder comunicar mejor quienes son y qu\u00e9 hacen.<\/strong><\/em><\/h4>\n\n\n\n<div style=\"height:35px\" aria-hidden=\"true\" class=\"wp-block-spacer\"><\/div>\n\n\n\n\n\n<div style=\"height:45px\" aria-hidden=\"true\" class=\"wp-block-spacer\"><\/div>\n\n\n\n<p>El disertante fue el el experto <strong>Esteban Ruiz<\/strong>, quien tiene m\u00e1s de 20 a\u00f1os de experiencia en el rubro de la comunicaci\u00f3n y es propietario de <strong>Retina<\/strong>, una de las organizaciones destacadas del sector en Mendoza. Adem\u00e1s, el encuentro cont\u00f3 con la colaboraci\u00f3n del <strong>Grupo Bonarda<\/strong>, que desde la <strong>Zona Este<\/strong> se sum\u00f3 con sus mejores etiquetas de vinos, como parte de la <strong>Semana del Bonarda <\/strong>en <strong>Argentina.<\/strong>&nbsp;<\/p>\n\n\n\n<div style=\"height:30px\" aria-hidden=\"true\" class=\"wp-block-spacer\"><\/div>\n\n\n<div class=\"wp-block-image\">\n<figure class=\"aligncenter size-full is-resized\"><a href=\"https:\/\/enolife.com.ar\/es\/wp-content\/uploads\/2024\/08\/DSC_6728.jpg\" data-rel=\"penci-gallery-image-content\" ><img loading=\"lazy\" decoding=\"async\" src=\"https:\/\/enolife.com.ar\/es\/wp-content\/uploads\/2024\/08\/DSC_6728.jpg\" alt=\"\" class=\"wp-image-121282\" width=\"650\" height=\"385\" srcset=\"https:\/\/enolife.com.ar\/es\/wp-content\/uploads\/2024\/08\/DSC_6728.jpg 842w, https:\/\/enolife.com.ar\/es\/wp-content\/uploads\/2024\/08\/DSC_6728-300x178.jpg 300w, https:\/\/enolife.com.ar\/es\/wp-content\/uploads\/2024\/08\/DSC_6728-768x456.jpg 768w, https:\/\/enolife.com.ar\/es\/wp-content\/uploads\/2024\/08\/DSC_6728-585x347.jpg 585w\" sizes=\"auto, (max-width: 650px) 100vw, 650px\" \/><\/a><figcaption class=\"wp-element-caption\"><em><strong>El encuentro de capacitaci\u00f3n en la sede de ProMendoza.<\/strong><\/em><\/figcaption><\/figure><\/div>\n\n\n<div style=\"height:30px\" aria-hidden=\"true\" class=\"wp-block-spacer\"><\/div>\n\n\n\n<p><em>\u00abProMendoza renueva su compromiso de brindar servicios adecuados a las necesidades de los que apuestan por la Provincia, apoyando su proceso de internacionalizaci\u00f3n, sumando nuevos programas para incrementar la oferta exportable con mayor valor agregado, promoviendo la participaci\u00f3n de todos los actores econ\u00f3micos y atendiendo las necesidades de los diferentes sectores de la producci\u00f3n<\/em>\u00ab, indic\u00f3 <strong>Patricia Gim\u00e9nez, <\/strong>gerente de la fundaci\u00f3n ProMendoza.<\/p>\n\n\n\n<p>Luego fue el momento del disertante quien resumi\u00f3: <em>\u00abSi sos emprendedor, ten\u00e9s una empresa o busc\u00e1s comunicar tu marca personal, seguramente te has preguntado c\u00f3mo llegar a tus clientes, c\u00f3mo lograr que te escuchen y te recuerden y c\u00f3mo diferenciarte. El storytelling es la herramienta que se encarga de contar historias que capturen la atenci\u00f3n y mantengan el inter\u00e9s de la audiencia, despertando emociones y sensaciones vinculadas al contenido trasmitido, adem\u00e1s de presentar un mensaje claro\u00bb<\/em>.<\/p>\n\n\n\n<div style=\"height:30px\" aria-hidden=\"true\" class=\"wp-block-spacer\"><\/div>\n\n\n<div class=\"wp-block-image\">\n<figure class=\"aligncenter size-full is-resized\"><a href=\"https:\/\/enolife.com.ar\/es\/wp-content\/uploads\/2024\/08\/DSC_6860.jpg\" data-rel=\"penci-gallery-image-content\" ><img loading=\"lazy\" decoding=\"async\" src=\"https:\/\/enolife.com.ar\/es\/wp-content\/uploads\/2024\/08\/DSC_6860.jpg\" alt=\"\" class=\"wp-image-121280\" width=\"682\" height=\"402\" srcset=\"https:\/\/enolife.com.ar\/es\/wp-content\/uploads\/2024\/08\/DSC_6860.jpg 848w, https:\/\/enolife.com.ar\/es\/wp-content\/uploads\/2024\/08\/DSC_6860-300x177.jpg 300w, https:\/\/enolife.com.ar\/es\/wp-content\/uploads\/2024\/08\/DSC_6860-768x453.jpg 768w, https:\/\/enolife.com.ar\/es\/wp-content\/uploads\/2024\/08\/DSC_6860-585x345.jpg 585w\" sizes=\"auto, (max-width: 682px) 100vw, 682px\" \/><\/a><figcaption class=\"wp-element-caption\"><em><strong>Patricia Gim\u00e9nez y Esteban Ruiz.<\/strong><\/em><\/figcaption><\/figure><\/div>\n\n\n<div style=\"height:35px\" aria-hidden=\"true\" class=\"wp-block-spacer\"><\/div>\n\n\n\n<p class=\"has-medium-font-size\"><strong>Un poco de historia<\/strong><\/p>\n\n\n\n<p>Hace 28 a\u00f1os, representantes del<strong> Gobierno de Mendoza, la Uni\u00f3n Comercial e Industrial de Mendoza (UCIM), la Bolsa de Comercio de Mendoza y la Federaci\u00f3n Econ\u00f3mica de Mendoza (FEM) <\/strong>decidieron sumar esfuerzos para construir en conjunto un organismo p\u00fablico- privado, dedicado al comercio internacional de la provincia.&nbsp;<\/p>\n\n\n\n<p>As\u00ed naci\u00f3 el 6 de agosto de 1996 <strong>Fundaci\u00f3n ProMendoza<\/strong>, asumiendo un reto in\u00e9dito en la vida institucional de la provincia: insertarla en el globalizado y cambiante contexto internacional, con la decisi\u00f3n de mejorar la competitividad de las empresas, asistir al desarrollo del perfil exportador de las empresas regionales, incrementar el crecimiento de sus exportaciones y la promoci\u00f3n del comercio exterior.<\/p>\n\n\n\n<p>En diciembre de 2023, el gobernador <strong>Alfredo Cornejo<\/strong> cre\u00f3 la <strong>Unidad ProMendoza<\/strong>, d\u00e1ndole rango ministerial al organismo, a fin de poner en valor el comercio exterior de la provincia.<\/p>\n\n\n\n<p>La Ley estipula que dicha Unidad tendr\u00e1 bajo su responsabilidad primordial la formulaci\u00f3n de las pol\u00edticas de internacionalizaci\u00f3n de la producci\u00f3n de la provincia, la promoci\u00f3n de inversiones y la promoci\u00f3n comercial de la provincia en foros y organismos internacionales.&nbsp;<\/p>\n\n\n\n<div style=\"height:35px\" aria-hidden=\"true\" class=\"wp-block-spacer\"><\/div>\n\n\n\n<p class=\"has-medium-font-size\"><strong>Crecimiento sostenido en el tiempo<\/strong><\/p>\n\n\n\n<p>ProMendoza desarrolla una importante labor territorial, impulsando la difusi\u00f3n de informaci\u00f3n, el dise\u00f1o y la ejecuci\u00f3n de programas de promoci\u00f3n comercial y la atracci\u00f3n de inversiones. Actualmente cuenta con una oficina central y 3 sedes en los principales oasis productivos: Este, Sur y Valle de Uco.<\/p>\n\n\n\n<p><em>\u00abImpulsamos proyectos de cooperaci\u00f3n entre regiones para insertarse en los diferentes mercados en forma conjunta, trabajando con herramientas adecuadas para facilitar la inserci\u00f3n internacional.&nbsp; Otro de los grandes ejes y desaf\u00edos que tenemos es el de atraer nuevas inversiones a la provincia\u00bb<\/em>, agreg\u00f3 Gim\u00e9nez.&nbsp;<\/p>\n\n\n\n<div style=\"height:35px\" aria-hidden=\"true\" class=\"wp-block-spacer\"><\/div>\n\n\n\n<p class=\"has-medium-font-size\"><strong>Algunos n\u00fameros<\/strong><\/p>\n\n\n\n<p>En estos 28 a\u00f1os ProMendoza ha concretado 170 misiones comerciales, m\u00e1s de 380 participaciones en ferias, m\u00e1s 250 rondas inversas de negocios, 300 capacitaciones a empresas sobre temas relacionados a las exportaciones, y ha generado millones de d\u00f3lares FOB en negocios con el exterior.<\/p>\n\n\n\n<p>En los \u00faltimos a\u00f1os, los principales destinos de exportaci\u00f3n de Mendoza han sido Brasil, EE. UU., Reino Unido, Chile, Espa\u00f1a, Canad\u00e1, M\u00e9xico, China, Uruguay y Pa\u00edses Bajos.<\/p>\n\n\n\n<p>Las exportaciones, en 1996, &nbsp;consist\u00edan en un 50% s\u00f3lo en gas y petr\u00f3leo. El resto estaba concentrada en otros productos o servicios que se generaban en&nbsp; pocas empresas. En estos a\u00f1os se han superado los 1800 millones de d\u00f3lares en exportaciones, diversificados en m\u00e1s de 700 pymes.<\/p>\n\n\n\n<div style=\"height:35px\" aria-hidden=\"true\" class=\"wp-block-spacer\"><\/div>\n\n\n\n<p class=\"has-medium-font-size\"><strong>Otras actividades por el mes aniversario<\/strong><\/p>\n\n\n\n<p>&nbsp;Durante este mes tambi\u00e9n se desarrollar\u00e1n otras actividades importantes para fomentar el comercio exterior de las empresas mendocinas. Esta semana, por ejemplo, ProMendoza es anfitriona y organizadora de una importante agenda de negocios de un reconocido importador de Brasil. Se trata de <strong>Fecoagro<\/strong> que es la <strong>Federaci\u00f3n de Cooperativas de Alimentos de Brasil<\/strong>. Con m\u00e1s de 48 a\u00f1os de trayectoria, re\u00fane a 10 cooperativas \u00fanicas y una cooperativa central, que emplean de manera conjunta a 56 mil personas y cuentan con m\u00e1s de 71.000 socios en su planilla. Uno de sus principales funcionarios recorre la provincia conociendo empresas que quieren llevar sus productos a ese pa\u00eds.<\/p>\n\n\n\n<p>Tambi\u00e9n, ProMendoza, realizar\u00e1 en paralelo un foro para desarrollar negocios con Ecuador. La exposici\u00f3n estar\u00e1 a cargo de la consejera comercial de <strong>Ecuador<\/strong> en Argentina, <strong>Elizabeth Barsallo<\/strong>, y contar\u00e1 con la presencia de la c\u00f3nsul honoraria de Ecuador en Mendoza, <strong>Bernardita Romero Kramarenko<\/strong>, adem\u00e1s de t\u00e9cnicos de nuestra instituci\u00f3n y su titular, Patricia Gim\u00e9nez.<\/p>\n\n\n\n<div style=\"height:30px\" aria-hidden=\"true\" class=\"wp-block-spacer\"><\/div>\n","protected":false},"excerpt":{"rendered":"<p>El pasado 6 de agosto, ProMendoza -la agencia gubernamental de la provincia encargada de promover&hellip;<\/p>\n","protected":false},"author":3,"featured_media":121279,"comment_status":"open","ping_status":"open","sticky":false,"template":"","format":"standard","meta":{"footnotes":""},"categories":[14],"tags":[],"class_list":["post-121276","post","type-post","status-publish","format-standard","has-post-thumbnail","hentry","category-news"],"_links":{"self":[{"href":"https:\/\/enolife.com.ar\/es\/wp-json\/wp\/v2\/posts\/121276","targetHints":{"allow":["GET"]}}],"collection":[{"href":"https:\/\/enolife.com.ar\/es\/wp-json\/wp\/v2\/posts"}],"about":[{"href":"https:\/\/enolife.com.ar\/es\/wp-json\/wp\/v2\/types\/post"}],"author":[{"embeddable":true,"href":"https:\/\/enolife.com.ar\/es\/wp-json\/wp\/v2\/users\/3"}],"replies":[{"embeddable":true,"href":"https:\/\/enolife.com.ar\/es\/wp-json\/wp\/v2\/comments?post=121276"}],"version-history":[{"count":0,"href":"https:\/\/enolife.com.ar\/es\/wp-json\/wp\/v2\/posts\/121276\/revisions"}],"wp:featuredmedia":[{"embeddable":true,"href":"https:\/\/enolife.com.ar\/es\/wp-json\/wp\/v2\/media\/121279"}],"wp:attachment":[{"href":"https:\/\/enolife.com.ar\/es\/wp-json\/wp\/v2\/media?parent=121276"}],"wp:term":[{"taxonomy":"category","embeddable":true,"href":"https:\/\/enolife.com.ar\/es\/wp-json\/wp\/v2\/categories?post=121276"},{"taxonomy":"post_tag","embeddable":true,"href":"https:\/\/enolife.com.ar\/es\/wp-json\/wp\/v2\/tags?post=121276"}],"curies":[{"name":"wp","href":"https:\/\/api.w.org\/{rel}","templated":true}]}}