{"id":121108,"date":"2024-08-05T23:21:15","date_gmt":"2024-08-05T23:21:15","guid":{"rendered":"https:\/\/enolife.com.ar\/es\/?p=121108"},"modified":"2024-08-07T15:33:20","modified_gmt":"2024-08-07T15:33:20","slug":"la-antigua-bodega-arizu-sera-un-hub-turistico-tras-un-convenio-entre-godoy-cruz-gobierno-y-privados","status":"publish","type":"post","link":"https:\/\/enolife.com.ar\/es\/la-antigua-bodega-arizu-sera-un-hub-turistico-tras-un-convenio-entre-godoy-cruz-gobierno-y-privados\/","title":{"rendered":"La antigua bodega Arizu ser\u00e1 un hub tur\u00edstico tras un convenio entre Godoy Cruz, Gobierno y privados"},"content":{"rendered":"\n<h4 class=\"wp-block-heading\"><em><strong>El monumental edificio de una de las bodegas pioneras de Mendoza, declarado Patrimonio Hist\u00f3rico y Arquitect\u00f3nico por el gobierno argentino, ubicado a 3 km del centro de la capital provincial, se convertir\u00e1 en un centro tur\u00edstico, gastron\u00f3mico, cultural y vitivin\u00edcola tras la firma del fideicomiso de administraci\u00f3n \u00abRefuncionalizaci\u00f3n Espacio Arizu\u00bb. Este convenio busca captar inversores privados para desarrollar obras de infraestructura y recuperar construcciones en los 4 niveles -2 subsuelos, planta baja y planta alta- de la bodega, en un total de 37.791,15 m2. Cabe recordar que desde hace a\u00f1os la comuna local ha recuperado parte de las instalaciones y conformado el Espacio Arizu, donde se realizan actividades culturales y gastron\u00f3micas en forma permanente.  <\/strong><\/em><\/h4>\n\n\n\n<div style=\"height:35px\" aria-hidden=\"true\" class=\"wp-block-spacer\"><\/div>\n\n\n\n\n\n<div style=\"height:45px\" aria-hidden=\"true\" class=\"wp-block-spacer\"><\/div>\n\n\n\n<p>Hoy <strong>5\/8\/24<\/strong> se firm\u00f3 un convenio entre la <strong>Municipalidad de Godoy Cruz<\/strong>, <strong>Mendoza<\/strong>, y el organismo gubernamental <strong>Mendoza Fiduciaria,<\/strong> con el objetivo de posibilitar que desarrolladores privados realicen en el antiguo edificio de la <strong>Bodega Arizu <\/strong>inversiones gastron\u00f3micas, tur\u00edsticas y culturales e inmobiliarias.<\/p>\n\n\n\n<p>El fideicomiso de administraci\u00f3n para la <strong>\u00abRefuncionalizaci\u00f3n Espacio Arizu\u00bb<\/strong> se rubric\u00f3 en el hist\u00f3rico inmueble recuperado. Participaron del acto el gobernador de la provincia, <strong>Alfredo Cornejo<\/strong>, el intendente de Godoy Cruz, <strong>Diego Costarelli<\/strong>, directivos de Mendoza Fiduciaria y la titular del Ente Mendoza Tur\u00edstico (Emetur), <strong>Gabriela Testa<\/strong>.<\/p>\n\n\n\n<p>Seg\u00fan explic\u00f3 Costarelli, el fideicomiso del denominado <strong>Consorcio Arizu<\/strong> <em>\u00abnos va a permitir desarrollar el casco hist\u00f3rico que fue expropiado. Es por eso que tenemos que cumplir con lo que dice la ley de expropiaci\u00f3n, que incluye rubros gastron\u00f3micos, del vino, industrias creativas, tur\u00edsticas, entre otras actividades\u00bb<\/em>.<\/p>\n\n\n\n<p><em>\u00abVamos a contratar en este fideicomiso un desarrollador en donde se ver\u00e1n distintas opciones <\/em>-agreg\u00f3 el jefe comunal-<em>; de esta manera se ofertar\u00e1n distintas alternativas de inversi\u00f3n que se pueden desarrollar en el casco hist\u00f3rico y de ah\u00ed tener inversores diferentes para cada alternativa\u00bb<\/em>.<\/p>\n\n\n\n<p>Los funcionarios se\u00f1alaron que se realizar\u00e1 una licitaci\u00f3n y se contratar\u00e1 a una empresa privada para que se encargue de buscar a posibles inversores. <em>\u00abEstamos generando las condiciones para atraer al privado a realizar su negocio y que, con un cierto riesgo, haga su inversi\u00f3n y sea un motor de la econom\u00eda de Godoy Cruz\u00bb<\/em>, subray\u00f3 Costarelli. <\/p>\n\n\n\n<p>Por su parte, Cornejo&nbsp;hizo hincapi\u00e9 en la significaci\u00f3n de este&nbsp;ambicioso proyecto. <em>\u00abTiene que ver con atraer a todo tipo de inversores relacionados con el turismo a esta bodega emblem\u00e1tica, incentivando esta industria que hoy crece en Mendoza a pasos agigantados\u00bb<\/em>, dijo el gobernador. Y resalt\u00f3:<em> \u00abLlegar a este momento ha costado mucha inversi\u00f3n del Estado y del municipio. Por eso hoy queremos que sean los privados los protagonistas\u00bb<\/em><strong>.<\/strong><\/p>\n\n\n\n<div style=\"height:30px\" aria-hidden=\"true\" class=\"wp-block-spacer\"><\/div>\n\n\n<div class=\"wp-block-image\">\n<figure class=\"aligncenter size-full is-resized\"><a href=\"https:\/\/enolife.com.ar\/es\/wp-content\/uploads\/2024\/08\/mendoza-fiduciaria.jpeg\" data-rel=\"penci-gallery-image-content\" ><img loading=\"lazy\" decoding=\"async\" src=\"https:\/\/enolife.com.ar\/es\/wp-content\/uploads\/2024\/08\/mendoza-fiduciaria.jpeg\" alt=\"\" class=\"wp-image-121114\" width=\"596\" height=\"392\" srcset=\"https:\/\/enolife.com.ar\/es\/wp-content\/uploads\/2024\/08\/mendoza-fiduciaria.jpeg 759w, https:\/\/enolife.com.ar\/es\/wp-content\/uploads\/2024\/08\/mendoza-fiduciaria-300x198.jpeg 300w, https:\/\/enolife.com.ar\/es\/wp-content\/uploads\/2024\/08\/mendoza-fiduciaria-585x385.jpeg 585w\" sizes=\"auto, (max-width: 596px) 100vw, 596px\" \/><\/a><figcaption class=\"wp-element-caption\"><em><strong>El gobernador Alfredo Cornejo y el intendente Diego Costarelli (al centro), junto a funcionarios provinciales.<\/strong><\/em><\/figcaption><\/figure><\/div>\n\n\n<div style=\"height:30px\" aria-hidden=\"true\" class=\"wp-block-spacer\"><\/div>\n\n\n\n<p>Por su parte, Testa apunt\u00f3: <em>\u00abRecuperar este espacio, en una provincia donde uno de los valores m\u00e1s potentes es el vino y una de las motivaciones principales de los turistas que nos visitan son las bodegas, significa que podr\u00eda ser un centro de interpretaci\u00f3n de todo el paisaje vitivin\u00edcola\u00bb<\/em>. <em>\u00abAdem\u00e1s <\/em>-agreg\u00f3-<em>, es muy importante para todos los ciudadanos recuperar su patrimonio. Esto habla de nosotros, es nuestra historia, es nuestra obligaci\u00f3n\u00bb<\/em>.<\/p>\n\n\n\n<div style=\"height:35px\" aria-hidden=\"true\" class=\"wp-block-spacer\"><\/div>\n\n\n\n<p class=\"has-medium-font-size\"><strong>De la expropiaci\u00f3n a la recuperaci\u00f3n<\/strong><\/p>\n\n\n\n<p>Este proceso se inici\u00f3 mediante la Ordenanza N\u00b0 6725\/2017 de la Municipalidad de Godoy Cruz, por la cual se declar\u00f3 de inter\u00e9s municipal la <strong>expropiaci\u00f3n de tres inmuebles<\/strong>, entre los que se encontraba la Bodega Arizu, en calle San Mart\u00edn 1515 de ese departamento. En la norma se especificaba que el objetivo era destinar el inmueble a un museo del vino, incluyendo todas las actividades culturales, educativas, art\u00edsticas, tur\u00edsticas e hist\u00f3ricas proyectadas, as\u00ed como tareas promocionales relacionadas de alg\u00fan modo con la industria vitivin\u00edcola y actividades relacionadas, como turismo y gastronom\u00eda.<\/p>\n\n\n\n<p>Asimismo, conforme a las necesidades emergentes de las actividades proyectadas, se autoriz\u00f3 destinar espacios para la apertura o prolongaci\u00f3n de calles, y tambi\u00e9n para sectores verdes y recreativos. En m\u00e9rito a dicha norma y para la ejecuci\u00f3n de la misma, el municipio, mediante el Decreto N\u00ba 1545\/18, declar\u00f3 y dispuso la expropiaci\u00f3n de los inmuebles.<\/p>\n\n\n\n<p>Por otro lado, el Concejo Deliberante de ese departamento dispuso la apertura de calle Agust\u00edn \u00c1lvarez, con el fin de dar continuidad a la trama urbana con sentido norte-sur, mediante la prolongaci\u00f3n de la misma desde calle Lisandro de la Torre hasta calle Los Olmos.<\/p>\n\n\n\n<p>En tanto, se autoriz\u00f3 al Ejecutivo Municipal a administrar, contratar y disponer de los terrenos expropiados, individualizados en la Ley N\u00b0 9057, as\u00ed como los espacios, sectores y construcciones existentes, a la vez que se autorizaba a construir en los mismos predios. <\/p>\n\n\n\n<div style=\"height:30px\" aria-hidden=\"true\" class=\"wp-block-spacer\"><\/div>\n\n\n<div class=\"wp-block-image\">\n<figure class=\"aligncenter size-full is-resized\"><a href=\"https:\/\/enolife.com.ar\/es\/wp-content\/uploads\/2024\/08\/Ex-Bodega-Arizu-web.jpg\" data-rel=\"penci-gallery-image-content\" ><img loading=\"lazy\" decoding=\"async\" src=\"https:\/\/enolife.com.ar\/es\/wp-content\/uploads\/2024\/08\/Ex-Bodega-Arizu-web.jpg\" alt=\"\" class=\"wp-image-121116\" width=\"616\" height=\"370\" srcset=\"https:\/\/enolife.com.ar\/es\/wp-content\/uploads\/2024\/08\/Ex-Bodega-Arizu-web.jpg 775w, https:\/\/enolife.com.ar\/es\/wp-content\/uploads\/2024\/08\/Ex-Bodega-Arizu-web-300x180.jpg 300w, https:\/\/enolife.com.ar\/es\/wp-content\/uploads\/2024\/08\/Ex-Bodega-Arizu-web-768x461.jpg 768w, https:\/\/enolife.com.ar\/es\/wp-content\/uploads\/2024\/08\/Ex-Bodega-Arizu-web-585x351.jpg 585w\" sizes=\"auto, (max-width: 616px) 100vw, 616px\" \/><\/a><figcaption class=\"wp-element-caption\"><em><strong>Una de las galer\u00edas internas en el amplio inmueble de la bodega, en la planta baja, entre las antiguas cavas.<\/strong><\/em><\/figcaption><\/figure><\/div>\n\n\n<div style=\"height:35px\" aria-hidden=\"true\" class=\"wp-block-spacer\"><\/div>\n\n\n\n<p class=\"has-medium-font-size\"><strong>Todas las posibilidades de adaptaci\u00f3n<\/strong><\/p>\n\n\n\n<p>El Espacio Arizu tiene opciones de readaptaci\u00f3n muy interesantes. En primer lugar, cuenta con una ubicaci\u00f3n estrat\u00e9gica y  una s\u00f3lida construcci\u00f3n en sus distintos sistemas arquitect\u00f3nicos. Tambi\u00e9n, un per\u00edmetro apto para relacionarse flexiblemente con el entorno, un interior articulado en distintos cuerpos, con patios y espacios libres. Su circulaci\u00f3n interna conecta con independencia desde el interior a las calles adyacentes. Adem\u00e1s, los espacios interiores de los edificios cuentan con caracter\u00edsticas constructivas variadas, que corresponden a diferentes \u00e9pocas hist\u00f3ricas.<\/p>\n\n\n\n<p>Es importante destacar que el 86% del conjunto arquitect\u00f3nico y el 93% de los muros existentes pueden ser preservados y conservados. <\/p>\n\n\n\n<div style=\"height:35px\" aria-hidden=\"true\" class=\"wp-block-spacer\"><\/div>\n\n\n\n<p class=\"has-medium-font-size\"><strong>Riqueza arquitect\u00f3nica<\/strong><\/p>\n\n\n\n<p>El antiguo edificio, construido por <strong>Balbino Arizu en 1888<\/strong>, posee una superficie total cubierta de 37.791,15 metros cuadrados, distribuidos en 4 plantas: baja (16.555,68 m2); subsuelo-1 (3.674,1 m2); subsuelo-2 (13.003,21 m2) y alta (4.558,16 m2).<\/p>\n\n\n\n<p>Con sucesivas ampliaciones y modificaciones a lo largo de su dilatada historia, este conjunto monumental en la actualidad ha quedado inmerso en la estructura urbana. Por sus dimensiones y posibilidades, puede admitir variados usos. En la bodega Arizu es posible identificar diferentes \u00e9pocas en la morfolog\u00eda de las naves, la expresi\u00f3n arquitect\u00f3nica de los espacios, las caracter\u00edsticas tecnol\u00f3gicas, los materiales y los sistemas empleados.<\/p>\n\n\n\n<div style=\"height:35px\" aria-hidden=\"true\" class=\"wp-block-spacer\"><\/div>\n\n\n\n<div style=\"height:30px\" aria-hidden=\"true\" class=\"wp-block-spacer\"><\/div>\n","protected":false},"excerpt":{"rendered":"<p>El monumental edificio de una de las bodegas pioneras de Mendoza, declarado Patrimonio Hist\u00f3rico y&hellip;<\/p>\n","protected":false},"author":3,"featured_media":121118,"comment_status":"open","ping_status":"open","sticky":false,"template":"","format":"standard","meta":{"footnotes":""},"categories":[56,14],"tags":[],"class_list":["post-121108","post","type-post","status-publish","format-standard","has-post-thumbnail","hentry","category-destacado","category-news"],"_links":{"self":[{"href":"https:\/\/enolife.com.ar\/es\/wp-json\/wp\/v2\/posts\/121108","targetHints":{"allow":["GET"]}}],"collection":[{"href":"https:\/\/enolife.com.ar\/es\/wp-json\/wp\/v2\/posts"}],"about":[{"href":"https:\/\/enolife.com.ar\/es\/wp-json\/wp\/v2\/types\/post"}],"author":[{"embeddable":true,"href":"https:\/\/enolife.com.ar\/es\/wp-json\/wp\/v2\/users\/3"}],"replies":[{"embeddable":true,"href":"https:\/\/enolife.com.ar\/es\/wp-json\/wp\/v2\/comments?post=121108"}],"version-history":[{"count":0,"href":"https:\/\/enolife.com.ar\/es\/wp-json\/wp\/v2\/posts\/121108\/revisions"}],"wp:featuredmedia":[{"embeddable":true,"href":"https:\/\/enolife.com.ar\/es\/wp-json\/wp\/v2\/media\/121118"}],"wp:attachment":[{"href":"https:\/\/enolife.com.ar\/es\/wp-json\/wp\/v2\/media?parent=121108"}],"wp:term":[{"taxonomy":"category","embeddable":true,"href":"https:\/\/enolife.com.ar\/es\/wp-json\/wp\/v2\/categories?post=121108"},{"taxonomy":"post_tag","embeddable":true,"href":"https:\/\/enolife.com.ar\/es\/wp-json\/wp\/v2\/tags?post=121108"}],"curies":[{"name":"wp","href":"https:\/\/api.w.org\/{rel}","templated":true}]}}