{"id":120903,"date":"2024-08-02T23:14:32","date_gmt":"2024-08-02T23:14:32","guid":{"rendered":"https:\/\/enolife.com.ar\/es\/?p=120903"},"modified":"2024-08-03T21:05:21","modified_gmt":"2024-08-03T21:05:21","slug":"promendoza-invita-a-un-foro-con-ecuador-el-9-8-para-exportar-mas-productos-y-vinos-de-la-provincia","status":"publish","type":"post","link":"https:\/\/enolife.com.ar\/es\/promendoza-invita-a-un-foro-con-ecuador-el-9-8-para-exportar-mas-productos-y-vinos-de-la-provincia\/","title":{"rendered":"ProMendoza invita a un foro con Ecuador el 9\/8 para exportar m\u00e1s productos y vinos de la provincia"},"content":{"rendered":"\n<h4 class=\"wp-block-heading\"><em><strong>El encuentro virtual con empresarios y funcionarios ecuatorianos tiene como objetivo desarrollar m\u00e1s negocios con ese pa\u00eds del Pac\u00edfico. La actividad, que se realizar\u00e1 el 9 de agosto de 12 a 13.30 hs., no tiene costo pero requiere inscripci\u00f3n previa.<\/strong><\/em><\/h4>\n\n\n\n<div style=\"height:35px\" aria-hidden=\"true\" class=\"wp-block-spacer\"><\/div>\n\n\n\n\n\n<div style=\"height:45px\" aria-hidden=\"true\" class=\"wp-block-spacer\"><\/div>\n\n\n<div class=\"wp-block-image\">\n<figure class=\"alignleft size-full is-resized\"><a href=\"https:\/\/enolife.com.ar\/es\/wp-content\/uploads\/2024\/08\/Imagen1-2.jpg\" data-rel=\"penci-gallery-image-content\" ><img loading=\"lazy\" decoding=\"async\" src=\"https:\/\/enolife.com.ar\/es\/wp-content\/uploads\/2024\/08\/Imagen1-2.jpg\" alt=\"\" class=\"wp-image-120919\" width=\"308\" height=\"308\" srcset=\"https:\/\/enolife.com.ar\/es\/wp-content\/uploads\/2024\/08\/Imagen1-2.jpg 400w, https:\/\/enolife.com.ar\/es\/wp-content\/uploads\/2024\/08\/Imagen1-2-300x300.jpg 300w, https:\/\/enolife.com.ar\/es\/wp-content\/uploads\/2024\/08\/Imagen1-2-150x150.jpg 150w\" sizes=\"auto, (max-width: 308px) 100vw, 308px\" \/><\/a><\/figure><\/div>\n\n\n<p><strong>ProMendoza<\/strong> y <strong>ProEcuador<\/strong> invitan a referentes de pymes mendocinas a participar de un foro para conocer informaci\u00f3n clave con el objetivo de desarrollar negocios con Ecuador.<\/p>\n\n\n\n<p>La exposici\u00f3n estar\u00e1 a cargo de la consejera comercial de Ecuador en Argentina, <strong>Elizabeth Barsallo<\/strong>, y contar\u00e1 con la presencia de la c\u00f3nsul honoraria de Ecuador en Mendoza, <strong>Bernardita Romero Kramarenko<\/strong>, adem\u00e1s de t\u00e9cnicos de ProMendoza y la titular de esa entidad gubernamental, <strong>Patricia Gim\u00e9nez.<\/strong><\/p>\n\n\n\n<p>En la oportunidad, <strong>Maximiliano Campanella<\/strong> y <strong>Mat\u00edas Benegas<\/strong>, de la empresa mendocina de servicios <strong>Embarca<\/strong>, contar\u00e1n su experiencia en alianzas y negocios con ese pa\u00eds. La charla ser\u00e1 una interesante oportunidad para conocer de primera mano c\u00f3mo empezar a hacer negocios en Ecuador.<\/p>\n\n\n\n<p>El encuentro ser\u00e1 virtual y se desarrollar\u00e1 el pr\u00f3ximo viernes 9 de agosto de 12 a 13.30. La actividad no tiene costo, pero se requiere inscripci\u00f3n previa completando un formulario en el siguiente <strong>link:\u00a0<a href=\"https:\/\/promendoza.us14.list-manage.com\/track\/click?u=a78cc148ef1eefb61f4214db1&amp;id=7a3a34b6a6&amp;e=6667db448d\" target=\"_blank\" rel=\"noreferrer noopener\">bit.ly\/NegociosConEcuadorInscripciones<\/a>.<\/strong><\/p>\n\n\n\n<div style=\"height:35px\" aria-hidden=\"true\" class=\"wp-block-spacer\"><\/div>\n\n\n\n<p class=\"has-medium-font-size\"><strong>Ecuador como destino de negocios<\/strong><\/p>\n\n\n\n<p>Ecuador tiene una poblaci\u00f3n de m\u00e1s de 18 millones de habitantes y un PBI per c\u00e1pita de 6500 d\u00f3lares.<\/p>\n\n\n\n<p>Argentina se ubica en el top ten de pa\u00edses que exportan al Ecuador. Representa el 2,5% de las importaciones de ese pa\u00eds, superado por China, Estados Unidos, Colombia y Brasil, entre otros.<\/p>\n\n\n\n<p>Durante 2023, Mendoza export\u00f3 a ese pa\u00eds diversos productos primarios y tambi\u00e9n manufacturas de origen industrial y agropecuario por un valor cercano a los 10 millones de d\u00f3lares.<\/p>\n\n\n\n<p>Entre los principales productos primarios enviados se encuentran manzanas y peras. Tambi\u00e9n se exportaron aceitunas, frutas secas, pasta de frutas, legumbres, hortalizas y, por supuesto, vino.<\/p>\n\n\n\n<div style=\"height:30px\" aria-hidden=\"true\" class=\"wp-block-spacer\"><\/div>\n","protected":false},"excerpt":{"rendered":"<p>El encuentro virtual con empresarios y funcionarios ecuatorianos tiene como objetivo desarrollar m\u00e1s negocios con&hellip;<\/p>\n","protected":false},"author":3,"featured_media":120924,"comment_status":"open","ping_status":"open","sticky":false,"template":"","format":"standard","meta":{"footnotes":""},"categories":[47],"tags":[],"class_list":["post-120903","post","type-post","status-publish","format-standard","has-post-thumbnail","hentry","category-agenda"],"_links":{"self":[{"href":"https:\/\/enolife.com.ar\/es\/wp-json\/wp\/v2\/posts\/120903","targetHints":{"allow":["GET"]}}],"collection":[{"href":"https:\/\/enolife.com.ar\/es\/wp-json\/wp\/v2\/posts"}],"about":[{"href":"https:\/\/enolife.com.ar\/es\/wp-json\/wp\/v2\/types\/post"}],"author":[{"embeddable":true,"href":"https:\/\/enolife.com.ar\/es\/wp-json\/wp\/v2\/users\/3"}],"replies":[{"embeddable":true,"href":"https:\/\/enolife.com.ar\/es\/wp-json\/wp\/v2\/comments?post=120903"}],"version-history":[{"count":0,"href":"https:\/\/enolife.com.ar\/es\/wp-json\/wp\/v2\/posts\/120903\/revisions"}],"wp:featuredmedia":[{"embeddable":true,"href":"https:\/\/enolife.com.ar\/es\/wp-json\/wp\/v2\/media\/120924"}],"wp:attachment":[{"href":"https:\/\/enolife.com.ar\/es\/wp-json\/wp\/v2\/media?parent=120903"}],"wp:term":[{"taxonomy":"category","embeddable":true,"href":"https:\/\/enolife.com.ar\/es\/wp-json\/wp\/v2\/categories?post=120903"},{"taxonomy":"post_tag","embeddable":true,"href":"https:\/\/enolife.com.ar\/es\/wp-json\/wp\/v2\/tags?post=120903"}],"curies":[{"name":"wp","href":"https:\/\/api.w.org\/{rel}","templated":true}]}}