{"id":120556,"date":"2024-07-31T23:21:29","date_gmt":"2024-07-31T23:21:29","guid":{"rendered":"https:\/\/enolife.com.ar\/es\/?p=120556"},"modified":"2024-08-01T17:22:09","modified_gmt":"2024-08-01T17:22:09","slug":"japon-busca-alimentos-y-bebidas-en-mendoza-e-invita-a-su-feria-foodex-la-mayor-de-asia","status":"publish","type":"post","link":"https:\/\/enolife.com.ar\/es\/japon-busca-alimentos-y-bebidas-en-mendoza-e-invita-a-su-feria-foodex-la-mayor-de-asia\/","title":{"rendered":"Jap\u00f3n busca alimentos y bebidas en Mendoza e invita a su feria Foodex, la mayor de Asia"},"content":{"rendered":"\n<h4 class=\"wp-block-heading\"><em><strong>Con 125,1 millones de habitantes y un territorio de 377.973&nbsp;km\u00b2 -la 8va. parte de la superficie de Argentina-, Jap\u00f3n es un pa\u00eds densamente poblado, con una agricultura intensiva muy desarrollada pero que necesita importar cada vez m\u00e1s alimentos para satisfacer la exigente demanda interna. Con esta misi\u00f3n, funcionarios y empresarios de gobierno del pa\u00eds del Sol Naciente recorren pa\u00edses productores en busca de importaciones e intercambios comerciales. Con esta pol\u00edtica, recientemente visitaron Mendoza dos de los organizadores de la Feria Foodex, la m\u00e1s grande del continente asi\u00e1tico en su especialidad, para contactar e invitar a empresas mendocinas para marzo de 2025 en Tokio. <\/strong><\/em><\/h4>\n\n\n\n<div style=\"height:35px\" aria-hidden=\"true\" class=\"wp-block-spacer\"><\/div>\n\n\n<a href=\"https:\/\/instagram.com\/labelsolutions?igshid=YmMyMTA2M2Y=\" aria-label=\"Banner Palero 1700&#215;500\"><img loading=\"lazy\" decoding=\"async\" src=\"https:\/\/enolife.com.ar\/es\/wp-content\/uploads\/2021\/09\/Banner-Palero-1700x500-1.gif\" alt=\"\"  width=\"1700\" height=\"500\"   \/><\/a>\n\n\n<div style=\"height:45px\" aria-hidden=\"true\" class=\"wp-block-spacer\"><\/div>\n\n\n\n<p>Directivos de <strong>ProMendoza<\/strong> -la agencia de promoci\u00f3n de los productos mendocinos en el exterior- recibieron a <strong>Masashi Kato<\/strong>, representante de la <strong>Japan Management Association (JPM)<\/strong>, entidad estatal de <strong>Jap\u00f3n<\/strong> organizadora de <strong>Foodex<\/strong>, la feria de alimentos y bebidas con m\u00e1s trayectoria de Asia.<\/p>\n\n\n\n<p>Masashi Kato es representante de la feria en <strong>Am\u00e9rica Latina<\/strong> junto a <strong>Dai Yoshinaga<\/strong>, por lo que ambos expusieron ante m\u00e1s de 20 pymes locales la necesidad que tiene Jap\u00f3n de ampliar su cartera de importadores para proveer a sus habitantes.<\/p>\n\n\n\n<div style=\"height:30px\" aria-hidden=\"true\" class=\"wp-block-spacer\"><\/div>\n\n\n<div class=\"wp-block-image\">\n<figure class=\"aligncenter size-full\"><a href=\"https:\/\/enolife.com.ar\/es\/wp-content\/uploads\/2024\/07\/image-53.png\" data-rel=\"penci-gallery-image-content\" ><img loading=\"lazy\" decoding=\"async\" width=\"600\" height=\"338\" src=\"https:\/\/enolife.com.ar\/es\/wp-content\/uploads\/2024\/07\/image-53.png\" alt=\"\" class=\"wp-image-120559\" srcset=\"https:\/\/enolife.com.ar\/es\/wp-content\/uploads\/2024\/07\/image-53.png 600w, https:\/\/enolife.com.ar\/es\/wp-content\/uploads\/2024\/07\/image-53-300x169.png 300w, https:\/\/enolife.com.ar\/es\/wp-content\/uploads\/2024\/07\/image-53-585x330.png 585w\" sizes=\"auto, (max-width: 600px) 100vw, 600px\" \/><\/a><figcaption class=\"wp-element-caption\"><em><strong>La presidenta de ProMendoza, Patricia Gim\u00e9nez (de rojo), junto a su equipo, recibieron a Masashi Kato (al centro), representante de la Japan Management Association, organizadora de la feria Foodex.<\/strong><\/em><\/figcaption><\/figure><\/div>\n\n\n<div style=\"height:30px\" aria-hidden=\"true\" class=\"wp-block-spacer\"><\/div>\n\n\n\n<p>Kato invit\u00f3 a las pymes mendocinas para que expongan sus productos en Foodex que se realizar\u00e1 en marzo de 2025.<\/p>\n\n\n\n<div style=\"height:22px\" aria-hidden=\"true\" class=\"wp-block-spacer\"><\/div>\n\n\n\n<blockquote class=\"wp-block-quote is-layout-flow wp-block-quote-is-layout-flow\">\n<p>Jap\u00f3n tiene la capacidad de autoabastecimiento de s\u00f3lo 40% por lo que es necesario comprar, a proveedores externos, el 60% de los alimentos y bebidas que necesitamos\u00bb.<\/p>\n<cite>Masashi Kato, organizador de la feria Foodex<\/cite><\/blockquote>\n\n\n\n<div style=\"height:21px\" aria-hidden=\"true\" class=\"wp-block-spacer\"><\/div>\n\n\n\n<p>El dirigente y funcionario Kato expres\u00f3: <em>\u00abEs importante aclarar que no importamos solamente vino, sino que compramos frutas, verduras, frutas desecadas, en fin, varias cosas. Y Mendoza es una de las provincias que puede brindarlo\u00bb<\/em>.<\/p>\n\n\n\n<p><em>\u00abLlegamos a Mendoza porque es la cuna del vino en Argentina <\/em>-asegur\u00f3 Kato-<em>, y el vino es una bebida que va de la mano de la carne, cuyo consumo ha tenido un crecimiento sostenido en los \u00faltimos a\u00f1os. Es por eso que en la pr\u00f3xima edici\u00f3n de Foodex por primera vez habr\u00e1 un stand dedicado a bodegas\u00bb<\/em>. Y agreg\u00f3: <em>\u00abPero, adem\u00e1s, Mendoza ofrece alimentos frescos y procesados, por lo que resulta una plaza m\u00e1s que interesante para Jap\u00f3n\u00bb<\/em>.<\/p>\n\n\n\n<div style=\"height:21px\" aria-hidden=\"true\" class=\"wp-block-spacer\"><\/div>\n\n\n\n<h3 class=\"wp-block-heading has-vivid-red-color has-text-color\">La feria Foodex tiene lugar anualmente en Tokio, durante 4 d\u00edas en cada marzo, y est\u00e1 dirigida a empresas de alimentos y bebidas. Es la m\u00e1s importante de Asia: re\u00fane a 2.500 expositores de m\u00e1s de 60 pa\u00edses y regiones.<\/h3>\n\n\n\n<div style=\"height:30px\" aria-hidden=\"true\" class=\"wp-block-spacer\"><\/div>\n\n\n<div class=\"wp-block-image\">\n<figure class=\"aligncenter size-full is-resized\"><a href=\"https:\/\/enolife.com.ar\/es\/wp-content\/uploads\/2024\/07\/432734634_842456311254418_6274806361750030302_n.jpg\" data-rel=\"penci-gallery-image-content\" ><img loading=\"lazy\" decoding=\"async\" src=\"https:\/\/enolife.com.ar\/es\/wp-content\/uploads\/2024\/07\/432734634_842456311254418_6274806361750030302_n.jpg\" alt=\"\" class=\"wp-image-120562\" width=\"651\" height=\"366\" srcset=\"https:\/\/enolife.com.ar\/es\/wp-content\/uploads\/2024\/07\/432734634_842456311254418_6274806361750030302_n.jpg 711w, https:\/\/enolife.com.ar\/es\/wp-content\/uploads\/2024\/07\/432734634_842456311254418_6274806361750030302_n-300x169.jpg 300w, https:\/\/enolife.com.ar\/es\/wp-content\/uploads\/2024\/07\/432734634_842456311254418_6274806361750030302_n-585x329.jpg 585w\" sizes=\"auto, (max-width: 651px) 100vw, 651px\" \/><\/a><figcaption class=\"wp-element-caption\"><em><strong>Foodex 2024, en Tokio, Jap\u00f3n.<\/strong><\/em><\/figcaption><\/figure><\/div>\n\n\n<div style=\"height:30px\" aria-hidden=\"true\" class=\"wp-block-spacer\"><\/div>\n\n\n\n<p>En marzo de 2025, Foodex celebrar\u00e1 su 50 aniversario facilitando los negocios entre empresas, mediante la exhibici\u00f3n de m\u00e1s de 80.000 expositores con m\u00e1s de 4 millones de compradores.<\/p>\n\n\n\n<p>Foodex se considera la puerta de entrada para el mercado asi\u00e1tico y tiene la participaci\u00f3n de compradores de Jap\u00f3n y sus alrededores. Participan, adem\u00e1s, 3.000 marcas de al menos 70 pa\u00edses.<\/p>\n\n\n\n<div style=\"height:30px\" aria-hidden=\"true\" class=\"wp-block-spacer\"><\/div>\n","protected":false},"excerpt":{"rendered":"<p>Con 125,1 millones de habitantes y un territorio de 377.973&nbsp;km\u00b2 -la 8va. parte de la&hellip;<\/p>\n","protected":false},"author":3,"featured_media":120565,"comment_status":"open","ping_status":"open","sticky":false,"template":"","format":"standard","meta":{"footnotes":""},"categories":[56,14],"tags":[],"class_list":["post-120556","post","type-post","status-publish","format-standard","has-post-thumbnail","hentry","category-destacado","category-news"],"_links":{"self":[{"href":"https:\/\/enolife.com.ar\/es\/wp-json\/wp\/v2\/posts\/120556","targetHints":{"allow":["GET"]}}],"collection":[{"href":"https:\/\/enolife.com.ar\/es\/wp-json\/wp\/v2\/posts"}],"about":[{"href":"https:\/\/enolife.com.ar\/es\/wp-json\/wp\/v2\/types\/post"}],"author":[{"embeddable":true,"href":"https:\/\/enolife.com.ar\/es\/wp-json\/wp\/v2\/users\/3"}],"replies":[{"embeddable":true,"href":"https:\/\/enolife.com.ar\/es\/wp-json\/wp\/v2\/comments?post=120556"}],"version-history":[{"count":0,"href":"https:\/\/enolife.com.ar\/es\/wp-json\/wp\/v2\/posts\/120556\/revisions"}],"wp:featuredmedia":[{"embeddable":true,"href":"https:\/\/enolife.com.ar\/es\/wp-json\/wp\/v2\/media\/120565"}],"wp:attachment":[{"href":"https:\/\/enolife.com.ar\/es\/wp-json\/wp\/v2\/media?parent=120556"}],"wp:term":[{"taxonomy":"category","embeddable":true,"href":"https:\/\/enolife.com.ar\/es\/wp-json\/wp\/v2\/categories?post=120556"},{"taxonomy":"post_tag","embeddable":true,"href":"https:\/\/enolife.com.ar\/es\/wp-json\/wp\/v2\/tags?post=120556"}],"curies":[{"name":"wp","href":"https:\/\/api.w.org\/{rel}","templated":true}]}}