{"id":120383,"date":"2024-08-03T21:04:49","date_gmt":"2024-08-03T21:04:49","guid":{"rendered":"https:\/\/enolife.com.ar\/es\/?p=120383"},"modified":"2024-08-05T14:04:37","modified_gmt":"2024-08-05T14:04:37","slug":"mendoza-lista-para-recibir-el-congreso-mundial-del-terroir-tras-ganarle-como-sede-a-nueva-zelanda","status":"publish","type":"post","link":"https:\/\/enolife.com.ar\/es\/mendoza-lista-para-recibir-el-congreso-mundial-del-terroir-tras-ganarle-como-sede-a-nueva-zelanda\/","title":{"rendered":"Mendoza, lista para recibir el Congreso mundial del Terroir tras ganarle como sede a Nueva Zelanda"},"content":{"rendered":"\n<h4 class=\"wp-block-heading\"><em><strong>Del 18 al 22 de noviembre de 2024, Mendoza ser\u00e1 sede de la 15ava. cumbre global de expertos sobre los terru\u00f1os vitivin\u00edcolas. El Congreso est\u00e1 impulsado a nivel mundial por la Society of International Terroir Experts (SITE), entidad que, tras evaluar propuestas de los candidatos a anfitriones, entre ellos Nueva Zelanda y Mendoza, eligi\u00f3 como escenario para el pr\u00f3ximo encuentro a esta provincia argentina. Aqu\u00ed, lo organizan en forma conjunta la Facultad de Ciencias Agrarias (FCA) de la Universidad Nacional de Cuyo (UNCuyo), el Consejo Nacional de Investigaciones Cient\u00edficas y Tecnol\u00f3gicas (Conicet), el <strong>Instituto de Biolog\u00eda Agr\u00edcola de Mendoza (IBAM)<\/strong> y el Catena Institute of Wine. Al respecto, Mar\u00eda Flavia Filippini, decana de la FCA y una de las m\u00e1ximas responsables de la organizaci\u00f3n, entrevistada por el programa Conexi\u00f3n Agro de Radio Nihuil, explic\u00f3 c\u00f3mo se prepara esta importante reuni\u00f3n, qu\u00e9 significa desde el punto de vista cient\u00edfico y qu\u00e9 temas se abordar\u00e1n.<\/strong><\/em><\/h4>\n\n\n\n<div style=\"height:35px\" aria-hidden=\"true\" class=\"wp-block-spacer\"><\/div>\n\n\n\n\n\n<div style=\"height:42px\" aria-hidden=\"true\" class=\"wp-block-spacer\"><\/div>\n\n\n\n<p>El <strong>15avo. Congreso Internacional del Terroir <\/strong>-encuentro bianual creado hace 28 a\u00f1os por la <strong>Sociedad Internacional de Expertos del Terroir (Society of International Terroir Experts, SITE)<\/strong>, se har\u00e1 por primera vez en Am\u00e9rica Latina, y la sede elegida tras un \u00abcasting\u00bb de ciudades es <strong>Mendoza<\/strong>.<\/p>\n\n\n\n<p>El Congreso, que transcurrir\u00e1 <strong>durante 5 d\u00edas del 18 al 22 de noviembre 2024<\/strong>, reunir\u00e1 a investigadores, productores, en\u00f3logos y amantes del vino de todo el mundo para compartir avances cient\u00edficos, discutir desaf\u00edos y explorar las \u00faltimas tendencias en el estudio del&nbsp;<strong>terru\u00f1o o <em>terroir<\/em>.<\/strong> Su eje es la participaci\u00f3n de alrededor de <strong>200 cient\u00edficos<\/strong> que presentar\u00e1n sus tesis, ponencias e investigaciones sobre la <strong>interacci\u00f3n entre la planta de vid, el suelo y el clima.<\/strong> El encuentro tendr\u00e1 visibilidad global y en Mendoza podr\u00e1 participar el p\u00fablico en general, en forma presencial y\/o online, previa inscripci\u00f3n anticipada.<\/p>\n\n\n\n<div style=\"height:30px\" aria-hidden=\"true\" class=\"wp-block-spacer\"><\/div>\n\n\n<div class=\"wp-block-image\">\n<figure class=\"aligncenter size-full is-resized\"><a href=\"https:\/\/enolife.com.ar\/es\/wp-content\/uploads\/2024\/08\/image-12.png\" data-rel=\"penci-gallery-image-content\" ><img loading=\"lazy\" decoding=\"async\" src=\"https:\/\/enolife.com.ar\/es\/wp-content\/uploads\/2024\/08\/image-12.png\" alt=\"\" class=\"wp-image-120999\" width=\"576\" height=\"277\" srcset=\"https:\/\/enolife.com.ar\/es\/wp-content\/uploads\/2024\/08\/image-12.png 700w, https:\/\/enolife.com.ar\/es\/wp-content\/uploads\/2024\/08\/image-12-300x144.png 300w, https:\/\/enolife.com.ar\/es\/wp-content\/uploads\/2024\/08\/image-12-585x282.png 585w\" sizes=\"auto, (max-width: 576px) 100vw, 576px\" \/><\/a><\/figure><\/div>\n\n\n<div style=\"height:30px\" aria-hidden=\"true\" class=\"wp-block-spacer\"><\/div>\n\n\n\n<p>La SITE ha seleccionado a la <strong>Facultad de Ciencias Agrarias (FCA)<\/strong> de la <strong>Universidad Nacional de Cuyo (UNCuyo)<\/strong>, al <strong>Instituto de Biolog\u00eda Agr\u00edcola de Mendoza (IBAM)<\/strong> y al<strong> Catena Institute of Wine<\/strong> como sus referentes locales para garantizar el cumplimiento de los altos est\u00e1ndares que el congreso ha mantenido a lo largo de sus 14 ediciones precedentes.<\/p>\n\n\n\n<p>El congreso est\u00e1 abierto a todos los investigadores, en\u00f3logos, agr\u00f3nomos, productores, aficionados al&nbsp;<em>terroir&nbsp;<\/em>y miembros de la comunidad vitivin\u00edcola. Las personas interesadas pueden conseguir su entrada <strong>hasta el 30 de agosto con descuento especial<\/strong> ingresando a la pesta\u00f1a \u00abRegistration\u00bb de la p\u00e1gina web de la SITE (<strong>https:\/\/congressterroir.com.ar\/register.html<\/strong>).<\/p>\n\n\n\n<p>Seg\u00fan detallaron desde la organizaci\u00f3n, el programa del congreso incluir\u00e1 tres d\u00edas de sesiones cient\u00edficas que abarcar\u00e1n presentaciones de reconocidos investigadores locales e internacionales en tem\u00e1ticas esenciales al&nbsp;<em>terroir&nbsp;<\/em>en torno al rol del suelo, el clima y el material vegetal. Tambi\u00e9n habr\u00e1 una sesi\u00f3n dedicada a los estudios de&nbsp;<em>terroir&nbsp;<\/em>vinculados a la variedad emblema de Argentina: el malbec. Adem\u00e1s, habr\u00e1 un cuarto d\u00eda dedicado a una salida a campo, donde los asistentes podr\u00e1n conocer de primera mano lo que hace \u00fanicos a los terru\u00f1os de monta\u00f1a de Mendoza.<\/p>\n\n\n\n<p>El congreso cuenta con el aval de reconocidas organizaciones nacionales e internacionales como la <strong>Organizaci\u00f3n Internacional de la Vi\u00f1a y el Vino (OIV)<\/strong>, la&nbsp;<strong>International Viticulture and Enology Society&nbsp;(IVES)<\/strong>, el <strong>Conicet Mendoza<\/strong>, la <strong>Universidad Maza<\/strong>, la <strong>Corporaci\u00f3n Vitivin\u00edcola Argentina (Coviar)<\/strong>, el<strong> Instituto Nacional de Vitivinicultura (INV)<\/strong>,&nbsp;<strong>Wines of Argentina&nbsp;(WOFA)<\/strong> y el I<strong>nstituto Nacional de Tecnolog\u00eda Agropecuaria (INTA).<\/strong><\/p>\n\n\n\n<div style=\"height:35px\" aria-hidden=\"true\" class=\"wp-block-spacer\"><\/div>\n\n\n\n<p class=\"has-medium-font-size\"><strong>Mar\u00eda Flavia Fillipini: \u00abEs un orgullo y un desaf\u00edo mostrar lo que somos\u00bb<\/strong><\/p>\n\n\n\n<p>La decana de la FCA record\u00f3 que <em>\u00abel primer Congreso Mundial de los Terroirs se hizo en el a\u00f1o 1996 y continu\u00f3 siendo bianual, se realiz\u00f3 en los principales pa\u00edses vitivin\u00edcolas del mundo y ahora nos toca a nosotros, en Francia, Italia, Suiza, Hungr\u00eda, Sud\u00e1frica, Estados Unidos y Australia\u00bb<\/em>. Y destac\u00f3: <em>\u00abNosotros tuvimos que competir para ser sede con una muy buena propuesta que desarrollamos en el a\u00f1o 2022, y en el Congreso en noviembre de ese a\u00f1o la SITE eligi\u00f3 como sede a Mendoza. Y competimos con pa\u00edses como Nueva Zelanda, as\u00ed que para nosotros es todo un orgullo y un desaf\u00edo  mostrar lo que somos en esos d\u00edas que vamos a participar como anfitriones de este congreso\u00bb.<\/em><\/p>\n\n\n\n<div style=\"height:30px\" aria-hidden=\"true\" class=\"wp-block-spacer\"><\/div>\n\n\n<div class=\"wp-block-image\">\n<figure class=\"aligncenter size-full is-resized\"><a href=\"https:\/\/enolife.com.ar\/es\/wp-content\/uploads\/2024\/08\/Imagen2-4.jpg\" data-rel=\"penci-gallery-image-content\" ><img loading=\"lazy\" decoding=\"async\" src=\"https:\/\/enolife.com.ar\/es\/wp-content\/uploads\/2024\/08\/Imagen2-4.jpg\" alt=\"\" class=\"wp-image-120994\" width=\"609\" height=\"410\" srcset=\"https:\/\/enolife.com.ar\/es\/wp-content\/uploads\/2024\/08\/Imagen2-4.jpg 629w, https:\/\/enolife.com.ar\/es\/wp-content\/uploads\/2024\/08\/Imagen2-4-300x202.jpg 300w, https:\/\/enolife.com.ar\/es\/wp-content\/uploads\/2024\/08\/Imagen2-4-585x393.jpg 585w\" sizes=\"auto, (max-width: 609px) 100vw, 609px\" \/><\/a><figcaption class=\"wp-element-caption\"><em><strong>Mar\u00eda Flavia Filippini<\/strong><\/em><\/figcaption><\/figure><\/div>\n\n\n<div style=\"height:30px\" aria-hidden=\"true\" class=\"wp-block-spacer\"><\/div>\n\n\n\n<blockquote class=\"wp-block-quote is-layout-flow wp-block-quote-is-layout-flow\">\n<p>Ya hemos recibido 160 trabajos de investigadores que van a participar de todas partes del mundo, del Viejo y del Nuevo Mundo del vino, inclusive hemos recibido trabajos del continente asi\u00e1tico, de Brasil, de Chile, de Uruguay, de Hungr\u00eda, de Italia, Francia, Espa\u00f1a, EEUU y Sud\u00e1frica\u00bb.<\/p>\n<cite>Mar\u00eda Flavia Filippini, decana de la Facultad de Ciencias Agrarias de la UNCuyo, organizadora del encuentro.<\/cite><\/blockquote>\n\n\n\n<div style=\"height:20px\" aria-hidden=\"true\" class=\"wp-block-spacer\"><\/div>\n\n\n\n<p>Con respecto a la modalidad cient\u00edfica del Congreso, Filippini explic\u00f3: \u00ab<em>En estos congresos se comparten todos los avances que han habido en relaci\u00f3n a la tem\u00e1tica de la integraci\u00f3n planta-suelo-clima; hay un grupo de investigadores a nivel mundial que est\u00e1 trabajando fuertemente en este tema tan complejo, en c\u00f3mo se expresa la planta de acuerdo a las caracter\u00edsticas de los distintos terru\u00f1os, de las caracter\u00edsticas del suelo y e clima, y los investigadores se anotan como expositores de los avances que han realizado en sus distintos lugares en relaci\u00f3n a los distintos materiales vegetales, las distintas variedades, etc\u00e9tera\u00bb.<\/em><\/p>\n\n\n\n<p><em>\u00abAdem\u00e1s de las exposiciones<\/em> -continu\u00f3 la decana- <em>habr\u00e1 conferencias magistrales de expertos internacionales invitados, que tendr\u00e1n tres ejes: el material vegetal, el suelo y clima. El congreso est\u00e1 abierto a todos aquellos que est\u00e9n interesados por el terroir, investigadores, productores, la comunidad del mundo del vino, habr\u00e1 diferentes actividades adem\u00e1s de las exposiciones orales y las conferencias, catas de vino, recorridos por nuestra Mendoza, visitas a bodegas, tambi\u00e9n para p\u00fablico en general, cualquiera puede inscribirse para ser participante de este Congreso\u00bb.<\/em><\/p>\n\n\n\n<div style=\"height:16px\" aria-hidden=\"true\" class=\"wp-block-spacer\"><\/div>\n\n\n\n<p class=\"has-background\" style=\"background-color:#abb7c245\"><strong>M\u00e1s informaci\u00f3n<\/strong><br>Para m\u00e1s detalles, ingresar en&nbsp;<a href=\"http:\/\/www.congressterroir.com.ar\/\" target=\"_blank\" rel=\"noreferrer noopener\"><strong>www.congressterroir.com.ar<\/strong><\/a>.<br>Por compra de entradas, se podr\u00e1 acceder a tarifas con descuento hasta el 30 de agosto en el siguiente enlace:<strong>&nbsp;<a href=\"https:\/\/registration.socio.events\/e\/terroircongress\" target=\"_blank\" rel=\"noreferrer noopener\">https:\/\/registration.socio.events\/e\/terroircongress<\/a>.<\/strong><br>Para informaci\u00f3n adicional, detalles de registro o consultas de prensa, comunicarse con los organizadores del congreso a&nbsp;<a href=\"mailto:terroir2024@fca.uncu.edu.ar\" target=\"_blank\" rel=\"noreferrer noopener\"><strong>terroir2024@fca.uncu.edu.ar<\/strong><\/a>.<\/p>\n\n\n\n<div style=\"height:35px\" aria-hidden=\"true\" class=\"wp-block-spacer\"><\/div>\n\n\n\n<p class=\"has-medium-font-size\"><strong>Expositores<\/strong> <strong>destacados<\/strong><\/p>\n\n\n\n<ul class=\"wp-block-list\">\n<li><strong>Cornelius Kees van Leeuwen<\/strong>, referente mundial en estudios de&nbsp;<em>terroir&nbsp;<\/em>de la Universidad de Burdeos.<\/li>\n\n\n\n<li><strong>Cristina Lazcano<\/strong>, reconocida investigadora en suelos de la Universidad de California, Davis.<\/li>\n\n\n\n<li><strong>Benjamin Bois<\/strong>, experto en climatolog\u00eda aplicada al estudio del&nbsp;<em>terroir<\/em>&nbsp;de la Universidad de Borgo\u00f1a y presidente de la SITE.<\/li>\n\n\n\n<li><strong>Luciano Calder\u00f3n<\/strong>, Conicet &#8211; IBAM<\/li>\n\n\n\n<li><strong>Phillipe Galusci<\/strong>, INRAE, Francia<\/li>\n<\/ul>\n\n\n\n<p>Adem\u00e1s de las sesiones acad\u00e9micas, los asistentes tendr\u00e1n la oportunidad de participar en visitas a bodegas locales, catas de vinos y encuentros de&nbsp;<em>networking&nbsp;<\/em>dise\u00f1ados para fomentar la colaboraci\u00f3n y el intercambio de ideas.<\/p>\n\n\n\n<div style=\"height:30px\" aria-hidden=\"true\" class=\"wp-block-spacer\"><\/div>\n\n\n<div class=\"wp-block-image\">\n<figure class=\"aligncenter size-full is-resized\"><a href=\"https:\/\/enolife.com.ar\/es\/wp-content\/uploads\/2024\/08\/Imagen3-2.jpg\" data-rel=\"penci-gallery-image-content\" ><img loading=\"lazy\" decoding=\"async\" src=\"https:\/\/enolife.com.ar\/es\/wp-content\/uploads\/2024\/08\/Imagen3-2.jpg\" alt=\"\" class=\"wp-image-120997\" width=\"516\" height=\"516\" srcset=\"https:\/\/enolife.com.ar\/es\/wp-content\/uploads\/2024\/08\/Imagen3-2.jpg 720w, https:\/\/enolife.com.ar\/es\/wp-content\/uploads\/2024\/08\/Imagen3-2-300x300.jpg 300w, https:\/\/enolife.com.ar\/es\/wp-content\/uploads\/2024\/08\/Imagen3-2-150x150.jpg 150w, https:\/\/enolife.com.ar\/es\/wp-content\/uploads\/2024\/08\/Imagen3-2-585x585.jpg 585w\" sizes=\"auto, (max-width: 516px) 100vw, 516px\" \/><\/a><\/figure><\/div>\n\n\n<div style=\"height:30px\" aria-hidden=\"true\" class=\"wp-block-spacer\"><\/div>\n\n\n\n<p>\u201c<em>Desde 1996, el Congreso Internacional de&nbsp;Terroir&nbsp;ha sido una oportunidad para reunir cada dos a\u00f1os a investigadores de todo el mundo y, a trav\u00e9s de un enfoque multidisciplinario, comprender mejor el funcionamiento de la vid en interacci\u00f3n con su entorno y su impacto en la calidad del vino. Despu\u00e9s de Australia, Suiza, Espa\u00f1a, Italia, Hungr\u00eda, Francia, Sud\u00e1frica y Estados Unidos, el Congreso Internacional de&nbsp;Terroir&nbsp;se celebrar\u00e1 en 2024 por primera vez en Sudam\u00e9rica, en Mendoza, cuna de la viticultura argentina. Es una oportunidad para reunir a la comunidad cient\u00edfica en una regi\u00f3n cuya identidad vitivin\u00edcola explota la gran diversidad pedoclim\u00e1tica de los estribos de los Andes, as\u00ed como el dominio de variedades de uva de identidad argentina como malbec, bonarda o torront\u00e9s\u201d<\/em>, resalt\u00f3 el doctor Benjamin Bois, presidente de la SITE.<\/p>\n\n\n\n<div style=\"height:30px\" aria-hidden=\"true\" class=\"wp-block-spacer\"><\/div>\n","protected":false},"excerpt":{"rendered":"<p>Del 18 al 22 de noviembre de 2024, Mendoza ser\u00e1 sede de la 15ava. cumbre&hellip;<\/p>\n","protected":false},"author":3,"featured_media":121001,"comment_status":"open","ping_status":"open","sticky":false,"template":"","format":"standard","meta":{"footnotes":""},"categories":[14],"tags":[],"class_list":["post-120383","post","type-post","status-publish","format-standard","has-post-thumbnail","hentry","category-news"],"_links":{"self":[{"href":"https:\/\/enolife.com.ar\/es\/wp-json\/wp\/v2\/posts\/120383","targetHints":{"allow":["GET"]}}],"collection":[{"href":"https:\/\/enolife.com.ar\/es\/wp-json\/wp\/v2\/posts"}],"about":[{"href":"https:\/\/enolife.com.ar\/es\/wp-json\/wp\/v2\/types\/post"}],"author":[{"embeddable":true,"href":"https:\/\/enolife.com.ar\/es\/wp-json\/wp\/v2\/users\/3"}],"replies":[{"embeddable":true,"href":"https:\/\/enolife.com.ar\/es\/wp-json\/wp\/v2\/comments?post=120383"}],"version-history":[{"count":0,"href":"https:\/\/enolife.com.ar\/es\/wp-json\/wp\/v2\/posts\/120383\/revisions"}],"wp:featuredmedia":[{"embeddable":true,"href":"https:\/\/enolife.com.ar\/es\/wp-json\/wp\/v2\/media\/121001"}],"wp:attachment":[{"href":"https:\/\/enolife.com.ar\/es\/wp-json\/wp\/v2\/media?parent=120383"}],"wp:term":[{"taxonomy":"category","embeddable":true,"href":"https:\/\/enolife.com.ar\/es\/wp-json\/wp\/v2\/categories?post=120383"},{"taxonomy":"post_tag","embeddable":true,"href":"https:\/\/enolife.com.ar\/es\/wp-json\/wp\/v2\/tags?post=120383"}],"curies":[{"name":"wp","href":"https:\/\/api.w.org\/{rel}","templated":true}]}}