{"id":120371,"date":"2024-07-30T18:22:09","date_gmt":"2024-07-30T18:22:09","guid":{"rendered":"https:\/\/enolife.com.ar\/es\/?p=120371"},"modified":"2024-07-31T18:47:58","modified_gmt":"2024-07-31T18:47:58","slug":"con-acovi-a-la-cabeza-cooperativas-vitivinicolas-unen-fuerzas-en-defensa-de-pequenos-productores","status":"publish","type":"post","link":"https:\/\/enolife.com.ar\/es\/con-acovi-a-la-cabeza-cooperativas-vitivinicolas-unen-fuerzas-en-defensa-de-pequenos-productores\/","title":{"rendered":"Con Acovi a la cabeza, cooperativas vitivin\u00edcolas unen fuerzas en defensa de peque\u00f1os productores"},"content":{"rendered":"\n<h4 class=\"wp-block-heading\"><em><strong>La Asociaci\u00f3n de Cooperativas Vitivin\u00edcolas (Acovi) de Mendoza reuni\u00f3 a sus productores socios en General Alvear, al sur de esta provincia, para analizar junto a funcionarios de gobierno y l\u00edderes de la Federaci\u00f3n de Cooperativas Vitivin\u00edcolas Argentinas (Fecovita) el desempe\u00f1o de la entidad y los problemas que enfrenta el sector del vino en estos tiempos. Pr\u00f3xima a cumplir 60 a\u00f1os de labor, Acovi encara nuevas acciones de apoyo a sus peque\u00f1os productores nucleados, con el objetivo de fortalecer la uni\u00f3n cooperativista ante la creciente tendencia a concentrar la actividad a manos de las grandes empresas.<\/strong><\/em><\/h4>\n\n\n\n<div style=\"height:35px\" aria-hidden=\"true\" class=\"wp-block-spacer\"><\/div>\n\n\n\n\n\n<div style=\"height:45px\" aria-hidden=\"true\" class=\"wp-block-spacer\"><\/div>\n\n\n\n<p>Como todos los a\u00f1os, la <strong>Asociaci\u00f3n de Cooperativas Vitivin\u00edcolas (Acovi)<\/strong> realiz\u00f3 la <strong>Jornada Cooperativismo y Sociedad<\/strong>. En la sede de la <strong>Cooperativa Algarrobo Bonito<\/strong>, en el departamento de General Alvear, Mendoza, se reunieron productores, dirigentes y funcionarios para fortalecer y promover el trabajo de los productores asociados. El objetivo central del encuentro fue destacar el trabajo de cada cooperativa y el impacto que generan en la comunidad, resaltando la labor social y la importancia de la econom\u00eda solidaria en cada espacio donde hay una entidad de este tipo.<\/p>\n\n\n\n<p>Participaron del encuentro funcionarios de gobierno, encabezados por la vicegobernadora <strong>Hebe Casado<\/strong>; el ministro de Producci\u00f3n de la provincia, <strong>Rodolfo Vargas Arizu<\/strong>; el intendente del departamento, <strong>Alejandro Molero<\/strong>; el director de Agricultura de la provincia,<strong> Alfredo Draque<\/strong>; la directora de Cooperativas, <strong>Andrea Nallim<\/strong>; miembros del Consejo de la Cooperativa Algarrobo Bonito, directivos y productores de Cooperativas asociadas a Acovi en el Sur provincial; el presidente de Acovi, <strong>Fabi\u00e1n Ruggeri<\/strong>, junto al gerente, <strong>Nicol\u00e1s Vicchi<\/strong>; dirigentes de <strong>Fecovita<\/strong>, entre ellos, su presidente, <strong>Rub\u00e9n Panella<\/strong> y el secretario de la Federaci\u00f3n y vicepresidente de Coninagro, <strong>Marcelo Federici<\/strong>; <strong>Gustavo Arang\u00fcena <\/strong>y <strong>Javier Vergani<\/strong>, entre otros dirigentes cooperativistas y de gobierno.<\/p>\n\n\n\n<p>El presidente de la cooperativa Algarrobo Bonito, <strong>V\u00edctor Rigoldi<\/strong> agradeci\u00f3 la presencia de los dirigentes y funcionarios y resalt\u00f3 la importancia de poner en relieve el trabajo del productor en la cooperativa. Una larga trayectoria de trabajo dedicado al crecimiento de la vitivinicultura en el departamento y el desarrollo econ\u00f3mico de la comunidad, fueron los ejes del discurso del presidente de ic\u00f3nica bodega del sur provincial.<\/p>\n\n\n\n<p>Luego el presidente de Acovi, Fabi\u00e1n Ruggeri coment\u00f3 la importancia del acompa\u00f1amiento de las cooperativas del sur y sus productores. <em>\u201cEstamos cumpliendo 60 a\u00f1os, un proyecto que busca siempre acompa\u00f1ar al productor y sus cooperativas en la gesti\u00f3n. Es valioso el trabajo que se hace junto a la comunidad con diferentes proyectos y el desarrollo de estrategias para crecer juntos. Lo hemos mencionado muchas veces, el cooperativismo es una elecci\u00f3n en la vida de cada uno de nosotros. Vamos a seguir trabajando por todos los productores\u201d.<\/em><\/p>\n\n\n\n<div style=\"height:30px\" aria-hidden=\"true\" class=\"wp-block-spacer\"><\/div>\n\n\n<div class=\"wp-block-image\">\n<figure class=\"aligncenter size-full is-resized\"><a href=\"https:\/\/enolife.com.ar\/es\/wp-content\/uploads\/2024\/07\/Imagen-de-WhatsApp-2024-07-27-a-las-16.34.18_e8f3c7d1-768x578-1.jpg\" data-rel=\"penci-gallery-image-content\" ><img loading=\"lazy\" decoding=\"async\" src=\"https:\/\/enolife.com.ar\/es\/wp-content\/uploads\/2024\/07\/Imagen-de-WhatsApp-2024-07-27-a-las-16.34.18_e8f3c7d1-768x578-1.jpg\" alt=\"\" class=\"wp-image-120431\" width=\"578\" height=\"330\" srcset=\"https:\/\/enolife.com.ar\/es\/wp-content\/uploads\/2024\/07\/Imagen-de-WhatsApp-2024-07-27-a-las-16.34.18_e8f3c7d1-768x578-1.jpg 642w, https:\/\/enolife.com.ar\/es\/wp-content\/uploads\/2024\/07\/Imagen-de-WhatsApp-2024-07-27-a-las-16.34.18_e8f3c7d1-768x578-1-300x171.jpg 300w, https:\/\/enolife.com.ar\/es\/wp-content\/uploads\/2024\/07\/Imagen-de-WhatsApp-2024-07-27-a-las-16.34.18_e8f3c7d1-768x578-1-585x334.jpg 585w\" sizes=\"auto, (max-width: 578px) 100vw, 578px\" \/><\/a><figcaption class=\"wp-element-caption\"><em><strong>Fabi\u00e1n Ruggeri, presidente de Acovi.<\/strong><\/em><\/figcaption><\/figure><\/div>\n\n\n<div style=\"height:30px\" aria-hidden=\"true\" class=\"wp-block-spacer\"><\/div>\n\n\n\n<p>E<strong>l <\/strong>ministro <strong>Vargas Arizu<\/strong>, a su turno, expres\u00f3: <em>\u201cEl sector cooperativo es un sector de vital importancia para el pa\u00eds. Equilibra al grande con muchos chicos. A su vez, muchos de estos productores m\u00e1s chicos, hacen a los grandes. En un mundo tan convulsionado, tan competitivo como el que estamos viendo, con tantos cambios, el sector cooperativo ha hecho un gran aporte\u00bb. <\/em>Y remarc\u00f3:<em> \u201cEl Gobierno de la provincia quiere formar m\u00e1s cooperativas, que cada vez m\u00e1s productores se integren bajo esta modalidad de trabajo y evitar as\u00ed que este sector traccione no con individualidades sino como un n\u00facleo fortalecido y con posibilidades de desarrollo y crecimiento\u201d.<\/em><\/p>\n\n\n\n<p>El <strong>intendente de General Alvear, Alejandro Molero <\/strong>se\u00f1al: <em>\u201cEs importante el acompa\u00f1amiento y la reivindicaci\u00f3n del peque\u00f1o productor, del minifundista en nuestra zona que es tan importante y que forma parte, sin lugar a dudas, de nuestro entramado social, simplemente quiero agradecer por la labor que vienen desarrollando\u201d<\/em>.<\/p>\n\n\n\n<p>Y agreg\u00f3 Molero: <em>\u201cEstamos en un lugar ic\u00f3nico, muy caro a los sentimientos de los alvearenses como es esta bodega, como es esta cooperativa y seguramente, como lo dijo el Ministro, el trabajo de ustedes como productores asociados tiene que ver tambi\u00e9n con la apoyatura, con el acompa\u00f1amiento y todo lo que desde el Estado podemos hacer para colaborar con esta formaci\u00f3n; quiero destacar tambi\u00e9n el trabajo que hacen desde las cooperativas con los j\u00f3venes. Creo que eso es trascendental, es fundamental y en ese camino vamos a estar acompa\u00f1\u00e1ndolos incondicionalmente\u201d<\/em>.<\/p>\n\n\n\n<p>El encuentro tuvo un momento especial de agradecimiento a las entidades que trabajan en la comunidad junto a la cooperativa en la b\u00fasqueda de logros en com\u00fan y en definitiva en proyecto de crecimiento mutuo. Estas instituciones, como Cooperativa Cegsagal, representada por su presidente <strong>H\u00e9ctor Ambrosini<\/strong>; el Instituto Tecnol\u00f3gico Universitario Sede General Alvear, representado por el coordinador <strong>Marcos Caro<\/strong>, INTA Alvear junto al ingeniero <strong>Mauro Silvestre<\/strong>; la Universidad General Alvear Cooperativa Ugacoop, con su rector <strong>Carlos Raimondi<\/strong>, todos directivos que han realizado fuertes aportes al cooperativismo y contribuyen al bien com\u00fan, buscando siempre juntos construir una sociedad m\u00e1s \u00edntegra y fundamentada en valores.<\/p>\n\n\n\n<p>Sobre el cierre el presidente de Fecovita, <strong>Rub\u00e9n Panella<\/strong>, puso en valor y destac\u00f3 la importancia de rescatar el rol del cooperativismo en la defensa y en el sostenimiento de los peque\u00f1os productores: <em>\u201cSi nosotros miramos las estad\u00edsticas de los \u00faltimos 20 a\u00f1os, la superficie media de la provincia, la vitivinicultura se ha duplicado. Eso implica una fuerte concentraci\u00f3n que se da por la fuerte p\u00e9rdida de peque\u00f1os productores. Los productores integrados se sostienen por el sistema que los acompa\u00f1a. Esto habla de la importancia del cooperativismo en el desarrollo local y en el arraigo rural. Esto, sin lugar a dudas, tiene que estar acompa\u00f1ado de la provisi\u00f3n de los servicios adecuados para que los productores puedan continuar trabajando en sus zonas<\/em>.<em>\u00ab<\/em><\/p>\n\n\n\n<p>La&nbsp; directora de Emprendedores y Cooperativas de la provincia, <strong>Adrea Nallim<\/strong>, agradeci\u00f3 la invitaci\u00f3n y coment\u00f3 que: <em>\u201cEs un desaf\u00edo en cualquier tipo de organizaci\u00f3n estar 60 a\u00f1os dando trabajo.&nbsp;En general el sistema cooperativo es&nbsp; el ejemplo del principio de solidaridad que muestran ustedes hoy aqu\u00ed, eso no es un tema menor, as\u00ed que los felicito a ustedes y a todos los que est\u00e1n en el sistema cooperativo\u201d<\/em>.<\/p>\n\n\n\n<div style=\"height:35px\" aria-hidden=\"true\" class=\"wp-block-spacer\"><\/div>\n\n\n\n<p class=\"has-medium-font-size\"><strong>Reuni\u00f3n previa con productores<\/strong><\/p>\n\n\n\n<p>El presidente de la Cooperativa Algarrobo Bonito junto a productores miembros del Consejo Directivo se reuni\u00f3 con el presidente de Acovi, Fabi\u00e1n Ruggeri y dialogaron sobre temas que preocupan en la zona. En ese contexto uno de los temas abordados fue la situaci\u00f3n sobre la lucha antigranizo, en este punto, los productores del sur est\u00e1n evaluando los anuncios del gobierno provincial pero no est\u00e1n conformes con las acciones del ejecutivo. Fabi\u00e1n Ruggeri coment\u00f3 su visi\u00f3n y preocupaci\u00f3n sobre la decisi\u00f3n de eliminar la lucha antigranizo sin mediar consulta con el sector productivo. <\/p>\n\n\n\n<div style=\"height:30px\" aria-hidden=\"true\" class=\"wp-block-spacer\"><\/div>\n\n\n<div class=\"wp-block-image\">\n<figure class=\"aligncenter size-full is-resized\"><a href=\"https:\/\/enolife.com.ar\/es\/wp-content\/uploads\/2024\/07\/IMG-20240727-WA0002-768x576-1.jpg\" data-rel=\"penci-gallery-image-content\" ><img loading=\"lazy\" decoding=\"async\" src=\"https:\/\/enolife.com.ar\/es\/wp-content\/uploads\/2024\/07\/IMG-20240727-WA0002-768x576-1.jpg\" alt=\"\" class=\"wp-image-120432\" width=\"641\" height=\"383\" srcset=\"https:\/\/enolife.com.ar\/es\/wp-content\/uploads\/2024\/07\/IMG-20240727-WA0002-768x576-1.jpg 768w, https:\/\/enolife.com.ar\/es\/wp-content\/uploads\/2024\/07\/IMG-20240727-WA0002-768x576-1-300x179.jpg 300w, https:\/\/enolife.com.ar\/es\/wp-content\/uploads\/2024\/07\/IMG-20240727-WA0002-768x576-1-585x350.jpg 585w\" sizes=\"auto, (max-width: 641px) 100vw, 641px\" \/><\/a><figcaption class=\"wp-element-caption\"><em><strong>Un momento de la reuni\u00f3n de cooperativistas, productores y funcionarios de gobierno.<\/strong><\/em><\/figcaption><\/figure><\/div>\n\n\n<div style=\"height:30px\" aria-hidden=\"true\" class=\"wp-block-spacer\"><\/div>\n\n\n\n<p>Tambi\u00e9n en la reuni\u00f3n se abord\u00f3 el tema del C\u00f3digo de Aguas donde la entidad est\u00e1 &nbsp;elaborando un documento y estudiando el tema en profundidad. Adem\u00e1s dialogaron sobre las actividades productivas, financiamiento y los mercados entre otros temas.<\/p>\n\n\n\n<div style=\"height:30px\" aria-hidden=\"true\" class=\"wp-block-spacer\"><\/div>\n","protected":false},"excerpt":{"rendered":"<p>La Asociaci\u00f3n de Cooperativas Vitivin\u00edcolas (Acovi) de Mendoza reuni\u00f3 a sus productores socios en General&hellip;<\/p>\n","protected":false},"author":3,"featured_media":120430,"comment_status":"open","ping_status":"open","sticky":false,"template":"","format":"standard","meta":{"footnotes":""},"categories":[14],"tags":[],"class_list":["post-120371","post","type-post","status-publish","format-standard","has-post-thumbnail","hentry","category-news"],"_links":{"self":[{"href":"https:\/\/enolife.com.ar\/es\/wp-json\/wp\/v2\/posts\/120371","targetHints":{"allow":["GET"]}}],"collection":[{"href":"https:\/\/enolife.com.ar\/es\/wp-json\/wp\/v2\/posts"}],"about":[{"href":"https:\/\/enolife.com.ar\/es\/wp-json\/wp\/v2\/types\/post"}],"author":[{"embeddable":true,"href":"https:\/\/enolife.com.ar\/es\/wp-json\/wp\/v2\/users\/3"}],"replies":[{"embeddable":true,"href":"https:\/\/enolife.com.ar\/es\/wp-json\/wp\/v2\/comments?post=120371"}],"version-history":[{"count":0,"href":"https:\/\/enolife.com.ar\/es\/wp-json\/wp\/v2\/posts\/120371\/revisions"}],"wp:featuredmedia":[{"embeddable":true,"href":"https:\/\/enolife.com.ar\/es\/wp-json\/wp\/v2\/media\/120430"}],"wp:attachment":[{"href":"https:\/\/enolife.com.ar\/es\/wp-json\/wp\/v2\/media?parent=120371"}],"wp:term":[{"taxonomy":"category","embeddable":true,"href":"https:\/\/enolife.com.ar\/es\/wp-json\/wp\/v2\/categories?post=120371"},{"taxonomy":"post_tag","embeddable":true,"href":"https:\/\/enolife.com.ar\/es\/wp-json\/wp\/v2\/tags?post=120371"}],"curies":[{"name":"wp","href":"https:\/\/api.w.org\/{rel}","templated":true}]}}