{"id":120317,"date":"2024-07-27T22:58:12","date_gmt":"2024-07-27T22:58:12","guid":{"rendered":"https:\/\/enolife.com.ar\/es\/?p=120317"},"modified":"2024-07-30T14:52:41","modified_gmt":"2024-07-30T14:52:41","slug":"los-artistas-cosechadores-exponen-sus-obras-sobre-olivicultura-en-bodega-santa-julia-hasta-el-31-8","status":"publish","type":"post","link":"https:\/\/enolife.com.ar\/es\/los-artistas-cosechadores-exponen-sus-obras-sobre-olivicultura-en-bodega-santa-julia-hasta-el-31-8\/","title":{"rendered":"Los artistas cosechadores exponen sus obras sobre olivicultura en Bodega Santa Julia hasta el 31\/8"},"content":{"rendered":"\n<h4 class=\"wp-block-heading\"><em><strong>Contin\u00faa abierta la muestra de pinturas, grabados, esculturas e instalaciones de 54 artistas visuales mendocinos que participaron de la original iniciativa Cosecha de Artistas de Bodega Santa Julia. La exposici\u00f3n, organizada por Julia Zuccardi, a cargo de la Cava de la bodega, y Pupi Ag\u00fcero, como curadora, est\u00e1 inspirada en la experiencia de cosecha de aceitunas realizada por los creadores en la finca de la Familia Zuccardi en Maip\u00fa.<\/strong><\/em><\/h4>\n\n\n\n<div style=\"height:35px\" aria-hidden=\"true\" class=\"wp-block-spacer\"><\/div>\n\n\n\n\n\n<div style=\"height:45px\" aria-hidden=\"true\" class=\"wp-block-spacer\"><\/div>\n\n\n\n<p>Como corolario del tiempo de cosecha de olivos, la <strong>Cava de Arte<\/strong> de <strong>Bodega Santa Julia<\/strong> inaugur\u00f3 recientemente una nueva edici\u00f3n de la <strong>Muestra Cosecha de Artistas<\/strong>.&nbsp;Esta exposici\u00f3n re\u00fane a artistas visuales mendocinos que fueron convocados previamente a participar de una t\u00edpica jornada de trabajo, en esta oportunidad, entre olivares. <\/p>\n\n\n\n<div style=\"height:30px\" aria-hidden=\"true\" class=\"wp-block-spacer\"><\/div>\n\n\n<div class=\"wp-block-image\">\n<figure class=\"aligncenter size-full is-resized\"><a href=\"https:\/\/enolife.com.ar\/es\/wp-content\/uploads\/2024\/07\/WhatsApp-Image-2024-07-26-at-21.30.23.jpeg\" data-rel=\"penci-gallery-image-content\" ><img loading=\"lazy\" decoding=\"async\" src=\"https:\/\/enolife.com.ar\/es\/wp-content\/uploads\/2024\/07\/WhatsApp-Image-2024-07-26-at-21.30.23.jpeg\" alt=\"\" class=\"wp-image-120324\" width=\"675\" height=\"377\" srcset=\"https:\/\/enolife.com.ar\/es\/wp-content\/uploads\/2024\/07\/WhatsApp-Image-2024-07-26-at-21.30.23.jpeg 893w, https:\/\/enolife.com.ar\/es\/wp-content\/uploads\/2024\/07\/WhatsApp-Image-2024-07-26-at-21.30.23-300x168.jpeg 300w, https:\/\/enolife.com.ar\/es\/wp-content\/uploads\/2024\/07\/WhatsApp-Image-2024-07-26-at-21.30.23-768x430.jpeg 768w, https:\/\/enolife.com.ar\/es\/wp-content\/uploads\/2024\/07\/WhatsApp-Image-2024-07-26-at-21.30.23-585x328.jpeg 585w\" sizes=\"auto, (max-width: 675px) 100vw, 675px\" \/><\/a><figcaption class=\"wp-element-caption\"><em><strong>Jos\u00e9 \u00abPepe\u00bb Zuccardi presentando la muestra en la Cava de Arte de la bodega<\/strong><\/em><\/figcaption><\/figure><\/div>\n\n\n<div style=\"height:30px\" aria-hidden=\"true\" class=\"wp-block-spacer\"><\/div>\n\n\n\n<p>All\u00ed participaron&nbsp;destacados artistas de la provincia con extensa trayectoria y&nbsp;tambi\u00e9n nuevos talentos.&nbsp; Luego de la recolecci\u00f3n, los participantes compartieron un almuerzo de camarader\u00eda, encuentro que se ha convertido en un ritual de amistad en el que el arte y la olivicultura son los protagonistas.<br>&nbsp;<br>Los 54 artistas participan con obras creadas especialmente para la ocasi\u00f3n y lo hacen cada uno con su mirada y estilo, pero compartiendo la tem\u00e1tica que en esta ocasi\u00f3n es la industria oliv\u00edcola y sus tareas culturales. Cosecha de Artistas es un momento de celebraci\u00f3n por el a\u00f1o de trabajo que augura el inicio de un nuevo y productivo ciclo para el arte local.&nbsp;<\/p>\n\n\n\n<div style=\"height:30px\" aria-hidden=\"true\" class=\"wp-block-spacer\"><\/div>\n\n\n\n<figure class=\"wp-block-gallery has-nested-images columns-default is-cropped wp-block-gallery-1 is-layout-flex wp-block-gallery-is-layout-flex\">\n<figure class=\"wp-block-image size-full\"><a href=\"https:\/\/enolife.com.ar\/es\/wp-content\/uploads\/2024\/07\/WhatsApp-Image-2024-07-27-at-16.03.02-1.jpeg\" data-rel=\"penci-gallery-image-content\" ><img loading=\"lazy\" decoding=\"async\" width=\"481\" height=\"500\" data-id=\"120326\" src=\"https:\/\/enolife.com.ar\/es\/wp-content\/uploads\/2024\/07\/WhatsApp-Image-2024-07-27-at-16.03.02-1.jpeg\" alt=\"\" class=\"wp-image-120326\" srcset=\"https:\/\/enolife.com.ar\/es\/wp-content\/uploads\/2024\/07\/WhatsApp-Image-2024-07-27-at-16.03.02-1.jpeg 481w, https:\/\/enolife.com.ar\/es\/wp-content\/uploads\/2024\/07\/WhatsApp-Image-2024-07-27-at-16.03.02-1-289x300.jpeg 289w\" sizes=\"auto, (max-width: 481px) 100vw, 481px\" \/><\/a><figcaption class=\"wp-element-caption\"><em><strong>Artista: Daniel Bernal<\/strong><\/em><\/figcaption><\/figure>\n\n\n\n<figure class=\"wp-block-image size-full\"><a href=\"https:\/\/enolife.com.ar\/es\/wp-content\/uploads\/2024\/07\/WhatsApp-Image-2024-07-27-at-17.52.19-1.jpeg\" data-rel=\"penci-gallery-image-content\" ><img loading=\"lazy\" decoding=\"async\" width=\"352\" height=\"406\" data-id=\"120327\" src=\"https:\/\/enolife.com.ar\/es\/wp-content\/uploads\/2024\/07\/WhatsApp-Image-2024-07-27-at-17.52.19-1.jpeg\" alt=\"\" class=\"wp-image-120327\" srcset=\"https:\/\/enolife.com.ar\/es\/wp-content\/uploads\/2024\/07\/WhatsApp-Image-2024-07-27-at-17.52.19-1.jpeg 352w, https:\/\/enolife.com.ar\/es\/wp-content\/uploads\/2024\/07\/WhatsApp-Image-2024-07-27-at-17.52.19-1-260x300.jpeg 260w\" sizes=\"auto, (max-width: 352px) 100vw, 352px\" \/><\/a><figcaption class=\"wp-element-caption\"><em><strong>Artista: Andr\u00e9s Casciani<\/strong><\/em><\/figcaption><\/figure>\n<\/figure>\n\n\n\n<div style=\"height:30px\" aria-hidden=\"true\" class=\"wp-block-spacer\"><\/div>\n\n\n\n<p>La exposici\u00f3n puede visitarse con entrada libre y gratuita hasta el 31 de agosto, todos los d\u00edas en horario de 9 a 17 hs. en la Bodega Santa Julia, ubicada en la <strong>Ruta Provincial 33 (calle Las Margaritas), km 7,5, Maip\u00fa, Mendoza<\/strong>. All\u00ed junto a la Cava de arte funciona la tienda de vinos, donde el visitante puede adquirir las etiquetas de la casa y catar todos sus vinos.<\/p>\n\n\n\n<div style=\"height:30px\" aria-hidden=\"true\" class=\"wp-block-spacer\"><\/div>\n\n\n\n<figure class=\"wp-block-gallery has-nested-images columns-default is-cropped wp-block-gallery-2 is-layout-flex wp-block-gallery-is-layout-flex\">\n<figure class=\"wp-block-image size-full\"><a href=\"https:\/\/enolife.com.ar\/es\/wp-content\/uploads\/2024\/07\/WhatsApp-Image-2024-07-27-at-17.52.19.jpeg\" data-rel=\"penci-gallery-image-content\" ><img loading=\"lazy\" decoding=\"async\" width=\"357\" height=\"500\" data-id=\"120328\" src=\"https:\/\/enolife.com.ar\/es\/wp-content\/uploads\/2024\/07\/WhatsApp-Image-2024-07-27-at-17.52.19.jpeg\" alt=\"\" class=\"wp-image-120328\" srcset=\"https:\/\/enolife.com.ar\/es\/wp-content\/uploads\/2024\/07\/WhatsApp-Image-2024-07-27-at-17.52.19.jpeg 357w, https:\/\/enolife.com.ar\/es\/wp-content\/uploads\/2024\/07\/WhatsApp-Image-2024-07-27-at-17.52.19-214x300.jpeg 214w\" sizes=\"auto, (max-width: 357px) 100vw, 357px\" \/><\/a><figcaption class=\"wp-element-caption\"><em><strong>Artista: Antonio Sarelli<\/strong><\/em><\/figcaption><\/figure>\n\n\n\n<figure class=\"wp-block-image size-full\"><a href=\"https:\/\/enolife.com.ar\/es\/wp-content\/uploads\/2024\/07\/WhatsApp-Image-2024-07-27-at-17.52.21.jpeg\" data-rel=\"penci-gallery-image-content\" ><img loading=\"lazy\" decoding=\"async\" width=\"300\" height=\"533\" data-id=\"120329\" src=\"https:\/\/enolife.com.ar\/es\/wp-content\/uploads\/2024\/07\/WhatsApp-Image-2024-07-27-at-17.52.21.jpeg\" alt=\"\" class=\"wp-image-120329\" srcset=\"https:\/\/enolife.com.ar\/es\/wp-content\/uploads\/2024\/07\/WhatsApp-Image-2024-07-27-at-17.52.21.jpeg 300w, https:\/\/enolife.com.ar\/es\/wp-content\/uploads\/2024\/07\/WhatsApp-Image-2024-07-27-at-17.52.21-169x300.jpeg 169w\" sizes=\"auto, (max-width: 300px) 100vw, 300px\" \/><\/a><figcaption class=\"wp-element-caption\"><em><strong>Escultura de Guillermo Rigattieri<\/strong><\/em><\/figcaption><\/figure>\n<\/figure>\n\n\n\n<div style=\"height:23px\" aria-hidden=\"true\" class=\"wp-block-spacer\"><\/div>\n\n\n\n<p class=\"has-background\" style=\"background-color:#cae0d7\"><strong>Los artistas visuales participantes<\/strong><br><br>Antonio&nbsp;Sarelli, Egar&nbsp;Murillo, Elio Ortiz, Guillermo&nbsp;Rigattieri, Tachuela, Ver\u00f3nica Ohanian, Laura&nbsp;Rudman, Mauro Cano, Vivian Magis, Rebeca&nbsp;Sarelli, Fernando&nbsp;Rosas, Marta Day, Fernando&nbsp;Jereb, Mart\u00edn Villalonga, Miguel&nbsp;Soria, Mema Hanon, Laura&nbsp;Valdivieso, Ariel&nbsp;Toba, Miguel Gandolfo, Sergio&nbsp;Rosas, Raquel&nbsp;Fluix\u00e1, Guille D&#8217;Anna, Marcelo Von der&nbsp; Heyde, Leandro&nbsp;Pintos, Esteban&nbsp;Grimi, Germ\u00e1n \u00c1lvarez, Enrique&nbsp;Manzano, Elsa Leguizam\u00f3n, Ana Simionato, Emiliano&nbsp;Pierro, Fernando&nbsp;Sep\u00falveda, Juan&nbsp;Castillo, Juan Pablo&nbsp;Santucci, Ofelia&nbsp;Santos, Laura&nbsp;Hart, Daniel&nbsp;Bernal, Daniel&nbsp;Ciancio, Marcela&nbsp;Furlani, Paula&nbsp;Lavoisier, Paula Dreidemie, Valeria Guarnieri, Rub\u00e9n Fredes, Olga Groselj, Bel\u00e9n Aparicio, Sof\u00eda Nogara, Francisco&nbsp;Luco, Lenka&nbsp;Bajda, Susana&nbsp;Campanello, Paula V\u00e1zquez, Eduardo Gonz\u00e1lez, Carlos Escoriza, Julio Melto, Magdalena Benegas, Osvaldo Chiavaza.<\/p>\n\n\n\n<div style=\"height:27px\" aria-hidden=\"true\" class=\"wp-block-spacer\"><\/div>\n","protected":false},"excerpt":{"rendered":"<p>Contin\u00faa abierta la muestra de pinturas, grabados, esculturas e instalaciones de 54 artistas visuales mendocinos&hellip;<\/p>\n","protected":false},"author":3,"featured_media":120331,"comment_status":"open","ping_status":"open","sticky":false,"template":"","format":"standard","meta":{"footnotes":""},"categories":[47,56],"tags":[],"class_list":["post-120317","post","type-post","status-publish","format-standard","has-post-thumbnail","hentry","category-agenda","category-destacado"],"_links":{"self":[{"href":"https:\/\/enolife.com.ar\/es\/wp-json\/wp\/v2\/posts\/120317","targetHints":{"allow":["GET"]}}],"collection":[{"href":"https:\/\/enolife.com.ar\/es\/wp-json\/wp\/v2\/posts"}],"about":[{"href":"https:\/\/enolife.com.ar\/es\/wp-json\/wp\/v2\/types\/post"}],"author":[{"embeddable":true,"href":"https:\/\/enolife.com.ar\/es\/wp-json\/wp\/v2\/users\/3"}],"replies":[{"embeddable":true,"href":"https:\/\/enolife.com.ar\/es\/wp-json\/wp\/v2\/comments?post=120317"}],"version-history":[{"count":0,"href":"https:\/\/enolife.com.ar\/es\/wp-json\/wp\/v2\/posts\/120317\/revisions"}],"wp:featuredmedia":[{"embeddable":true,"href":"https:\/\/enolife.com.ar\/es\/wp-json\/wp\/v2\/media\/120331"}],"wp:attachment":[{"href":"https:\/\/enolife.com.ar\/es\/wp-json\/wp\/v2\/media?parent=120317"}],"wp:term":[{"taxonomy":"category","embeddable":true,"href":"https:\/\/enolife.com.ar\/es\/wp-json\/wp\/v2\/categories?post=120317"},{"taxonomy":"post_tag","embeddable":true,"href":"https:\/\/enolife.com.ar\/es\/wp-json\/wp\/v2\/tags?post=120317"}],"curies":[{"name":"wp","href":"https:\/\/api.w.org\/{rel}","templated":true}]}}