{"id":120311,"date":"2024-07-29T15:05:17","date_gmt":"2024-07-29T15:05:17","guid":{"rendered":"https:\/\/enolife.com.ar\/es\/?p=120311"},"modified":"2024-07-31T12:37:19","modified_gmt":"2024-07-31T12:37:19","slug":"como-usar-el-agua-para-una-produccion-sustentable-de-alimentos-en-una-expo-en-lujan-del-6-al-8-8","status":"publish","type":"post","link":"https:\/\/enolife.com.ar\/es\/como-usar-el-agua-para-una-produccion-sustentable-de-alimentos-en-una-expo-en-lujan-del-6-al-8-8\/","title":{"rendered":"C\u00f3mo usar el agua para una producci\u00f3n sustentable de alimentos, en una Expo en Luj\u00e1n del 6 al 8\/8"},"content":{"rendered":"\n<h4 class=\"wp-block-heading\"><em><strong>La&nbsp;Expo Agua y Producci\u00f3n Sustentable 2024, que se realizar\u00e1 los d\u00edas 6, 7 y 8 de agosto pr\u00f3ximos en el Multiespacio Cultural Luj\u00e1n de Cuyo (ex Feriagro, en Acceso Sur y Quintana de Luj\u00e1n, Mendoza)&nbsp;es un encuentro cient\u00edfico-productivo que busca contribuir a la problem\u00e1tica del agua para lograr una producci\u00f3n sustentable de alimentos.&nbsp;La actividad cobra relieve como un evento central en el calendario agr\u00edcola de Argentina. Est\u00e1 organizada por la Facultad de Ciencias Agrarias (FCA) de la Universidad Nacional de Cuyo (UNCuyo), el Instituto Nacional de Tecnolog\u00eda Agropecuaria (INTA), el Instituto Nacional del Agua (INA) y el Departamento General de Irrigaci\u00f3n (DGI) de Mendoza. La FCA convoc\u00f3 a alumnos de esa casa de estudios que quieran sumarse y colaborar con el stand institucional en la Feria.<\/strong><\/em><\/h4>\n\n\n\n<div style=\"height:35px\" aria-hidden=\"true\" class=\"wp-block-spacer\"><\/div>\n\n\n<a href=\"https:\/\/www.irrigacion.gov.ar\/web\/\" aria-label=\"irrigaci\u00f3n-1700X500\"><img loading=\"lazy\" decoding=\"async\" src=\"https:\/\/enolife.com.ar\/es\/wp-content\/uploads\/2021\/02\/irrigacion-1700X500.gif\" alt=\"\"  width=\"1700\" height=\"500\"   \/><\/a>\n\n\n<div style=\"height:45px\" aria-hidden=\"true\" class=\"wp-block-spacer\"><\/div>\n\n\n<div class=\"wp-block-image\">\n<figure class=\"alignleft size-full is-resized\"><a href=\"https:\/\/enolife.com.ar\/es\/wp-content\/uploads\/2024\/07\/expo-agua-jpg.gif\" data-rel=\"penci-gallery-image-content\" ><img loading=\"lazy\" decoding=\"async\" src=\"https:\/\/enolife.com.ar\/es\/wp-content\/uploads\/2024\/07\/expo-agua-jpg.gif\" alt=\"\" class=\"wp-image-120388\" width=\"351\" height=\"351\"\/><\/a><\/figure><\/div>\n\n\n<p>Las tres jornadas de la <strong>Expo Agua y Producci\u00f3n Sustentable 2024<\/strong>&nbsp;representar\u00e1n una oportunidad excepcional para transferir conocimientos, comunicar&nbsp;resultados y discutir los&nbsp;logros obtenidos en temas relacionados con la gesti\u00f3n del agua, en sus fases de administraci\u00f3n y distribuci\u00f3n extrapredial, y en aquellas de aplicaci\u00f3n y manejo en la parcela de cultivo.&nbsp;<\/p>\n\n\n\n<p>Como complemento de esta actividad&nbsp;cient\u00edfica, esta feria&nbsp;apunta a convertirse en una&nbsp;<strong>exhibici\u00f3n de las \u00faltimas tecnolog\u00edas disponibles aplicadas a la agricultura de regad\u00edo<\/strong>, poniendo al alcance de los asistentes una variedad de desarrollos locales,&nbsp;nacionales&nbsp;e internacionales.&nbsp;<\/p>\n\n\n\n<p><strong>Destinatarios<\/strong>: La Expo y feria est\u00e1 dirigida a profesionales vinculados a la producci\u00f3n agropecuaria, productores, inspectores de cauce, t\u00e9cnicos, docentes e investigadores, estudiantes, usuarios y p\u00fablico en general.<\/p>\n\n\n\n<p><strong>Fecha y lugar:<\/strong> Se realizar\u00e1 del <strong>martes 6 al jueves 8 de agosto, en el Multiespacio Cultural Luj\u00e1n de Cuyo (ex Feriagro)<\/strong>, sobre Acceso Sur y Quintana, Luj\u00e1n, Mendoza.<\/p>\n\n\n\n<div style=\"height:35px\" aria-hidden=\"true\" class=\"wp-block-spacer\"><\/div>\n\n\n\n<p class=\"has-medium-font-size\"><strong>Convocatoria a estudiantes<\/strong><\/p>\n\n\n\n<p>La Facultad de Ciencias Agrarias&nbsp;invit\u00f3 a los estudiantes de esa casa que quieran participar de la&nbsp;Expo Agua y Producci\u00f3n Sustentable,&nbsp;colaborando con el stand institucional&nbsp;y aprovechando para actualizar sus conocimientos participando en las conferencias, talleres y la feria de tecnolog\u00eda.<\/p>\n\n\n\n<p>Entre los beneficios apuntados por la FCA para convocar a los estudiantes, figuran los siguientes:<\/p>\n\n\n\n<ul class=\"wp-block-list\">\n<li>Conectar&nbsp;con expertos l\u00edderes en la industria del agua y la producci\u00f3n sostenible.<\/li>\n\n\n\n<li>Desarrollar habilidades participando en mesas de trabajo, talleres pr\u00e1cticos y sesiones de preguntas y respuestas. <\/li>\n\n\n\n<li>Ampliar la red de contacto, conectando con estudiantes, profesionales y empresas que comparten su inter\u00e9s en la sostenibilidad. <\/li>\n\n\n\n<li>Ser parte del cambio, contribuyendo a construir un futuro m\u00e1s sostenible para la agricultura y el medio ambiente.<\/li>\n\n\n\n<li>En el llamado a participar, la FCA env\u00eda el siguiente mensaje: <em>\u00abNo te pierdas esta oportunidad para estudiantes con entusiasmo, pasi\u00f3n por la innovaci\u00f3n y compromiso con el futuro de la producci\u00f3n sustentable. Si te apasiona el agua, la tecnolog\u00eda agr\u00edcola y el desarrollo de nuevas soluciones para el futuro, esta es tu oportunidad\u00bb.<\/em><\/li>\n<\/ul>\n\n\n\n<div style=\"height:35px\" aria-hidden=\"true\" class=\"wp-block-spacer\"><\/div>\n\n\n\n<p class=\"has-medium-font-size\"><strong>Requisitos para participar<\/strong> <\/p>\n\n\n\n<ul class=\"wp-block-list\">\n<li>Ser estudiante regular de la FCA<\/li>\n\n\n\n<li>Tener inter\u00e9s en la tem\u00e1tica de agua y producci\u00f3n sustentable. <\/li>\n\n\n\n<li>Poseer disponibilidad para participar en la Expo Agua y Producci\u00f3n Sustentable 2024 (6 ,7 y 8 de agosto de 2024) <\/li>\n\n\n\n<li>Estar predispuesto a demostrar&nbsp;habilidades de comunicaci\u00f3n y trabajo en equipo.<\/li>\n\n\n\n<li>Mantener una actitud proactiva y entusiasta.<\/li>\n<\/ul>\n\n\n\n<div style=\"height:19px\" aria-hidden=\"true\" class=\"wp-block-spacer\"><\/div>\n\n\n\n<p class=\"has-background\" style=\"background-color:#abb7c25c\">Los alumnos <strong>interesados <\/strong>en formar&nbsp;parte de la Expo Agua y Producci\u00f3n Sustentable 2024 en el stand de la Facultad de Ciencias Agrarias, pueden inscribirse a trav\u00e9s del siguiente<strong>&nbsp;<a href=\"https:\/\/forms.gle\/93pjXkMeP7exLscYA\">LINK DE INSCRIPCI\u00d3N<\/a><\/strong><\/p>\n\n\n\n<div style=\"height:35px\" aria-hidden=\"true\" class=\"wp-block-spacer\"><\/div>\n\n\n\n<p class=\"has-medium-font-size\"><strong>Programa<\/strong><\/p>\n\n\n\n<p><strong>D\u00eda 1 &#8211; Agua, clima y planificaci\u00f3n:<\/strong> Aspectos referidos a los impactos del cambio clim\u00e1tico en relaci\u00f3n al agua y los avances para su gesti\u00f3n. Prospectiva, resiliencia, reducci\u00f3n del riesgo de desastres, gesti\u00f3n integral, infraestructura y calidad de agua.&nbsp;Paisaje.<\/p>\n\n\n\n<p><strong>D\u00eda 2 &#8211; Tecnolog\u00edas de gesti\u00f3n del agua:<\/strong> Re\u00faso de aguas, energ\u00edas renovables, gesti\u00f3n del agua para fen\u00f3menos clim\u00e1ticos extremos, digitalizaci\u00f3n, canales de comunicaci\u00f3n, entre otros. Dise\u00f1o, programaci\u00f3n y control de riego y fertirriego parcelario.<\/p>\n\n\n\n<p><strong>D\u00eda 3 &#8211; Econom\u00eda, educaci\u00f3n, legislaci\u00f3n y gobernanza del agua: <\/strong>Gesti\u00f3n y regulaci\u00f3n institucional, legal. Econom\u00eda del agua. Responsabilidad social empresarial. Programas educativos. Digitalizaci\u00f3n. Actores en la gesti\u00f3n del agua.<\/p>\n\n\n\n<p class=\"has-background\" style=\"background-color:#abb7c25c\"><strong>Ver programa completo <a href=\"https:\/\/www.uncuyo.edu.ar\/expoagua\/upload\/e27d90fa2bd28ab46a02bda9b7333cf5.pdf\" title=\"\">AQU\u00cd<\/a><\/strong><\/p>\n\n\n\n<div style=\"height:35px\" aria-hidden=\"true\" class=\"wp-block-spacer\"><\/div>\n\n\n\n<p class=\"has-medium-font-size\"><strong>Los organizadores<\/strong><\/p>\n\n\n\n<p>Acompa\u00f1ada por varios&nbsp;organismos p\u00fablicos y privados, la Expo es organizada por actores de relevancia en Mendoza:&nbsp;Facultad de Ciencias Agrarias (FCA) de la Universidad Nacional de Cuyo (UNCuyo),&nbsp;Instituto Nacional del Agua&nbsp;(INA),&nbsp;Instituto Nacional de Tecnolog\u00eda Agropecuaria&nbsp;(INTA),&nbsp;Departamento General de Irrigaci\u00f3n (DGI)&nbsp;y&nbsp;Gobierno de Mendoza.<\/p>\n\n\n\n<div style=\"height:30px\" aria-hidden=\"true\" class=\"wp-block-spacer\"><\/div>\n\n\n\n\n\n<div style=\"height:30px\" aria-hidden=\"true\" class=\"wp-block-spacer\"><\/div>\n","protected":false},"excerpt":{"rendered":"<p>La&nbsp;Expo Agua y Producci\u00f3n Sustentable 2024, que se realizar\u00e1 los d\u00edas 6, 7 y 8&hellip;<\/p>\n","protected":false},"author":3,"featured_media":120391,"comment_status":"open","ping_status":"open","sticky":false,"template":"","format":"standard","meta":{"footnotes":""},"categories":[47],"tags":[],"class_list":["post-120311","post","type-post","status-publish","format-standard","has-post-thumbnail","hentry","category-agenda"],"_links":{"self":[{"href":"https:\/\/enolife.com.ar\/es\/wp-json\/wp\/v2\/posts\/120311","targetHints":{"allow":["GET"]}}],"collection":[{"href":"https:\/\/enolife.com.ar\/es\/wp-json\/wp\/v2\/posts"}],"about":[{"href":"https:\/\/enolife.com.ar\/es\/wp-json\/wp\/v2\/types\/post"}],"author":[{"embeddable":true,"href":"https:\/\/enolife.com.ar\/es\/wp-json\/wp\/v2\/users\/3"}],"replies":[{"embeddable":true,"href":"https:\/\/enolife.com.ar\/es\/wp-json\/wp\/v2\/comments?post=120311"}],"version-history":[{"count":0,"href":"https:\/\/enolife.com.ar\/es\/wp-json\/wp\/v2\/posts\/120311\/revisions"}],"wp:featuredmedia":[{"embeddable":true,"href":"https:\/\/enolife.com.ar\/es\/wp-json\/wp\/v2\/media\/120391"}],"wp:attachment":[{"href":"https:\/\/enolife.com.ar\/es\/wp-json\/wp\/v2\/media?parent=120311"}],"wp:term":[{"taxonomy":"category","embeddable":true,"href":"https:\/\/enolife.com.ar\/es\/wp-json\/wp\/v2\/categories?post=120311"},{"taxonomy":"post_tag","embeddable":true,"href":"https:\/\/enolife.com.ar\/es\/wp-json\/wp\/v2\/tags?post=120311"}],"curies":[{"name":"wp","href":"https:\/\/api.w.org\/{rel}","templated":true}]}}