{"id":120268,"date":"2024-07-26T23:03:59","date_gmt":"2024-07-26T23:03:59","guid":{"rendered":"https:\/\/enolife.com.ar\/es\/?p=120268"},"modified":"2024-07-27T22:40:07","modified_gmt":"2024-07-27T22:40:07","slug":"teatro-de-pirandello-adaptado-por-la-actriz-italiana-anna-fresu-y-vino-de-honor-en-casa-montenegro","status":"publish","type":"post","link":"https:\/\/enolife.com.ar\/es\/teatro-de-pirandello-adaptado-por-la-actriz-italiana-anna-fresu-y-vino-de-honor-en-casa-montenegro\/","title":{"rendered":"Teatro de Pirandello adaptado por la actriz italiana Anna Fresu y vino de honor en Casa Montenegro"},"content":{"rendered":"\n<h4 class=\"wp-block-heading\"><em><strong>Para este s\u00e1bado 27 de julio a las 21.30 hs, en otra puesta en escena de su ciclo de actividades culturales maridadas con buen vino mendocino, Casa Montenegro invita a la obra de teatro \u00abEl hombre con la flor en la boca, basada en la novela \u00abCaf\u00e9 nocturno\u00bb<\/strong><\/em> <em><strong>del gran autor italiano Luigi Pirandello. Dirige la dramaturga, actriz, directora y escritora italiana radicada en Mendoza, Anna Fresu, con la actuaci\u00f3n de los multifac\u00e9ticos artistas Eugenia Ferrer, Norberto Gatti y Pablo Carbone. Tras la presentaci\u00f3n, se debatir\u00e1 sobre la obra y se servir\u00e1 un vino de honor.<\/strong><\/em><\/h4>\n\n\n\n<div style=\"height:34px\" aria-hidden=\"true\" class=\"wp-block-spacer\"><\/div>\n\n\n\n\n\n<div style=\"height:31px\" aria-hidden=\"true\" class=\"wp-block-spacer\"><\/div>\n\n\n\n<p>Dentro de la agenda de espect\u00e1culos que vinculan el arte y el vino, los ciclos de <strong>Casa Montenegro<\/strong> -espacio cultural dirigido por <strong>Patricia Slukich<\/strong> y <strong>Majo Navarro Sard\u00e1<\/strong>&#8211; ocupan un lugar destacado, por su calidad y continuidad, lo que permite a vecinos y turistas de <strong>Mendoza<\/strong> disfrutar de la cultura nacional y de distintos pa\u00edses, en este caso de Italia, con autores y actores de la <strong>comunidad \u00edtalo-argentina<\/strong> de esta provincia.<\/p>\n\n\n\n<div style=\"height:19px\" aria-hidden=\"true\" class=\"wp-block-spacer\"><\/div>\n\n\n\n<p class=\"has-cyan-bluish-gray-background-color has-background\">En esta ocasi\u00f3n, a las 21 hs se presenta la obra <strong>\u00abEl hombre con la flor en la boca\u00bb<\/strong>, adaptada de la novela <strong>\u00abCaf\u00e9 nocturno\u00bb<\/strong> del gran autor italiano <strong>Luigi Pirandello<\/strong> y dirigida por la dramaturga, actriz, escritora y directora tambi\u00e9n italiana <strong>Anna Fresu<\/strong>. Como actores, protagonizan la puesta en escena tres constantes animadores de la movida cultural local: la cantautora <strong>Eugenia Ferrer<\/strong> y los multifac\u00e9ticos <strong>Norberto Gatti<\/strong> y <strong>Pablo Carbone.<\/strong> La entrada general, que incluye la degustaci\u00f3n de vino, cuesta $5.000 y puede reservarse y adquirirse llamando al n\u00famero (<strong>+549261)6605662.<\/strong><\/p>\n\n\n\n<div style=\"height:16px\" aria-hidden=\"true\" class=\"wp-block-spacer\"><\/div>\n\n\n\n<p class=\"has-medium-font-size\"><strong>Un cl\u00e1sico del teatro italiano<\/strong><\/p>\n\n\n\n<p>Basada en la novela de Luigi Pirandello <strong>\u00abCaf\u00e9 nocturno\u00bb<\/strong>, esta obra de teatro en un solo acto se estren\u00f3 en <strong>Roma <\/strong>el 21 de febrero de 1923, en el <strong>Teatro degli Indipendenti, <\/strong>dirigida por <strong>Anton Giulio Bragaglia<\/strong>, y<br>posteriormente fue publicada en 1926 por la editorial <strong>Benporad<\/strong> de <strong>Florencia.<\/strong><\/p>\n\n\n\n<div style=\"height:24px\" aria-hidden=\"true\" class=\"wp-block-spacer\"><\/div>\n\n\n\n<blockquote class=\"wp-block-quote is-layout-flow wp-block-quote-is-layout-flow\">\n<p>Porque, caballero, el deseo de vivir no sabemos de qu\u00e9 est\u00e1 hecho&#8230; Pero ah\u00ed est\u00e1, lo sentimos todos aqu\u00ed, en la garganta, y no se satisface nunca, no se puede satisfacer nunca, porque en la vida, en el mismo acto en que la vivimos, es siempre tan voraz de s\u00ed misma que no se deja saborear\u00bb.<\/p>\n<cite>Parlamento de \u00abEl hombre con la flor en la boca\u00bb en la obra de Pirandello.<\/cite><\/blockquote>\n\n\n\n<div style=\"height:26px\" aria-hidden=\"true\" class=\"wp-block-spacer\"><\/div>\n\n\n\n<p>La obra se presenta como un di\u00e1logo entre un hombre que sabe que va a morir y un pasajero desprevenido. Los dos, sentados a una mesa de caf\u00e9, mantienen una conversaci\u00f3n aparentemente banal. El pasajero ha perdido el tren y espera el primer tren de la ma\u00f1ana: mientras que \u00abel hombre con la flor en la boca\u00bb, conciente de su inminente final, pasa sus d\u00edas vagando por las calles y aprovechando todo lo que a\u00fan puede obtener de la vida, valorando las peque\u00f1as cosas de la&nbsp; cotidianidad. La existencia de<br>los dos individuos, en el texto, se revela como parad\u00f3jica y opuesta y&nbsp;consagrando la delgada l\u00ednea que divide la vida de la muerte est\u00e1 el inexorable escaneo del tiempo. <\/p>\n\n\n\n<div style=\"height:29px\" aria-hidden=\"true\" class=\"wp-block-spacer\"><\/div>\n","protected":false},"excerpt":{"rendered":"<p>Para este s\u00e1bado 27 de julio a las 21.30 hs, en otra puesta en escena&hellip;<\/p>\n","protected":false},"author":3,"featured_media":120302,"comment_status":"open","ping_status":"open","sticky":false,"template":"","format":"standard","meta":{"footnotes":""},"categories":[47],"tags":[],"class_list":["post-120268","post","type-post","status-publish","format-standard","has-post-thumbnail","hentry","category-agenda"],"_links":{"self":[{"href":"https:\/\/enolife.com.ar\/es\/wp-json\/wp\/v2\/posts\/120268","targetHints":{"allow":["GET"]}}],"collection":[{"href":"https:\/\/enolife.com.ar\/es\/wp-json\/wp\/v2\/posts"}],"about":[{"href":"https:\/\/enolife.com.ar\/es\/wp-json\/wp\/v2\/types\/post"}],"author":[{"embeddable":true,"href":"https:\/\/enolife.com.ar\/es\/wp-json\/wp\/v2\/users\/3"}],"replies":[{"embeddable":true,"href":"https:\/\/enolife.com.ar\/es\/wp-json\/wp\/v2\/comments?post=120268"}],"version-history":[{"count":0,"href":"https:\/\/enolife.com.ar\/es\/wp-json\/wp\/v2\/posts\/120268\/revisions"}],"wp:featuredmedia":[{"embeddable":true,"href":"https:\/\/enolife.com.ar\/es\/wp-json\/wp\/v2\/media\/120302"}],"wp:attachment":[{"href":"https:\/\/enolife.com.ar\/es\/wp-json\/wp\/v2\/media?parent=120268"}],"wp:term":[{"taxonomy":"category","embeddable":true,"href":"https:\/\/enolife.com.ar\/es\/wp-json\/wp\/v2\/categories?post=120268"},{"taxonomy":"post_tag","embeddable":true,"href":"https:\/\/enolife.com.ar\/es\/wp-json\/wp\/v2\/tags?post=120268"}],"curies":[{"name":"wp","href":"https:\/\/api.w.org\/{rel}","templated":true}]}}