{"id":120215,"date":"2024-07-26T19:51:00","date_gmt":"2024-07-26T19:51:00","guid":{"rendered":"https:\/\/enolife.com.ar\/es\/?p=120215"},"modified":"2024-07-30T01:13:55","modified_gmt":"2024-07-30T01:13:55","slug":"fiesta-nacional-del-bonarda-el-varietal-bandera-del-este-mendocino-del-1-al-9-8-en-san-martin","status":"publish","type":"post","link":"https:\/\/enolife.com.ar\/es\/fiesta-nacional-del-bonarda-el-varietal-bandera-del-este-mendocino-del-1-al-9-8-en-san-martin\/","title":{"rendered":"Fiesta Nacional del Bonarda, el varietal bandera del Este mendocino, del 1 al 9\/8 en San Mart\u00edn"},"content":{"rendered":"\n<h4 class=\"wp-block-heading\"><em><strong>Esta fiesta del vino busca poner en valor y promocionar a este varietal como emblema de los departamentos mendocinos donde se cultiva esta vid y se elabora el producto final. Todos los espect\u00e1culos y degustaciones son gratuitos, salvo aquellos en los que se ofrece gastronom\u00eda regional. Habr\u00e1 shows en vivo, conferencias, concursos literarios, paseos por bodegas y hasta una Marat\u00f3n Bonarda. Para las actividades con costo, hay que sacar los tickets por Entrada web.<\/strong><\/em><\/h4>\n\n\n\n<div style=\"height:35px\" aria-hidden=\"true\" class=\"wp-block-spacer\"><\/div>\n\n\n\n\n\n<div style=\"height:45px\" aria-hidden=\"true\" class=\"wp-block-spacer\"><\/div>\n\n\n\n<p>Como parte de las celebraciones que buscan poner en escena y promocionar al varietal emblema de la zona Este de Mendoza, la Municipalidad del departamento de San Mart\u00edn ofrecer\u00e1 una serie de actividades en diversos puntos de la provincia, para impulsar su consumo y reconocimiento a nivel local e internacional.<\/p>\n\n\n\n<p>La agenda incluir\u00e1 degustaciones, espect\u00e1culos art\u00edsticos, un concurso literario,&nbsp;<em>sunsets<\/em>, una marat\u00f3n, paseos por vinotecas, exposiciones de arte y otras atracciones.<\/p>\n\n\n\n<div style=\"height:35px\" aria-hidden=\"true\" class=\"wp-block-spacer\"><\/div>\n\n\n\n<p class=\"has-medium-font-size\"><strong>El emblem\u00e1tico bonarda<\/strong><\/p>\n\n\n\n<p>En los inicios de su despegue como vino varietal, luego de haber sido durante d\u00e9cadas un vino de corte infravalorado, con esta cepa se hicieron 5 etiquetas originales. Apenas una d\u00e9cada despu\u00e9s, el consumidor puede encontrar alrededor de 70 marcas de vino bonarda en g\u00f3ndolas y restaurantes, una mayor exposici\u00f3n que le ha valido el reconocimiento de paladares tanto de j\u00f3venes como de mujeres,  que prefieren sus tonalidades claras.<\/p>\n\n\n\n<div style=\"height:30px\" aria-hidden=\"true\" class=\"wp-block-spacer\"><\/div>\n\n\n<div class=\"wp-block-image\">\n<figure class=\"aligncenter size-full is-resized\"><a href=\"https:\/\/enolife.com.ar\/es\/wp-content\/uploads\/2024\/07\/Equipo-Plan-Presentaci\u251c\u2502n-Semana-del-Bonarda-11.jpeg\" data-rel=\"penci-gallery-image-content\" ><img decoding=\"async\" src=\"https:\/\/enolife.com.ar\/es\/wp-content\/uploads\/2024\/07\/Equipo-Plan-Presentaci\u251c\u2502n-Semana-del-Bonarda-11.jpeg\" alt=\"\" class=\"wp-image-120261\" width=\"-75\" height=\"-44\" srcset=\"https:\/\/enolife.com.ar\/es\/wp-content\/uploads\/2024\/07\/Equipo-Plan-Presentaci\u251c\u2502n-Semana-del-Bonarda-11.jpeg 770w, https:\/\/enolife.com.ar\/es\/wp-content\/uploads\/2024\/07\/Equipo-Plan-Presentaci\u251c\u2502n-Semana-del-Bonarda-11-300x178.jpeg 300w, https:\/\/enolife.com.ar\/es\/wp-content\/uploads\/2024\/07\/Equipo-Plan-Presentaci\u251c\u2502n-Semana-del-Bonarda-11-768x455.jpeg 768w, https:\/\/enolife.com.ar\/es\/wp-content\/uploads\/2024\/07\/Equipo-Plan-Presentaci\u251c\u2502n-Semana-del-Bonarda-11-585x346.jpeg 585w\" sizes=\"(max-width: 770px) 100vw, 770px\" \/><\/a><figcaption class=\"wp-element-caption\"><em><strong>Equipo del Plan Bonarda en la presentaci\u00f3n del evento<\/strong><\/em><\/figcaption><\/figure><\/div>\n\n\n<div style=\"height:30px\" aria-hidden=\"true\" class=\"wp-block-spacer\"><\/div>\n\n\n\n<p><em>\u201cEste proyecto tiene un objetivo claro: fomentar el consumo del vino bonarda por su impacto positivo en los productores y la sociedad del Este de Mendoza\u201d, <\/em>afirm\u00f3 el intendente de <strong>San Mart\u00edn<\/strong>, <strong>Ra\u00fal Rufeil<\/strong>. <\/p>\n\n\n\n<p>Por su parte, el jefe comunal de Jun\u00edn -otro de los departamentos del Este-, <strong>Mario Abed<\/strong>, agreg\u00f3: <em>\u201cFelicito al equipo Bonarda y estoy seguro de que vamos por el camino correcto para fortalecer la vitivinicultura en nuestra regi\u00f3n\u201d.<\/em><\/p>\n\n\n\n<p><strong>Roberto Gonz\u00e1lez<\/strong>, destacado en\u00f3logo de la regi\u00f3n, investigador y autor de libros sobre la variedad, subray\u00f3 la importancia de la comunicaci\u00f3n en la difusi\u00f3n de esta bebida que complementa al malbec a nivel mundial, enfatizando la necesidad de concentrarse ahora en la comercializaci\u00f3n.<\/p>\n\n\n\n<div style=\"height:35px\" aria-hidden=\"true\" class=\"wp-block-spacer\"><\/div>\n\n\n\n<p class=\"has-medium-font-size\"><strong>La agenda<\/strong><\/p>\n\n\n\n<p class=\"has-background\" style=\"background-color:#bd1c4438\"><strong>Apertura &#8211; Jueves 1 de agosto a las 10 hs<\/strong><\/p>\n\n\n\n<p><strong>Embajadores del bonarda: <\/strong>Charla participativa Plan Bonarda. Con la presencia de autoridades locales y provinciales y reinas de la vendimia. Estudiantes de las escuelas secundarias del departamento de San Mart\u00edn, convocadas por la coordinaci\u00f3n de educaci\u00f3n. <\/p>\n\n\n\n<p><strong>Lugar<\/strong>: Centro de Congresos y Exposiciones Francisco. Gral. San Mart\u00edn.<\/p>\n\n\n\n<div style=\"height:30px\" aria-hidden=\"true\" class=\"wp-block-spacer\"><\/div>\n\n\n\n<p class=\"has-background\" style=\"background-color:#bd1c4438\"><strong>Terrazas Bonarda &#8211; Viernes 2 de agosto a partir de las 19 hs<\/strong><\/p>\n\n\n\n<p><strong>Degustaci\u00f3n Plan Bonarda + 4 bodegas invitadas<\/strong>: Maridaje con shawarma. Show art\u00edstico con el Ballet Ra\u00edces Huarpes, a cargo de la Direcci\u00f3n de Cultura de la Municipalidad de San Mart\u00edn. Evento con costo: entradaweb<\/p>\n\n\n\n<p><strong>Lugar<\/strong>: Terraza Jard\u00edn Mirador de la Municipalidad de la Ciudad de Mendoza, 9 de julio 500. <\/p>\n\n\n\n<div style=\"height:20px\" aria-hidden=\"true\" class=\"wp-block-spacer\"><\/div>\n\n\n\n<div class=\"wp-block-group is-content-justification-center is-nowrap is-layout-flex wp-container-core-group-is-layout-94bc23d7 wp-block-group-is-layout-flex\">\n<figure class=\"wp-block-image size-full is-resized\"><a href=\"https:\/\/enolife.com.ar\/es\/wp-content\/uploads\/2024\/07\/IMG-20240723-WA0163.jpg\" data-rel=\"penci-gallery-image-content\" ><img loading=\"lazy\" decoding=\"async\" src=\"https:\/\/enolife.com.ar\/es\/wp-content\/uploads\/2024\/07\/IMG-20240723-WA0163.jpg\" alt=\"\" class=\"wp-image-120223\" width=\"341\" height=\"341\" srcset=\"https:\/\/enolife.com.ar\/es\/wp-content\/uploads\/2024\/07\/IMG-20240723-WA0163.jpg 400w, https:\/\/enolife.com.ar\/es\/wp-content\/uploads\/2024\/07\/IMG-20240723-WA0163-300x300.jpg 300w, https:\/\/enolife.com.ar\/es\/wp-content\/uploads\/2024\/07\/IMG-20240723-WA0163-150x150.jpg 150w\" sizes=\"auto, (max-width: 341px) 100vw, 341px\" \/><\/a><\/figure>\n\n\n\n<figure class=\"wp-block-image size-full is-resized\"><a href=\"https:\/\/enolife.com.ar\/es\/wp-content\/uploads\/2024\/07\/IMG-20240723-WA0165.jpg\" data-rel=\"penci-gallery-image-content\" ><img loading=\"lazy\" decoding=\"async\" src=\"https:\/\/enolife.com.ar\/es\/wp-content\/uploads\/2024\/07\/IMG-20240723-WA0165.jpg\" alt=\"\" class=\"wp-image-120224\" width=\"345\" height=\"345\" srcset=\"https:\/\/enolife.com.ar\/es\/wp-content\/uploads\/2024\/07\/IMG-20240723-WA0165.jpg 400w, https:\/\/enolife.com.ar\/es\/wp-content\/uploads\/2024\/07\/IMG-20240723-WA0165-300x300.jpg 300w, https:\/\/enolife.com.ar\/es\/wp-content\/uploads\/2024\/07\/IMG-20240723-WA0165-150x150.jpg 150w\" sizes=\"auto, (max-width: 345px) 100vw, 345px\" \/><\/a><\/figure>\n<\/div>\n\n\n\n<div style=\"height:30px\" aria-hidden=\"true\" class=\"wp-block-spacer\"><\/div>\n\n\n\n<p class=\"has-background\" style=\"background-color:#bd1c4438\"><strong>V Encuentro literario &#8211; Tierra Bonarda &#8211; S\u00e1bado 3 de agosto a partir de las 11 hs<\/strong><\/p>\n\n\n\n<p><strong>\u00c1gape<\/strong>: Degustaci\u00f3n Plan Bonarda + 1 bodega invitada. Auspicia Municipalidad de San Mart\u00edn, a trav\u00e9s de la Direcci\u00f3n de Cultura.<\/p>\n\n\n\n<p><strong>Lugar<\/strong>: Templo del Vino Bonarda Argentino. San Mart\u00edn. Horario: de 11 a 18. Evento gratuito \u2013 inscripciones abiertas. Contacto: Viviana Abraham 2634 693795.<\/p>\n\n\n\n<div style=\"height:30px\" aria-hidden=\"true\" class=\"wp-block-spacer\"><\/div>\n\n\n\n<p class=\"has-background\" style=\"background-color:#bd1c4438\"><strong>Sunset Bonarda Aleph \u2013 La revoluci\u00f3n del este \u2013 S\u00e1bado 3. De 18 a 22.<\/strong><\/p>\n\n\n\n<p><strong>Degustaci\u00f3n Plan Bonarda y etiquetas de Aleph<\/strong>. <\/p>\n\n\n\n<p><strong>Lugar<\/strong>: Bodega Aleph \u2013 Los Barriales \u2013 Jun\u00edn. Colabora la Municipalidad de Jun\u00edn. Evento con costo: entradaweb<\/p>\n\n\n\n<div style=\"height:25px\" aria-hidden=\"true\" class=\"wp-block-spacer\"><\/div>\n\n\n\n<div class=\"wp-block-group is-content-justification-center is-nowrap is-layout-flex wp-container-core-group-is-layout-94bc23d7 wp-block-group-is-layout-flex\">\n<figure class=\"wp-block-image size-full is-resized\"><a href=\"https:\/\/enolife.com.ar\/es\/wp-content\/uploads\/2024\/07\/IMG-20240723-WA0166.jpg\" data-rel=\"penci-gallery-image-content\" ><img loading=\"lazy\" decoding=\"async\" src=\"https:\/\/enolife.com.ar\/es\/wp-content\/uploads\/2024\/07\/IMG-20240723-WA0166.jpg\" alt=\"\" class=\"wp-image-120226\" width=\"364\" height=\"364\" srcset=\"https:\/\/enolife.com.ar\/es\/wp-content\/uploads\/2024\/07\/IMG-20240723-WA0166.jpg 400w, https:\/\/enolife.com.ar\/es\/wp-content\/uploads\/2024\/07\/IMG-20240723-WA0166-300x300.jpg 300w, https:\/\/enolife.com.ar\/es\/wp-content\/uploads\/2024\/07\/IMG-20240723-WA0166-150x150.jpg 150w\" sizes=\"auto, (max-width: 364px) 100vw, 364px\" \/><\/a><\/figure>\n\n\n\n<figure class=\"wp-block-image size-full is-resized\"><a href=\"https:\/\/enolife.com.ar\/es\/wp-content\/uploads\/2024\/07\/IMG-20240723-WA0167-2.jpg\" data-rel=\"penci-gallery-image-content\" ><img loading=\"lazy\" decoding=\"async\" src=\"https:\/\/enolife.com.ar\/es\/wp-content\/uploads\/2024\/07\/IMG-20240723-WA0167-2.jpg\" alt=\"\" class=\"wp-image-120229\" width=\"376\" height=\"376\" srcset=\"https:\/\/enolife.com.ar\/es\/wp-content\/uploads\/2024\/07\/IMG-20240723-WA0167-2.jpg 400w, https:\/\/enolife.com.ar\/es\/wp-content\/uploads\/2024\/07\/IMG-20240723-WA0167-2-300x300.jpg 300w, https:\/\/enolife.com.ar\/es\/wp-content\/uploads\/2024\/07\/IMG-20240723-WA0167-2-150x150.jpg 150w\" sizes=\"auto, (max-width: 376px) 100vw, 376px\" \/><\/a><\/figure>\n<\/div>\n\n\n\n<div style=\"height:30px\" aria-hidden=\"true\" class=\"wp-block-spacer\"><\/div>\n\n\n\n<p class=\"has-background\" style=\"background-color:#bd1c4438\"><strong>Marat\u00f3n Bonarda \u2013 Domingo 4 desde las 10.<\/strong><\/p>\n\n\n\n<p><strong>Organiza<\/strong>: Direcci\u00f3n de Deportes. Municipalidad de San Mart\u00edn.&nbsp;<strong><a href=\"https:\/\/ticketsati.com\/evento\/marat%C3%B3n-bonarda-2024\">Inscripciones<\/a>&nbsp;<\/strong> Evento con costo <\/p>\n\n\n\n<p><strong>Contacto<\/strong>: +54 9 263 464 4817<\/p>\n\n\n\n<div style=\"height:30px\" aria-hidden=\"true\" class=\"wp-block-spacer\"><\/div>\n\n\n\n<p class=\"has-background\" style=\"background-color:#bd1c4438\"><strong>Tardecitas con Bonarda \u2013 Domingo 4 a partir de las 12.<\/strong><\/p>\n\n\n\n<p>Participaci\u00f3n especial de la Direcci\u00f3n de Turismo, a trav\u00e9s de:<\/p>\n\n\n\n<ul class=\"wp-block-list\">\n<li>Bonarda y gastronom\u00eda. A las 12<\/li>\n\n\n\n<li>El municipio de Mar del Plata dar\u00e1 inicio al ciclo de turismo gastron\u00f3mico<\/li>\n\n\n\n<li>Chef invitado: Luis Ram\u00edrez (Mar del Plata)<\/li>\n\n\n\n<li>Modalidad picnic con feria. A las 16.<\/li>\n\n\n\n<li>Degustaci\u00f3n + feria de bodegas invitadas del Plan Bonarda<\/li>\n\n\n\n<li>Stand de juegos<\/li>\n\n\n\n<li>Entrega de manteles contra DNI<\/li>\n\n\n\n<li>Artesanos y food trucks<\/li>\n\n\n\n<li>Exposici\u00f3n de motos antiguas (seg\u00fan el clima)<\/li>\n\n\n\n<li>Artistas locales<\/li>\n\n\n\n<li>Actividades de promoci\u00f3n tur\u00edsticas<\/li>\n<\/ul>\n\n\n\n<p><strong>Participan<\/strong>:  Municipalidad de Ciudad de Mendoza, Capital internacional del vino, Municipalidad de Jun\u00edn<br><strong>Lugar<\/strong>: Museo hist\u00f3rico Las B\u00f3vedas<strong>.<\/strong> Municipalidad de San Mart\u00edn<br>Evento gratuito<\/p>\n\n\n\n<div style=\"height:20px\" aria-hidden=\"true\" class=\"wp-block-spacer\"><\/div>\n\n\n\n<div class=\"wp-block-group is-content-justification-center is-nowrap is-layout-flex wp-container-core-group-is-layout-94bc23d7 wp-block-group-is-layout-flex\">\n<figure class=\"wp-block-image size-full\"><a href=\"https:\/\/enolife.com.ar\/es\/wp-content\/uploads\/2024\/07\/IMG-20240723-WA0168.jpg\" data-rel=\"penci-gallery-image-content\" ><img loading=\"lazy\" decoding=\"async\" width=\"400\" height=\"400\" src=\"https:\/\/enolife.com.ar\/es\/wp-content\/uploads\/2024\/07\/IMG-20240723-WA0168.jpg\" alt=\"\" class=\"wp-image-120232\" srcset=\"https:\/\/enolife.com.ar\/es\/wp-content\/uploads\/2024\/07\/IMG-20240723-WA0168.jpg 400w, https:\/\/enolife.com.ar\/es\/wp-content\/uploads\/2024\/07\/IMG-20240723-WA0168-300x300.jpg 300w, https:\/\/enolife.com.ar\/es\/wp-content\/uploads\/2024\/07\/IMG-20240723-WA0168-150x150.jpg 150w\" sizes=\"auto, (max-width: 400px) 100vw, 400px\" \/><\/a><\/figure>\n\n\n\n<figure class=\"wp-block-image size-full\"><a href=\"https:\/\/enolife.com.ar\/es\/wp-content\/uploads\/2024\/07\/IMG-20240723-WA0170.jpg\" data-rel=\"penci-gallery-image-content\" ><img loading=\"lazy\" decoding=\"async\" width=\"400\" height=\"400\" src=\"https:\/\/enolife.com.ar\/es\/wp-content\/uploads\/2024\/07\/IMG-20240723-WA0170.jpg\" alt=\"\" class=\"wp-image-120233\" srcset=\"https:\/\/enolife.com.ar\/es\/wp-content\/uploads\/2024\/07\/IMG-20240723-WA0170.jpg 400w, https:\/\/enolife.com.ar\/es\/wp-content\/uploads\/2024\/07\/IMG-20240723-WA0170-300x300.jpg 300w, https:\/\/enolife.com.ar\/es\/wp-content\/uploads\/2024\/07\/IMG-20240723-WA0170-150x150.jpg 150w\" sizes=\"auto, (max-width: 400px) 100vw, 400px\" \/><\/a><\/figure>\n<\/div>\n\n\n\n<div style=\"height:30px\" aria-hidden=\"true\" class=\"wp-block-spacer\"><\/div>\n\n\n\n<p class=\"has-background\" style=\"background-color:#bd1c4438\"><strong>Lunes de vinotecas &#8211; Lunes 5<\/strong> <strong>de agosto<\/strong><\/p>\n\n\n\n<p>Vinotecas ofrecer\u00e1n descuentos en sus bonardas a la venta.<\/p>\n\n\n\n<div style=\"height:30px\" aria-hidden=\"true\" class=\"wp-block-spacer\"><\/div>\n\n\n\n<p class=\"has-background\" style=\"background-color:#bd1c4438\"><strong>Brindemos por el Bonarda &#8211; Lunes 5 a las 11 hs<\/strong><\/p>\n\n\n\n<p>Sala del vino de la Municipalidad de la Ciudad de Mendoza &#8211; Evento con costo: entradaweb<br><strong>Lugar<\/strong>: 9 de julio 500. Ciudad<\/p>\n\n\n\n<div style=\"height:30px\" aria-hidden=\"true\" class=\"wp-block-spacer\"><\/div>\n\n\n\n<p class=\"has-background\" style=\"background-color:#bd1c4438\"><strong>Brindemos por el Bonarda \u2013 Martes 6 desde las 11.<\/strong><\/p>\n\n\n\n<p>Sala del vino de la Municipalidad de la Ciudad de Mendoza &#8211; Evento con costo: entradaweb<br><strong>Lugar<\/strong>: 9 de julio 500, Ciudad<\/p>\n\n\n\n<div style=\"height:20px\" aria-hidden=\"true\" class=\"wp-block-spacer\"><\/div>\n\n\n\n<div class=\"wp-block-group is-content-justification-center is-nowrap is-layout-flex wp-container-core-group-is-layout-94bc23d7 wp-block-group-is-layout-flex\">\n<figure class=\"wp-block-image size-full\"><a href=\"https:\/\/enolife.com.ar\/es\/wp-content\/uploads\/2024\/07\/IMG-20240723-WA0171.jpg\" data-rel=\"penci-gallery-image-content\" ><img loading=\"lazy\" decoding=\"async\" width=\"400\" height=\"400\" src=\"https:\/\/enolife.com.ar\/es\/wp-content\/uploads\/2024\/07\/IMG-20240723-WA0171.jpg\" alt=\"\" class=\"wp-image-120237\" srcset=\"https:\/\/enolife.com.ar\/es\/wp-content\/uploads\/2024\/07\/IMG-20240723-WA0171.jpg 400w, https:\/\/enolife.com.ar\/es\/wp-content\/uploads\/2024\/07\/IMG-20240723-WA0171-300x300.jpg 300w, https:\/\/enolife.com.ar\/es\/wp-content\/uploads\/2024\/07\/IMG-20240723-WA0171-150x150.jpg 150w\" sizes=\"auto, (max-width: 400px) 100vw, 400px\" \/><\/a><\/figure>\n\n\n\n<figure class=\"wp-block-image size-full\"><a href=\"https:\/\/enolife.com.ar\/es\/wp-content\/uploads\/2024\/07\/IMG-20240723-WA0172.jpg\" data-rel=\"penci-gallery-image-content\" ><img loading=\"lazy\" decoding=\"async\" width=\"400\" height=\"400\" src=\"https:\/\/enolife.com.ar\/es\/wp-content\/uploads\/2024\/07\/IMG-20240723-WA0172.jpg\" alt=\"\" class=\"wp-image-120238\" srcset=\"https:\/\/enolife.com.ar\/es\/wp-content\/uploads\/2024\/07\/IMG-20240723-WA0172.jpg 400w, https:\/\/enolife.com.ar\/es\/wp-content\/uploads\/2024\/07\/IMG-20240723-WA0172-300x300.jpg 300w, https:\/\/enolife.com.ar\/es\/wp-content\/uploads\/2024\/07\/IMG-20240723-WA0172-150x150.jpg 150w\" sizes=\"auto, (max-width: 400px) 100vw, 400px\" \/><\/a><\/figure>\n<\/div>\n\n\n\n<div style=\"height:30px\" aria-hidden=\"true\" class=\"wp-block-spacer\"><\/div>\n\n\n\n<p class=\"has-background\" style=\"background-color:#bd1c4438\"><strong>Aniversario ProMendoza &#8211; Martes 6 a partir de las 19 hs<\/strong><\/p>\n\n\n\n<p>Degustaci\u00f3n Plan Bonarda<br><strong>Lugar<\/strong>: Sala de conferencias de Planta Uno, Godoy Cruz<\/p>\n\n\n\n<div style=\"height:30px\" aria-hidden=\"true\" class=\"wp-block-spacer\"><\/div>\n\n\n\n<p class=\"has-background\" style=\"background-color:#bd1c4438\"><strong>Brindemos por el bonarda &#8211; Mi\u00e9rcoles 7 a las 11 hs<\/strong><\/p>\n\n\n\n<p>Sala del vino de la Municipalidad de la Ciudad de Mendoza<br>Evento con costo: entradaweb<br><strong>Lugar<\/strong>: 9 de julio 500, Ciudad<\/p>\n\n\n\n<div style=\"height:20px\" aria-hidden=\"true\" class=\"wp-block-spacer\"><\/div>\n\n\n\n<div style=\"height:\" aria-hidden=\"true\" class=\"wp-block-spacer\"><\/div>\n\n\n\n<div class=\"wp-block-group is-content-justification-center is-nowrap is-layout-flex wp-container-core-group-is-layout-94bc23d7 wp-block-group-is-layout-flex\">\n<figure class=\"wp-block-image size-full\"><a href=\"https:\/\/enolife.com.ar\/es\/wp-content\/uploads\/2024\/07\/IMG-20240723-WA0173.jpg\" data-rel=\"penci-gallery-image-content\" ><img loading=\"lazy\" decoding=\"async\" width=\"400\" height=\"400\" src=\"https:\/\/enolife.com.ar\/es\/wp-content\/uploads\/2024\/07\/IMG-20240723-WA0173.jpg\" alt=\"\" class=\"wp-image-120241\" srcset=\"https:\/\/enolife.com.ar\/es\/wp-content\/uploads\/2024\/07\/IMG-20240723-WA0173.jpg 400w, https:\/\/enolife.com.ar\/es\/wp-content\/uploads\/2024\/07\/IMG-20240723-WA0173-300x300.jpg 300w, https:\/\/enolife.com.ar\/es\/wp-content\/uploads\/2024\/07\/IMG-20240723-WA0173-150x150.jpg 150w\" sizes=\"auto, (max-width: 400px) 100vw, 400px\" \/><\/a><\/figure>\n\n\n\n<figure class=\"wp-block-image size-full\"><a href=\"https:\/\/enolife.com.ar\/es\/wp-content\/uploads\/2024\/07\/IMG-20240723-WA0172-1.jpg\" data-rel=\"penci-gallery-image-content\" ><img loading=\"lazy\" decoding=\"async\" width=\"400\" height=\"400\" src=\"https:\/\/enolife.com.ar\/es\/wp-content\/uploads\/2024\/07\/IMG-20240723-WA0172-1.jpg\" alt=\"\" class=\"wp-image-120240\" srcset=\"https:\/\/enolife.com.ar\/es\/wp-content\/uploads\/2024\/07\/IMG-20240723-WA0172-1.jpg 400w, https:\/\/enolife.com.ar\/es\/wp-content\/uploads\/2024\/07\/IMG-20240723-WA0172-1-300x300.jpg 300w, https:\/\/enolife.com.ar\/es\/wp-content\/uploads\/2024\/07\/IMG-20240723-WA0172-1-150x150.jpg 150w\" sizes=\"auto, (max-width: 400px) 100vw, 400px\" \/><\/a><\/figure>\n<\/div>\n\n\n\n<div style=\"height:30px\" aria-hidden=\"true\" class=\"wp-block-spacer\"><\/div>\n\n\n\n<p class=\"has-background\" style=\"background-color:#bd1c4438\"><strong>Degustaci\u00f3n en la Bolsa &#8211; Mi\u00e9rcoles 7 desde las 18 hs<\/strong><\/p>\n\n\n\n<p><strong>20 a\u00f1os con Bonarda &#8211; Altos Las Hormigas<\/strong> &#8211; degustaci\u00f3n<br>Bodega Altos Las Hormigas y Plan Bonarda<br><strong>Artista<\/strong>: saxofonista Karim Sar Sar<br>Municipalidad de Ciudad de Mendoza y Municipalidad de San Mart\u00edn<br>Evento con costo: entradaweb<\/p>\n\n\n\n<div style=\"height:30px\" aria-hidden=\"true\" class=\"wp-block-spacer\"><\/div>\n\n\n\n<p class=\"has-background\" style=\"background-color:#bd1c4438\"><strong>Brindemos por el Bonarda &#8211; Jueves 8 a las 11 hs<\/strong><\/p>\n\n\n\n<p>Sala del vino de la Municipalidad de la Ciudad de Mendoza<br>Evento con costo: entradaweb<br><strong>Lugar<\/strong>: 9 de julio 500, Ciudad<\/p>\n\n\n\n<div style=\"height:30px\" aria-hidden=\"true\" class=\"wp-block-spacer\"><\/div>\n\n\n\n<p class=\"has-background\" style=\"background-color:#bd1c4438\"><strong>Arte y Bonarda &#8211; Jueves 8 a partir de las 19<\/strong><\/p>\n\n\n\n<p>Artistas expositores Multiespacio Borde: Emilia S\u00e1nchez; Flor Alonso; Marcelo Torres Delgado; Amira Yurie; Luz Magarre; Fernanda Magarre; Mataca y Lautaro Valdivia<br><strong>Lugar<\/strong>: Multiespacio Borde. Cuesta del madero 60. Gral. San Mart\u00edn<br>Degustaci\u00f3n Plan Bonarda + 1 bodega invitada<br>Evento con costo: a colaboraci\u00f3n de Espacio Borde in situ<\/p>\n\n\n\n<div style=\"height:20px\" aria-hidden=\"true\" class=\"wp-block-spacer\"><\/div>\n\n\n\n<div class=\"wp-block-group is-content-justification-center is-nowrap is-layout-flex wp-container-core-group-is-layout-94bc23d7 wp-block-group-is-layout-flex\">\n<figure class=\"wp-block-image size-full\"><a href=\"https:\/\/enolife.com.ar\/es\/wp-content\/uploads\/2024\/07\/IMG-20240723-WA0175.jpg\" data-rel=\"penci-gallery-image-content\" ><img loading=\"lazy\" decoding=\"async\" width=\"400\" height=\"400\" src=\"https:\/\/enolife.com.ar\/es\/wp-content\/uploads\/2024\/07\/IMG-20240723-WA0175.jpg\" alt=\"\" class=\"wp-image-120242\" srcset=\"https:\/\/enolife.com.ar\/es\/wp-content\/uploads\/2024\/07\/IMG-20240723-WA0175.jpg 400w, https:\/\/enolife.com.ar\/es\/wp-content\/uploads\/2024\/07\/IMG-20240723-WA0175-300x300.jpg 300w, https:\/\/enolife.com.ar\/es\/wp-content\/uploads\/2024\/07\/IMG-20240723-WA0175-150x150.jpg 150w\" sizes=\"auto, (max-width: 400px) 100vw, 400px\" \/><\/a><\/figure>\n\n\n\n<figure class=\"wp-block-image size-full\"><a href=\"https:\/\/enolife.com.ar\/es\/wp-content\/uploads\/2024\/07\/IMG-20240723-WA0176.jpg\" data-rel=\"penci-gallery-image-content\" ><img loading=\"lazy\" decoding=\"async\" width=\"400\" height=\"400\" src=\"https:\/\/enolife.com.ar\/es\/wp-content\/uploads\/2024\/07\/IMG-20240723-WA0176.jpg\" alt=\"\" class=\"wp-image-120246\" srcset=\"https:\/\/enolife.com.ar\/es\/wp-content\/uploads\/2024\/07\/IMG-20240723-WA0176.jpg 400w, https:\/\/enolife.com.ar\/es\/wp-content\/uploads\/2024\/07\/IMG-20240723-WA0176-300x300.jpg 300w, https:\/\/enolife.com.ar\/es\/wp-content\/uploads\/2024\/07\/IMG-20240723-WA0176-150x150.jpg 150w\" sizes=\"auto, (max-width: 400px) 100vw, 400px\" \/><\/a><\/figure>\n\n\n\n<figure class=\"wp-block-image size-full\"><a href=\"https:\/\/enolife.com.ar\/es\/wp-content\/uploads\/2024\/07\/IMG-20240723-WA0177-1.jpg\" data-rel=\"penci-gallery-image-content\" ><img loading=\"lazy\" decoding=\"async\" width=\"400\" height=\"400\" src=\"https:\/\/enolife.com.ar\/es\/wp-content\/uploads\/2024\/07\/IMG-20240723-WA0177-1.jpg\" alt=\"\" class=\"wp-image-120250\" srcset=\"https:\/\/enolife.com.ar\/es\/wp-content\/uploads\/2024\/07\/IMG-20240723-WA0177-1.jpg 400w, https:\/\/enolife.com.ar\/es\/wp-content\/uploads\/2024\/07\/IMG-20240723-WA0177-1-300x300.jpg 300w, https:\/\/enolife.com.ar\/es\/wp-content\/uploads\/2024\/07\/IMG-20240723-WA0177-1-150x150.jpg 150w\" sizes=\"auto, (max-width: 400px) 100vw, 400px\" \/><\/a><\/figure>\n<\/div>\n\n\n\n<div style=\"height:30px\" aria-hidden=\"true\" class=\"wp-block-spacer\"><\/div>\n\n\n\n<p class=\"has-background\" style=\"background-color:#bd1c4438\"><strong>Degustaci\u00f3n de Bonardas &#8211; Jueves 8 a las 20 hs<\/strong><\/p>\n\n\n\n<p>Degustaci\u00f3n a cargo de Bodega Familia Morcos<\/p>\n\n\n\n<div style=\"height:30px\" aria-hidden=\"true\" class=\"wp-block-spacer\"><\/div>\n\n\n\n<p class=\"has-background\" style=\"background-color:#bd1c4438\"><strong>T\u00f3tem &amp; Bonarda &#8211; Jueves 8 desde las 22 hs<\/strong><\/p>\n\n\n\n<p>Degustaci\u00f3n Plan Bonarda + 1 bodega invitada<br><strong>Lugar<\/strong>: Casino T\u00f3tem Bulevar. Calle M\u00edguez entre Ruta Provincial 50 y Ruta Nacional 7<br>Evento gratuito<\/p>\n\n\n\n<div style=\"height:20px\" aria-hidden=\"true\" class=\"wp-block-spacer\"><\/div>\n\n\n\n<div class=\"wp-block-group is-content-justification-center is-nowrap is-layout-flex wp-container-core-group-is-layout-94bc23d7 wp-block-group-is-layout-flex\">\n<figure class=\"wp-block-image size-full\"><a href=\"https:\/\/enolife.com.ar\/es\/wp-content\/uploads\/2024\/07\/IMG-20240723-WA0178.jpg\" data-rel=\"penci-gallery-image-content\" ><img loading=\"lazy\" decoding=\"async\" width=\"400\" height=\"400\" src=\"https:\/\/enolife.com.ar\/es\/wp-content\/uploads\/2024\/07\/IMG-20240723-WA0178.jpg\" alt=\"\" class=\"wp-image-120249\" srcset=\"https:\/\/enolife.com.ar\/es\/wp-content\/uploads\/2024\/07\/IMG-20240723-WA0178.jpg 400w, https:\/\/enolife.com.ar\/es\/wp-content\/uploads\/2024\/07\/IMG-20240723-WA0178-300x300.jpg 300w, https:\/\/enolife.com.ar\/es\/wp-content\/uploads\/2024\/07\/IMG-20240723-WA0178-150x150.jpg 150w\" sizes=\"auto, (max-width: 400px) 100vw, 400px\" \/><\/a><\/figure>\n\n\n\n<figure class=\"wp-block-image size-full\"><a href=\"https:\/\/enolife.com.ar\/es\/wp-content\/uploads\/2024\/07\/IMG-20240723-WA0179.jpg\" data-rel=\"penci-gallery-image-content\" ><img loading=\"lazy\" decoding=\"async\" width=\"400\" height=\"400\" src=\"https:\/\/enolife.com.ar\/es\/wp-content\/uploads\/2024\/07\/IMG-20240723-WA0179.jpg\" alt=\"\" class=\"wp-image-120251\" srcset=\"https:\/\/enolife.com.ar\/es\/wp-content\/uploads\/2024\/07\/IMG-20240723-WA0179.jpg 400w, https:\/\/enolife.com.ar\/es\/wp-content\/uploads\/2024\/07\/IMG-20240723-WA0179-300x300.jpg 300w, https:\/\/enolife.com.ar\/es\/wp-content\/uploads\/2024\/07\/IMG-20240723-WA0179-150x150.jpg 150w\" sizes=\"auto, (max-width: 400px) 100vw, 400px\" \/><\/a><\/figure>\n<\/div>\n\n\n\n<div style=\"height:30px\" aria-hidden=\"true\" class=\"wp-block-spacer\"><\/div>\n\n\n\n<p class=\"has-background\" style=\"background-color:#bd1c4438\"><strong>Brindemos por el Bonarda &#8211; Viernes 9 a partir de las 11<\/strong> hs<\/p>\n\n\n\n<p>Sala del vino de la Municipalidad de la Ciudad de Mendoza<br>Evento con costo: entradaweb<br><strong>Lugar<\/strong>: 9 de julio 500, Ciudad<\/p>\n\n\n\n<div style=\"height:30px\" aria-hidden=\"true\" class=\"wp-block-spacer\"><\/div>\n\n\n\n<p class=\"has-background\" style=\"background-color:#bd1c4438\"><strong>Bonarda en el Lago &#8211; Viernes 9 a las 18<\/strong><\/p>\n\n\n\n<p><strong>Jardines del Club Regatas. Espect\u00e1culo art\u00edstico<\/strong><br>Degustaci\u00f3n Plan Bonarda + 3 bodegas<br><strong>Lugar<\/strong>: Club Mendoza de Regatas. Parque General San Mart\u00edn<br>Evento con costo: entradaweb<\/p>\n\n\n\n<div style=\"height:30px\" aria-hidden=\"true\" class=\"wp-block-spacer\"><\/div>\n\n\n\n<p class=\"has-background\" style=\"background-color:#bd1c4438\"><strong>Lo de Mar\u00eda \u2013 Viernes 9 a las 18.30 hs<\/strong><\/p>\n\n\n\n<p><strong>Introducci\u00f3n al verm\u00fa con Bonarda<br><\/strong>Organizado por \u201cCultura y Sabores\u201d<br>Charla realizada por Emiliano Sosa (t\u00e9cnico enol\u00f3gico) y Roberto Castro (licenciado en Enolog\u00eda)<br><strong>Lugar<\/strong>: Lo de Mar\u00eda. Isidoro Bousquet 2787, Jun\u00edn.<\/p>\n\n\n\n<div style=\"height:20px\" aria-hidden=\"true\" class=\"wp-block-spacer\"><\/div>\n\n\n\n<div class=\"wp-block-group is-nowrap is-layout-flex wp-container-core-group-is-layout-ad2f72ca wp-block-group-is-layout-flex\">\n<figure class=\"wp-block-image size-full\"><a href=\"https:\/\/enolife.com.ar\/es\/wp-content\/uploads\/2024\/07\/IMG-20240723-WA0180.jpg\" data-rel=\"penci-gallery-image-content\" ><img loading=\"lazy\" decoding=\"async\" width=\"400\" height=\"400\" src=\"https:\/\/enolife.com.ar\/es\/wp-content\/uploads\/2024\/07\/IMG-20240723-WA0180.jpg\" alt=\"\" class=\"wp-image-120253\" srcset=\"https:\/\/enolife.com.ar\/es\/wp-content\/uploads\/2024\/07\/IMG-20240723-WA0180.jpg 400w, https:\/\/enolife.com.ar\/es\/wp-content\/uploads\/2024\/07\/IMG-20240723-WA0180-300x300.jpg 300w, https:\/\/enolife.com.ar\/es\/wp-content\/uploads\/2024\/07\/IMG-20240723-WA0180-150x150.jpg 150w\" sizes=\"auto, (max-width: 400px) 100vw, 400px\" \/><\/a><\/figure>\n\n\n\n<figure class=\"wp-block-image size-full\"><a href=\"https:\/\/enolife.com.ar\/es\/wp-content\/uploads\/2024\/07\/IMG-20240723-WA0181.jpg\" data-rel=\"penci-gallery-image-content\" ><img loading=\"lazy\" decoding=\"async\" width=\"400\" height=\"400\" src=\"https:\/\/enolife.com.ar\/es\/wp-content\/uploads\/2024\/07\/IMG-20240723-WA0181.jpg\" alt=\"\" class=\"wp-image-120254\" srcset=\"https:\/\/enolife.com.ar\/es\/wp-content\/uploads\/2024\/07\/IMG-20240723-WA0181.jpg 400w, https:\/\/enolife.com.ar\/es\/wp-content\/uploads\/2024\/07\/IMG-20240723-WA0181-300x300.jpg 300w, https:\/\/enolife.com.ar\/es\/wp-content\/uploads\/2024\/07\/IMG-20240723-WA0181-150x150.jpg 150w\" sizes=\"auto, (max-width: 400px) 100vw, 400px\" \/><\/a><\/figure>\n\n\n\n<figure class=\"wp-block-image size-full\"><a href=\"https:\/\/enolife.com.ar\/es\/wp-content\/uploads\/2024\/07\/IMG-20240723-WA0182-1.jpg\" data-rel=\"penci-gallery-image-content\" ><img loading=\"lazy\" decoding=\"async\" width=\"400\" height=\"400\" src=\"https:\/\/enolife.com.ar\/es\/wp-content\/uploads\/2024\/07\/IMG-20240723-WA0182-1.jpg\" alt=\"\" class=\"wp-image-120256\" srcset=\"https:\/\/enolife.com.ar\/es\/wp-content\/uploads\/2024\/07\/IMG-20240723-WA0182-1.jpg 400w, https:\/\/enolife.com.ar\/es\/wp-content\/uploads\/2024\/07\/IMG-20240723-WA0182-1-300x300.jpg 300w, https:\/\/enolife.com.ar\/es\/wp-content\/uploads\/2024\/07\/IMG-20240723-WA0182-1-150x150.jpg 150w\" sizes=\"auto, (max-width: 400px) 100vw, 400px\" \/><\/a><\/figure>\n<\/div>\n\n\n\n<div style=\"height:30px\" aria-hidden=\"true\" class=\"wp-block-spacer\"><\/div>\n\n\n\n<p class=\"has-background\" style=\"background-color:#bd1c4438\"><strong>Chocolate para el que vino &#8211; Domingo 11 a partir de las 12 hs<\/strong><\/p>\n\n\n\n<p><strong>Paseo de compras<\/strong> <strong>de emprendedores<\/strong> (m\u00e1s de 50): Gastron\u00f3micos, degustaci\u00f3n de vinos y chocolates, food trucks.<br><strong>Lugar<\/strong>: Explanada municipal Centro C\u00edvico &#8211; Jun\u00edn<br>Evento gratuito<br>Organiza: Municipalidad de Jun\u00edn, junto a Tardes de Feria y La Recova<\/p>\n\n\n\n<div style=\"height:30px\" aria-hidden=\"true\" class=\"wp-block-spacer\"><\/div>\n\n\n\n<p class=\"has-background\" style=\"background-color:#bd1c4438\"><strong>Noche de Viner\u00edas &#8211; Martes 14 a las 19 hs<\/strong><\/p>\n\n\n\n<p><strong>Degustaci\u00f3n y espect\u00e1culo art\u00edstico a cargo del saxofonista Karim Sar Sar<\/strong><br>Municipalidad de la Ciudad de Mendoza y Plan Bonarda<br>Vinoteca: a definir<br>Evento con costo: entradaweb<\/p>\n\n\n\n<div style=\"height:20px\" aria-hidden=\"true\" class=\"wp-block-spacer\"><\/div>\n\n\n\n<div class=\"wp-block-group is-content-justification-center is-nowrap is-layout-flex wp-container-core-group-is-layout-94bc23d7 wp-block-group-is-layout-flex\">\n<figure class=\"wp-block-image size-full\"><a href=\"https:\/\/enolife.com.ar\/es\/wp-content\/uploads\/2024\/07\/IMG-20240723-WA0183.jpg\" data-rel=\"penci-gallery-image-content\" ><img loading=\"lazy\" decoding=\"async\" width=\"400\" height=\"400\" src=\"https:\/\/enolife.com.ar\/es\/wp-content\/uploads\/2024\/07\/IMG-20240723-WA0183.jpg\" alt=\"\" class=\"wp-image-120258\" srcset=\"https:\/\/enolife.com.ar\/es\/wp-content\/uploads\/2024\/07\/IMG-20240723-WA0183.jpg 400w, https:\/\/enolife.com.ar\/es\/wp-content\/uploads\/2024\/07\/IMG-20240723-WA0183-300x300.jpg 300w, https:\/\/enolife.com.ar\/es\/wp-content\/uploads\/2024\/07\/IMG-20240723-WA0183-150x150.jpg 150w\" sizes=\"auto, (max-width: 400px) 100vw, 400px\" \/><\/a><\/figure>\n\n\n\n<figure class=\"wp-block-image size-full\"><a href=\"https:\/\/enolife.com.ar\/es\/wp-content\/uploads\/2024\/07\/IMG-20240723-WA0184.jpg\" data-rel=\"penci-gallery-image-content\" ><img loading=\"lazy\" decoding=\"async\" width=\"400\" height=\"400\" src=\"https:\/\/enolife.com.ar\/es\/wp-content\/uploads\/2024\/07\/IMG-20240723-WA0184.jpg\" alt=\"\" class=\"wp-image-120259\" srcset=\"https:\/\/enolife.com.ar\/es\/wp-content\/uploads\/2024\/07\/IMG-20240723-WA0184.jpg 400w, https:\/\/enolife.com.ar\/es\/wp-content\/uploads\/2024\/07\/IMG-20240723-WA0184-300x300.jpg 300w, https:\/\/enolife.com.ar\/es\/wp-content\/uploads\/2024\/07\/IMG-20240723-WA0184-150x150.jpg 150w\" sizes=\"auto, (max-width: 400px) 100vw, 400px\" \/><\/a><\/figure>\n<\/div>\n\n\n\n<div style=\"height:30px\" aria-hidden=\"true\" class=\"wp-block-spacer\"><\/div>\n","protected":false},"excerpt":{"rendered":"<p>Esta fiesta del vino busca poner en valor y promocionar a este varietal como emblema&hellip;<\/p>\n","protected":false},"author":3,"featured_media":120265,"comment_status":"open","ping_status":"open","sticky":false,"template":"","format":"standard","meta":{"footnotes":""},"categories":[47,56],"tags":[],"class_list":["post-120215","post","type-post","status-publish","format-standard","has-post-thumbnail","hentry","category-agenda","category-destacado"],"_links":{"self":[{"href":"https:\/\/enolife.com.ar\/es\/wp-json\/wp\/v2\/posts\/120215","targetHints":{"allow":["GET"]}}],"collection":[{"href":"https:\/\/enolife.com.ar\/es\/wp-json\/wp\/v2\/posts"}],"about":[{"href":"https:\/\/enolife.com.ar\/es\/wp-json\/wp\/v2\/types\/post"}],"author":[{"embeddable":true,"href":"https:\/\/enolife.com.ar\/es\/wp-json\/wp\/v2\/users\/3"}],"replies":[{"embeddable":true,"href":"https:\/\/enolife.com.ar\/es\/wp-json\/wp\/v2\/comments?post=120215"}],"version-history":[{"count":0,"href":"https:\/\/enolife.com.ar\/es\/wp-json\/wp\/v2\/posts\/120215\/revisions"}],"wp:featuredmedia":[{"embeddable":true,"href":"https:\/\/enolife.com.ar\/es\/wp-json\/wp\/v2\/media\/120265"}],"wp:attachment":[{"href":"https:\/\/enolife.com.ar\/es\/wp-json\/wp\/v2\/media?parent=120215"}],"wp:term":[{"taxonomy":"category","embeddable":true,"href":"https:\/\/enolife.com.ar\/es\/wp-json\/wp\/v2\/categories?post=120215"},{"taxonomy":"post_tag","embeddable":true,"href":"https:\/\/enolife.com.ar\/es\/wp-json\/wp\/v2\/tags?post=120215"}],"curies":[{"name":"wp","href":"https:\/\/api.w.org\/{rel}","templated":true}]}}