{"id":120147,"date":"2024-07-25T16:32:04","date_gmt":"2024-07-25T16:32:04","guid":{"rendered":"https:\/\/enolife.com.ar\/es\/?p=120147"},"modified":"2024-07-26T13:26:49","modified_gmt":"2024-07-26T13:26:49","slug":"lanzan-la-tradicional-cata-san-juan-2024-en-el-marco-de-la-expo-rural-de-palermo","status":"publish","type":"post","link":"https:\/\/enolife.com.ar\/es\/lanzan-la-tradicional-cata-san-juan-2024-en-el-marco-de-la-expo-rural-de-palermo\/","title":{"rendered":"Presentaron la tradicional \u00abCata San Juan 2024\u00bb en el marco de la Expo Rural de Palermo"},"content":{"rendered":"\n<h4 class=\"wp-block-heading\"><em><strong>Por 36 a\u00f1o consecutivo, el Consejo Profesional de En\u00f3logos de San Juan y el Centro de En\u00f3logos de San Juan, organizan el Concurso Nacional de Vinos \u00abCata San Juan 2024\u00bb, con el apoyo de de la C\u00e1mara Vitivin\u00edcola de San Juan, C\u00e1mara de Bodegueros de San Juan y Corporaci\u00f3n Vitivin\u00edcola Argentina (Coviar). El anuncio y lanzamiento del certamen se realiz\u00f3 el 25\/7 de 14.30 a 16 hs en Sal\u00f3n Auditorio, Pabell\u00f3n Azul de la 136 Exposici\u00f3n Rural Argentina, en el Predio Ferial de Palermo, Ciudad de Buenos Aires. La inscripci\u00f3n de muestras est\u00e1 abierta hasta el 6\/9\/24. <\/strong><\/em><\/h4>\n\n\n\n<div style=\"height:35px\" aria-hidden=\"true\" class=\"wp-block-spacer\"><\/div>\n\n\n<a href=\"https:\/\/www.instagram.com\/vinventions.sudamerica\/\" aria-label=\"Banner_Subr_1700x500\"><img loading=\"lazy\" decoding=\"async\" src=\"https:\/\/enolife.com.ar\/es\/wp-content\/uploads\/2019\/07\/Banner_Subr_1700x500.gif\" alt=\"\"  width=\"1700\" height=\"501\"   \/><\/a>\n\n\n<div style=\"height:45px\" aria-hidden=\"true\" class=\"wp-block-spacer\"><\/div>\n\n\n\n<p>Desde hace 36 a\u00f1os, el&nbsp;<strong>Consejo Profesional de San Juan y el Centro de En\u00f3logos de San Juan<\/strong> llevan adelante el&nbsp;<strong>Concurso Nacional de Vinos Cata San Juan<\/strong>, el certamen m\u00e1s antiguo del pa\u00eds en su tipo.<\/p>\n\n\n\n<p>Conocedores de la importancia de evaluar los vinos para elevar y mantener su calidad, el Ministerio de Producci\u00f3n, Trabajo e Innovaci\u00f3n del Gobierno de San Juan, junto a la Corporaci\u00f3n Vitivin\u00edcola Argentina (Coviar), la C\u00e1mara de Bodegueros y la C\u00e1mara Vitivin\u00edcola de San Juan, presentaron la edici\u00f3n 2024 del certamen en el marco de la 136 Exposici\u00f3n de Ganader\u00eda, Agricultura e Industria Internacional, que se realiza en el Predio <strong>La Rural<\/strong> de Palermo, Ciudad Aut\u00f3noma de Buenos Aires (CABA). El acto fue el<strong> de julio en el Sal\u00f3n Auditorio, Pabell\u00f3n Azul.<\/strong> Tras el lanzamiento, se llev\u00f3 a cabo una degustaci\u00f3n de vinos sanjuaninos.<\/p>\n\n\n\n<div style=\"height:30px\" aria-hidden=\"true\" class=\"wp-block-spacer\"><\/div>\n\n\n<div class=\"wp-block-image\">\n<figure class=\"aligncenter size-full is-resized\"><a href=\"https:\/\/enolife.com.ar\/es\/wp-content\/uploads\/2024\/07\/Cata-de-San-Juan-2024-portada-e1721670438640.jpeg\" data-rel=\"penci-gallery-image-content\" ><img loading=\"lazy\" decoding=\"async\" src=\"https:\/\/enolife.com.ar\/es\/wp-content\/uploads\/2024\/07\/Cata-de-San-Juan-2024-portada-e1721670438640.jpeg\" alt=\"\" class=\"wp-image-120155\" width=\"612\" height=\"351\" srcset=\"https:\/\/enolife.com.ar\/es\/wp-content\/uploads\/2024\/07\/Cata-de-San-Juan-2024-portada-e1721670438640.jpeg 698w, https:\/\/enolife.com.ar\/es\/wp-content\/uploads\/2024\/07\/Cata-de-San-Juan-2024-portada-e1721670438640-300x172.jpeg 300w, https:\/\/enolife.com.ar\/es\/wp-content\/uploads\/2024\/07\/Cata-de-San-Juan-2024-portada-e1721670438640-585x335.jpeg 585w\" sizes=\"auto, (max-width: 612px) 100vw, 612px\" \/><\/a><\/figure><\/div>\n\n\n<div style=\"height:30px\" aria-hidden=\"true\" class=\"wp-block-spacer\"><\/div>\n\n\n\n<p>La actividad cont\u00f3 con la presencia de funcionarios provinciales y nacionales, encabezados por el ministro de Producci\u00f3n, Trabajo e Innovaci\u00f3n de San Juan, Gustavo Fern\u00e1ndez; el secretario de Agricultura, ganader\u00eda y Agroindustria de esa provincia, Miguel Moreno; el director de Desarrollo Vitivin\u00edcola, Juan Carlos Hidalgo, y la prensa especializada.<\/p>\n\n\n\n<div style=\"height:35px\" aria-hidden=\"true\" class=\"wp-block-spacer\"><\/div>\n\n\n\n<p class=\"has-medium-font-size\"><strong>Inscripci\u00f3n de vinos al concurso<\/strong><\/p>\n\n\n\n<p>En la Cata de Vinos de San Juan concursan no s\u00f3lo los vinos sanjuaninos, sino tambi\u00e9n de otras provincias argentinas por la medalla oro, gran oro y plata. Las categor\u00edas concursantes abarcan desde vinos b\u00e1sicos a premium, y pueden participar todas bodegas inscriptas en el INV y tambi\u00e9n elaboradores de Vinos de Autor.<\/p>\n\n\n\n<p>La <strong>inscripci\u00f3n<\/strong> de muestras comenz\u00f3 el 22 de julio y se extender\u00e1 <strong>hasta el pr\u00f3ximo 6 de setiembre<\/strong>, inclusive y se pueden realizar <a href=\"https:\/\/docs.google.com\/forms\/d\/1xH27C5fMScnAL5YtzuKJWLpZW7cpZa-pXmZ2A34qLvM\/viewform?edit_requested=true\" title=\"\"><strong>AQU\u00cd<\/strong><\/a>.  Las bases y condiciones y la inscripci\u00f3n de muestras se encuentran ingresando a la p\u00e1gina web <a href=\"http:\/\/www.consejodeenologos.com.ar\/\"><strong>http:\/\/www.consejodeenologos.com.ar\/<\/strong><\/a><\/p>\n\n\n\n<p>A trav\u00e9s de los a\u00f1os el n\u00famero de muestras fue creciendo hasta llegar a las 400, provenientes de todas las regiones vitivin\u00edcolas argentinas, y la calidad de los vinos determin\u00f3 que el porcentaje asignado para la evaluaci\u00f3n fuese creciendo por categor\u00eda. As\u00ed, de 91 a 94 puntos se asigna Medalla de Plata; de 95 a 97 puntos, Medalla de Oro y de 97 en adelante, Gran Oro.<\/p>\n\n\n\n<p>La ceremonia de entrega de premios ser\u00e1 realizada durante noviembre pr\u00f3ximo, en fecha y lugar a designar.<\/p>\n\n\n\n<div style=\"height:30px\" aria-hidden=\"true\" class=\"wp-block-spacer\"><\/div>\n","protected":false},"excerpt":{"rendered":"<p>Por 36 a\u00f1o consecutivo, el Consejo Profesional de En\u00f3logos de San Juan y el Centro&hellip;<\/p>\n","protected":false},"author":3,"featured_media":120159,"comment_status":"open","ping_status":"open","sticky":false,"template":"","format":"standard","meta":{"footnotes":""},"categories":[47],"tags":[],"class_list":["post-120147","post","type-post","status-publish","format-standard","has-post-thumbnail","hentry","category-agenda"],"_links":{"self":[{"href":"https:\/\/enolife.com.ar\/es\/wp-json\/wp\/v2\/posts\/120147","targetHints":{"allow":["GET"]}}],"collection":[{"href":"https:\/\/enolife.com.ar\/es\/wp-json\/wp\/v2\/posts"}],"about":[{"href":"https:\/\/enolife.com.ar\/es\/wp-json\/wp\/v2\/types\/post"}],"author":[{"embeddable":true,"href":"https:\/\/enolife.com.ar\/es\/wp-json\/wp\/v2\/users\/3"}],"replies":[{"embeddable":true,"href":"https:\/\/enolife.com.ar\/es\/wp-json\/wp\/v2\/comments?post=120147"}],"version-history":[{"count":0,"href":"https:\/\/enolife.com.ar\/es\/wp-json\/wp\/v2\/posts\/120147\/revisions"}],"wp:featuredmedia":[{"embeddable":true,"href":"https:\/\/enolife.com.ar\/es\/wp-json\/wp\/v2\/media\/120159"}],"wp:attachment":[{"href":"https:\/\/enolife.com.ar\/es\/wp-json\/wp\/v2\/media?parent=120147"}],"wp:term":[{"taxonomy":"category","embeddable":true,"href":"https:\/\/enolife.com.ar\/es\/wp-json\/wp\/v2\/categories?post=120147"},{"taxonomy":"post_tag","embeddable":true,"href":"https:\/\/enolife.com.ar\/es\/wp-json\/wp\/v2\/tags?post=120147"}],"curies":[{"name":"wp","href":"https:\/\/api.w.org\/{rel}","templated":true}]}}